{"id":1052,"date":"2020-11-04T18:21:38","date_gmt":"2020-11-04T15:21:38","guid":{"rendered":"http:\/\/mersinekonomipolitikagazetesi.com\/?p=1052"},"modified":"2020-11-04T18:21:38","modified_gmt":"2020-11-04T15:21:38","slug":"yenisehir-hastanesine-plaket","status":"publish","type":"post","link":"https:\/\/akdenizolaygazetesi.com\/?p=1052","title":{"rendered":"Yeni\u015fehir Hastanesine plaket"},"content":{"rendered":"<p>Mersin Giri\u015fimci \u0130\u015fadamlar\u0131 Derne\u011fi (G\u0130AD), Yeni\u015fehir Hastanesi y\u00f6netimine katk\u0131lar\u0131ndan dolay\u0131 plaketi verdi.<\/p>\n<p>Mersin G\u0130AD\u2019\u0131n 14. y\u0131l\u0131n\u0131 kutlad\u0131\u011f\u0131 baloda \u00d6zel Yeni\u015fehir Hastanesine te\u015fekk\u00fcr plaketi verildi. Plaketini, Mersin G\u0130AD Ba\u015fkan\u0131 Mehmet Serkan \u0130zol ve MTOSB Ba\u015fkan\u0131 Sabri Tekli&#8217;nin elinden alan hastanenin Y\u00f6netim Kurulu Ba\u015fkan\u0131 Mehmet Deniz \u00d6rener, &#8220;Gen\u00e7 giri\u015fimcilerin Mersin\u2019deki bulu\u015fma noktas\u0131 olan, kentimizin \u00f6nc\u00fc sivil toplum kurulu\u015flar\u0131ndan G\u0130AD ailesinin bir ferdi olmaktan gurur duyuyoruz. Olu\u015fturdu\u011fu sosyal sorumluluk projeleri ile fark yaratan, Mersinli i\u015f insanlar\u0131n\u0131n bulu\u015fma noktas\u0131 olan G\u0130AD\u2019\u0131 bundan sonraki d\u00f6nemlerde de desteklemeye devam edece\u011fiz. Bu aile b\u00fcy\u00fcd\u00fck\u00e7e, Mersin i\u00e7in yap\u0131lacak \u00e7al\u0131\u015fmalara y\u00f6n verece\u011fine inan\u0131yoruz. Bu g\u00fcne kadar oldu\u011fu gibi bundan sonraki d\u00f6nemde de derne\u011fimize olan katk\u0131lar\u0131m\u0131z devam edecek&#8221; dedi.<\/p>\n","protected":false},"excerpt":{"rendered":"<p>Mersin Giri\u015fimci \u0130\u015fadamlar\u0131 Derne\u011fi (G\u0130AD), Yeni\u015fehir Hastanesi y\u00f6netimine katk\u0131lar\u0131ndan dolay\u0131 plaketi verdi. Mersin G\u0130AD\u2019\u0131n 14. y\u0131l\u0131n\u0131 kutlad\u0131\u011f\u0131 baloda \u00d6zel Yeni\u015fehir Hastanesine te\u015fekk\u00fcr plaketi verildi. Plaketini, Mersin G\u0130AD Ba\u015fkan\u0131 Mehmet Serkan &hellip; <a href=\"https:\/\/akdenizolaygazetesi.com\/?p=1052\" class=\"more-link\">Devam\u0131n\u0131 Oku&#8230;<\/a><\/p>\n","protected":false},"author":1,"featured_media":0,"comment_status":"open","ping_status":"open","sticky":false,"template":"","format":"standard","meta":[],"categories":[],"tags":[],"_links":{"self":[{"href":"https:\/\/akdenizolaygazetesi.com\/index.php?rest_route=\/wp\/v2\/posts\/1052"}],"collection":[{"href":"https:\/\/akdenizolaygazetesi.com\/index.php?rest_route=\/wp\/v2\/posts"}],"about":[{"href":"https:\/\/akdenizolaygazetesi.com\/index.php?rest_route=\/wp\/v2\/types\/post"}],"author":[{"embeddable":true,"href":"https:\/\/akdenizolaygazetesi.com\/index.php?rest_route=\/wp\/v2\/users\/1"}],"replies":[{"embeddable":true,"href":"https:\/\/akdenizolaygazetesi.com\/index.php?rest_route=%2Fwp%2Fv2%2Fcomments&post=1052"}],"version-history":[{"count":0,"href":"https:\/\/akdenizolaygazetesi.com\/index.php?rest_route=\/wp\/v2\/posts\/1052\/revisions"}],"wp:attachment":[{"href":"https:\/\/akdenizolaygazetesi.com\/index.php?rest_route=%2Fwp%2Fv2%2Fmedia&parent=1052"}],"wp:term":[{"taxonomy":"category","embeddable":true,"href":"https:\/\/akdenizolaygazetesi.com\/index.php?rest_route=%2Fwp%2Fv2%2Fcategories&post=1052"},{"taxonomy":"post_tag","embeddable":true,"href":"https:\/\/akdenizolaygazetesi.com\/index.php?rest_route=%2Fwp%2Fv2%2Ftags&post=1052"}],"curies":[{"name":"wp","href":"https:\/\/api.w.org\/{rel}","templated":true}]}}