{"id":10532,"date":"2021-02-05T14:31:47","date_gmt":"2021-02-05T11:31:47","guid":{"rendered":"http:\/\/akdenizolaygazetesi.com\/?p=10532"},"modified":"2021-02-05T14:31:47","modified_gmt":"2021-02-05T11:31:47","slug":"gelecek-partisi-mtsoyu-ziyaret-etti","status":"publish","type":"post","link":"https:\/\/akdenizolaygazetesi.com\/?p=10532","title":{"rendered":"GELECEK PART\u0130S\u0130, MTSO\u2019YU Z\u0130YARET ETT\u0130"},"content":{"rendered":"<p>Mersin Ticaret ve Sanayi Odas\u0131 (MTSO) Meclis Ba\u015fkan\u0131 Hamit \u0130zol, Gelecek Partisi Mersin \u0130l Te\u015fkilat\u0131n\u0131<br \/>\na\u011f\u0131rlad\u0131.<\/p>\n<p>Toplumun farkl\u0131 kesimlerini temsil eden isimlerle bir araya gelerek, sekt\u00f6r\u00fcn sorunlar\u0131n ve g\u00fcndeme<br \/>\nili\u015fkin sohbetler ger\u00e7ekle\u015ftirin Gelecek Partisi Mersin \u0130l Te\u015fkilat\u0131 y\u00f6neticileri, MTSO Meclis Ba\u015fkan\u0131<br \/>\nHamit \u0130zol ile bir araya geldi. Mersin\u2019in ticaretteki ihtiya\u00e7lar\u0131 \u00fczerine sohbet edilen birliktelikte<br \/>\nGelecek Partisi Mersin Siyasi \u0130\u015fler Ba\u015fkan\u0131 Hakan Alaca, Y\u00f6netim Kurulu \u00dcyeleri ve Gelecek Partisi<br \/>\nYeni\u015fehir \u0130l\u00e7e Ba\u015fkan\u0131 Mustafa Bar\u0131\u015f Top\u00e7u yer ald\u0131.<\/p>\n<p>\u201cF\u0130K\u0130R ALI\u015eVER\u0130\u015e\u0130NDE BULUNDUK\u201d<\/p>\n<p>Ziyaretin ard\u0131ndan bir de\u011ferlendirme yapan Siyasi \u0130\u015fler Ba\u015fkan\u0131 Hakan Alaca, \u201cMersin\u2019imizin<br \/>\nihtiya\u00e7lar\u0131n\u0131 belirlemek ve sorunlar\u0131n\u0131 siyasetin g\u00fcndemine ta\u015f\u0131mak ad\u0131na ger\u00e7ekle\u015ftirdi\u011fimiz<br \/>\nziyaretlere Mersin Ticaret ve Sanayi Odas\u0131 Meclis Ba\u015fkan\u0131 Hamit \u0130zol ile devam etti. Kendisine bize<br \/>\ng\u00f6sterdi\u011fi ilgi ve alakadan \u00f6t\u00fcr\u00fc te\u015fekk\u00fcr ederiz. \u00c7ok verimli bir birliktelik ger\u00e7ekle\u015fti. Mersin\u2019in<br \/>\nihtiya\u00e7lar\u0131n\u0131n ve \u015fehrimizde ticaret ile u\u011fra\u015fan vatanda\u015flar\u0131m\u0131z\u0131n ihtiya\u00e7lar\u0131 hakk\u0131nda fikir al\u0131\u015fveri\u015finde<br \/>\nbulunduk\u201d dedi.<\/p>\n","protected":false},"excerpt":{"rendered":"<p>Mersin Ticaret ve Sanayi Odas\u0131 (MTSO) Meclis Ba\u015fkan\u0131 Hamit \u0130zol, Gelecek Partisi Mersin \u0130l Te\u015fkilat\u0131n\u0131 a\u011f\u0131rlad\u0131. Toplumun farkl\u0131 kesimlerini temsil eden isimlerle bir araya gelerek, sekt\u00f6r\u00fcn sorunlar\u0131n ve g\u00fcndeme ili\u015fkin &hellip; <a href=\"https:\/\/akdenizolaygazetesi.com\/?p=10532\" class=\"more-link\">Devam\u0131n\u0131 Oku&#8230;<\/a><\/p>\n","protected":false},"author":2,"featured_media":10533,"comment_status":"open","ping_status":"open","sticky":false,"template":"","format":"standard","meta":[],"categories":[8,34,1,2,3,5,6],"tags":[],"_links":{"self":[{"href":"https:\/\/akdenizolaygazetesi.com\/index.php?rest_route=\/wp\/v2\/posts\/10532"}],"collection":[{"href":"https:\/\/akdenizolaygazetesi.com\/index.php?rest_route=\/wp\/v2\/posts"}],"about":[{"href":"https:\/\/akdenizolaygazetesi.com\/index.php?rest_route=\/wp\/v2\/types\/post"}],"author":[{"embeddable":true,"href":"https:\/\/akdenizolaygazetesi.com\/index.php?rest_route=\/wp\/v2\/users\/2"}],"replies":[{"embeddable":true,"href":"https:\/\/akdenizolaygazetesi.com\/index.php?rest_route=%2Fwp%2Fv2%2Fcomments&post=10532"}],"version-history":[{"count":1,"href":"https:\/\/akdenizolaygazetesi.com\/index.php?rest_route=\/wp\/v2\/posts\/10532\/revisions"}],"predecessor-version":[{"id":10534,"href":"https:\/\/akdenizolaygazetesi.com\/index.php?rest_route=\/wp\/v2\/posts\/10532\/revisions\/10534"}],"wp:featuredmedia":[{"embeddable":true,"href":"https:\/\/akdenizolaygazetesi.com\/index.php?rest_route=\/wp\/v2\/media\/10533"}],"wp:attachment":[{"href":"https:\/\/akdenizolaygazetesi.com\/index.php?rest_route=%2Fwp%2Fv2%2Fmedia&parent=10532"}],"wp:term":[{"taxonomy":"category","embeddable":true,"href":"https:\/\/akdenizolaygazetesi.com\/index.php?rest_route=%2Fwp%2Fv2%2Fcategories&post=10532"},{"taxonomy":"post_tag","embeddable":true,"href":"https:\/\/akdenizolaygazetesi.com\/index.php?rest_route=%2Fwp%2Fv2%2Ftags&post=10532"}],"curies":[{"name":"wp","href":"https:\/\/api.w.org\/{rel}","templated":true}]}}