{"id":10535,"date":"2021-02-05T16:08:58","date_gmt":"2021-02-05T13:08:58","guid":{"rendered":"http:\/\/akdenizolaygazetesi.com\/?p=10535"},"modified":"2021-02-05T16:08:58","modified_gmt":"2021-02-05T13:08:58","slug":"chpli-ali-mahir-basarir-rtuk-harcama-konusunda-saraya-mi-ozeniyor","status":"publish","type":"post","link":"https:\/\/akdenizolaygazetesi.com\/?p=10535","title":{"rendered":"CHP\u2019L\u0130 AL\u0130 MAH\u0130R BA\u015eARIR: \u201cRT\u00dcK HARCAMA KONUSUNDA SARAY\u2019A MI \u00d6ZEN\u0130YOR?\u201d"},"content":{"rendered":"<p>CHP Mersin Milletvekili ve Parti Meclisi \u00dcyesi Ali Mahir Ba\u015far\u0131r Radyo Televizyon \u00dcst Kurulu(RT\u00dcK)\u2019nun yak\u0131n zamana kadar devletin kasas\u0131na para aktaran bir kurum iken bug\u00fcn arsa satan bir kurum haline gelmesini Melis G\u00fcndemine ta\u015f\u0131d\u0131.<\/p>\n<p>RT\u00dcK\u2019\u00fcn Adana\u2019daki arsas\u0131n\u0131 9 Mart 2021\u2019de ihale ile sat\u0131\u015fa \u00e7\u0131karaca\u011f\u0131n\u0131 belirten CHP\u2019li Ba\u015far\u0131r, \u201cRT\u00dcK yak\u0131n zamana kadar 3 ayl\u0131k periyotlar halinde hazineye gelir sa\u011flayan bir kurumdu. Ne oldu da \u015fimdi arsas\u0131n\u0131 satan bir kurum haline geldi. Y\u0131llard\u0131r devletin kasas\u0131na para aktaran bir kurumun bu hale gelmesinin nedenleri a\u00e7\u0131klanmal\u0131d\u0131r. RT\u00dcK\u2019\u00fcn bu hale gelmesi, son y\u0131llarda ba\u015fkanl\u0131\u011f\u0131n\u0131 yapanlar\u0131n beceriksizli\u011finden mi yoksa \u00fclkenin ekonomik olarak art\u0131k t\u00fckendi\u011finden mi oldu\u011fu tespit edilmelidir\u201d dedi.<\/p>\n<p>\u00dclkedeki kaynaklar\u0131n sorumsuzca harcand\u0131\u011f\u0131n\u0131 belirten CHP\u2019li Ba\u015far\u0131r, \u201cAcaba RT\u00dcK harcama konusunda Saray\u2019a m\u0131 \u00f6zeniyor? E\u011fer harcama konusunda \u00fclkemizdeki devlet kurumlar\u0131 Saray\u2019\u0131 kendilerine \u00f6rnek al\u0131yorlarsa vay halimize. Her devlet kurumu harcama yaparken 83 milyon vatanda\u015f\u0131n paras\u0131n\u0131 harcad\u0131\u011f\u0131n\u0131n bilincinde olmal\u0131. 2019 Say\u0131\u015ftay Raporu\u2019nda RT\u00dcK\u2019\u00fcn, do\u011frudan teminle sat\u0131n alma hakk\u0131 olan %10 s\u0131n\u0131r\u0131n\u0131 a\u015ft\u0131\u011f\u0131 ve Kamu \u0130hale Kurulu\u2019nun g\u00f6r\u00fc\u015f\u00fcn\u00fc almadan iki kat\u0131ndan fazla %20,64\u2019e tekab\u00fcl eden toplam 5.239.964,39 TL&#8217;lik do\u011frudan al\u0131m yapt\u0131\u011f\u0131 bilgileri yer ald\u0131. Bu yap\u0131lan harcamalar\u0131n sorumsuzca yap\u0131ld\u0131\u011f\u0131n\u0131n bir kan\u0131t\u0131d\u0131r\u201d s\u00f6zlerini dile getirdi.<\/p>\n<p>CHP Mersin Milletvekili Ali Mahir Ba\u015far\u0131r, K\u00fclt\u00fcr Ve Turizm Bakan\u0131 Mehmet Nuri Ersoy\u2019un yan\u0131tlamas\u0131 istemi ile vermi\u015f oldu\u011fu \u00f6nergesinde;<\/p>\n<p>\u201cYak\u0131n bir zamana kadar 3 ayl\u0131k periyotlarla Hazineye gelir aktarabilen Radyo ve Televizyon \u00dcst Kurulu (RT\u00dcK), ne yaz\u0131k ki kendisine kaynak yaratmak i\u00e7in arsas\u0131n\u0131 sat\u0131\u015fa \u00e7\u0131karan bir kurum haline gelmi\u015ftir.<\/p>\n<p>RT\u00dcK\u2019\u00fcn Adana \u015fehir merkezindeki 3 bin 365 metrekare arsas\u0131, 9 Mart 2021\u2019de yap\u0131lacak ihaleyle 27 milyon TL bedelle sat\u0131\u015fa \u00e7\u0131kar\u0131lm\u0131\u015ft\u0131r.<\/p>\n<p>RT\u00dcK, 2019 y\u0131l\u0131nda 40 milyon, 2020 y\u0131l\u0131nda 50 milyon, 2021 y\u0131l\u0131nda da 65 milyon olmak \u00fczere 3 y\u0131lda toplam 155 milyon liray\u0131 b\u00fct\u00e7eden alm\u0131\u015ft\u0131r. RT\u00dcK\u2019\u00fcn tarihinde b\u00f6yle bir duruma rastlanmam\u0131\u015ft\u0131r.<\/p>\n<p>Ayr\u0131ca, 2019 Say\u0131\u015ftay Raporu\u2019nda RT\u00dcK\u2019\u00fcn, do\u011frudan teminle sat\u0131n alma hakk\u0131 olan %10 s\u0131n\u0131r\u0131n\u0131 a\u015ft\u0131\u011f\u0131 ve Kamu \u0130hale Kurulu\u2019nun g\u00f6r\u00fc\u015f\u00fcn\u00fc almadan iki kat\u0131ndan fazla %20,64\u2019e tekab\u00fcl eden toplam 5.239.964,39 TL&#8217;lik do\u011frudan al\u0131m yapt\u0131\u011f\u0131 bilgileri yer alm\u0131\u015ft\u0131r.\u201d a\u00e7\u0131klamalar\u0131na yer vererek \u015fu sorular\u0131n yan\u0131tlanmas\u0131n\u0131 istedi:<\/p>\n<p>Devletin kasas\u0131na gelir sa\u011flayan RT\u00dcK, hangi gerek\u00e7elerle kaynak s\u0131k\u0131nt\u0131s\u0131na girmi\u015f ve gelir sa\u011flamak i\u00e7in arsas\u0131n\u0131 sat\u0131\u015fa \u00e7\u0131karm\u0131\u015ft\u0131r?<\/p>\n<p>Son 10 y\u0131lda y\u0131llar itibar\u0131yla RT\u00dcK, hazineye ne kadar gelir sa\u011flam\u0131\u015ft\u0131r?<\/p>\n<p>Son 5 y\u0131lda y\u0131llar itibar\u0131yla RT\u00dcK\u2019\u00fcn Ba\u015fkanl\u0131k makam\u0131n\u0131n temsil ve a\u011f\u0131rlama giderleri ka\u00e7 TL\u2019dir?<\/p>\n<p>Devletin kasas\u0131na para koyan RT\u00dcK\u2019\u00fcn, gelir sa\u011flamak i\u00e7in arsa sat\u0131\u015f\u0131na giden bir kuruma d\u00f6n\u00fc\u015fmesi \u00fclke ekonomisinin s\u0131k\u0131nt\u0131da oldu\u011funun bir g\u00f6stergesi de\u011fil midir?<\/p>\n<p>RT\u00dcK\u2019\u00fcn arsa satan bir kurum haline gelmesinde, 2019 Say\u0131\u015ftay Raporu\u2019nda belirtilen do\u011frudan teminle sat\u0131n alma hakk\u0131n\u0131 mevzuata ayk\u0131r\u0131 olarak iki kat\u0131na \u00e7\u0131karmas\u0131yla bir ili\u015fki yok mudur?<\/p>\n","protected":false},"excerpt":{"rendered":"<p>CHP Mersin Milletvekili ve Parti Meclisi \u00dcyesi Ali Mahir Ba\u015far\u0131r Radyo Televizyon \u00dcst Kurulu(RT\u00dcK)\u2019nun yak\u0131n zamana kadar devletin kasas\u0131na para aktaran bir kurum iken bug\u00fcn arsa satan bir kurum haline &hellip; <a href=\"https:\/\/akdenizolaygazetesi.com\/?p=10535\" class=\"more-link\">Devam\u0131n\u0131 Oku&#8230;<\/a><\/p>\n","protected":false},"author":2,"featured_media":10536,"comment_status":"open","ping_status":"open","sticky":false,"template":"","format":"standard","meta":[],"categories":[34,1,2,3,6],"tags":[],"_links":{"self":[{"href":"https:\/\/akdenizolaygazetesi.com\/index.php?rest_route=\/wp\/v2\/posts\/10535"}],"collection":[{"href":"https:\/\/akdenizolaygazetesi.com\/index.php?rest_route=\/wp\/v2\/posts"}],"about":[{"href":"https:\/\/akdenizolaygazetesi.com\/index.php?rest_route=\/wp\/v2\/types\/post"}],"author":[{"embeddable":true,"href":"https:\/\/akdenizolaygazetesi.com\/index.php?rest_route=\/wp\/v2\/users\/2"}],"replies":[{"embeddable":true,"href":"https:\/\/akdenizolaygazetesi.com\/index.php?rest_route=%2Fwp%2Fv2%2Fcomments&post=10535"}],"version-history":[{"count":1,"href":"https:\/\/akdenizolaygazetesi.com\/index.php?rest_route=\/wp\/v2\/posts\/10535\/revisions"}],"predecessor-version":[{"id":10537,"href":"https:\/\/akdenizolaygazetesi.com\/index.php?rest_route=\/wp\/v2\/posts\/10535\/revisions\/10537"}],"wp:featuredmedia":[{"embeddable":true,"href":"https:\/\/akdenizolaygazetesi.com\/index.php?rest_route=\/wp\/v2\/media\/10536"}],"wp:attachment":[{"href":"https:\/\/akdenizolaygazetesi.com\/index.php?rest_route=%2Fwp%2Fv2%2Fmedia&parent=10535"}],"wp:term":[{"taxonomy":"category","embeddable":true,"href":"https:\/\/akdenizolaygazetesi.com\/index.php?rest_route=%2Fwp%2Fv2%2Fcategories&post=10535"},{"taxonomy":"post_tag","embeddable":true,"href":"https:\/\/akdenizolaygazetesi.com\/index.php?rest_route=%2Fwp%2Fv2%2Ftags&post=10535"}],"curies":[{"name":"wp","href":"https:\/\/api.w.org\/{rel}","templated":true}]}}