{"id":10538,"date":"2021-02-05T16:13:04","date_gmt":"2021-02-05T13:13:04","guid":{"rendered":"http:\/\/akdenizolaygazetesi.com\/?p=10538"},"modified":"2021-02-05T16:13:04","modified_gmt":"2021-02-05T13:13:04","slug":"chpli-antmenden-mersin-buyuksehir-saldirilarina-sert-tepki","status":"publish","type":"post","link":"https:\/\/akdenizolaygazetesi.com\/?p=10538","title":{"rendered":"CHP\u2019L\u0130 ANTMEN\u2019DEN MERS\u0130N B\u00dcY\u00dcK\u015eEH\u0130R SALDIRILARINA SERT TEPK\u0130"},"content":{"rendered":"<p>1 \u015eubat\u2019ta Mersin B\u00fcy\u00fck\u015fehir Belediyesi ana hizmet binas\u0131 olan Ta\u015f Bina\u2019ya yap\u0131lan yan\u0131c\u0131 maddeli sald\u0131r\u0131 ve sonras\u0131nda MESK\u0130\u2019nin K\u0131zkalesi ve Kocahasanl\u0131 i\u00e7mesuyu terfi merkezine yap\u0131lan sald\u0131r\u0131lar ile ilgili CHP Mersin Milletvekili Alpay Antmen bir bas\u0131n a\u00e7\u0131klamas\u0131 yapt\u0131.<\/p>\n<p>\u2018\u2019YAPILANLAR VE PLANLI SALDIRILAR TEK KEL\u0130ME \u0130LE AL\u00c7AKLIK\u2019\u2019<\/p>\n<p>CHP Mersin Milletvekili Alpay Antmen yap\u0131lan bu sald\u0131r\u0131lara a\u00e7\u0131klamas\u0131nda tepki g\u00f6stererek, sald\u0131r\u0131lar\u0131n organize karanl\u0131k bir oda\u011f\u0131n \u00fcr\u00fcn\u00fc oldu\u011funu ifade etti.<\/p>\n<p>Antmen, a\u00e7\u0131klamas\u0131nda \u015fu c\u00fcmleleri kulland\u0131: \u2018\u2019 Mersin&#8217;e yerel se\u00e7imlerde bahar\u0131n gelmesini hazmedemeyen baz\u0131 organize karanl\u0131k su\u00e7 \u00f6rg\u00fctleri, planl\u0131 bir \u015fekilde Mersin B\u00fcy\u00fck\u015fehir Belediye birimlerine sald\u0131r\u0131yor. Ne Mersin B\u00fcy\u00fck\u015fehir Belediyemiz ne de Mersinli vatanda\u015flar\u0131m\u0131z bu karanl\u0131k yap\u0131 kar\u015f\u0131s\u0131nda yaln\u0131z de\u011fildir. Mersin B\u00fcy\u00fck\u015fehir Belediyesi\u2019nin Vahap Se\u00e7er y\u00f6netimiyle birlikte ranta de\u011fil halka ve Mersinli\u2019ye hizmet etmeye ba\u015flamas\u0131 \u00e7etelerde rahats\u0131zl\u0131klara sebep oluyor. Yap\u0131lanlar ve planl\u0131 sald\u0131r\u0131lar tek kelime ile al\u00e7akl\u0131k.\u2019\u2019<\/p>\n<p>SALDIRI \u00d6NCES\u0130NDE YAPILAN A\u00c7IKLAMALAR D\u0130KKAT \u00c7EK\u0130C\u0130<\/p>\n<p>A\u00e7\u0131klamas\u0131n\u0131n devam\u0131nda B\u00fcy\u00fck\u015fehir Belediyesi ta\u015f binaya yap\u0131lan sald\u0131r\u0131 \u00f6ncesinde sosyal medyada belediyeyi hedef alan a\u00e7\u0131klamalar yap\u0131ld\u0131\u011f\u0131na ve hemen ard\u0131ndan da saat 5:00\u2019da mesai i\u00e7inde molotofkokteyli sald\u0131r\u0131 yap\u0131ld\u0131\u011f\u0131na dikkat \u00e7eken Antmen, \u2018\u2019 Bu da sald\u0131r\u0131lar\u0131n sistematik ve planl\u0131 yap\u0131ld\u0131\u011f\u0131n\u0131 bizlere g\u00f6steriyor. \u00d6zellikle sald\u0131r\u0131 \u00f6ncesinde yap\u0131lan a\u00e7\u0131klamalar dikkat \u00e7ekici. Bu g\u00f6z\u00fc d\u00f6nm\u00fc\u015f ve akl\u0131n\u0131 yitirmi\u015f sald\u0131rgan grup, Mersinli vatanda\u015flar\u0131m\u0131z\u0131n i\u00e7me suyuna sald\u0131racak kadar al\u00e7alm\u0131\u015f durumdalar. Ama kimse korkmas\u0131n ne Mersin B\u00fcy\u00fck\u015fehir Belediyemiz ne de hem\u015ferilerimiz yaln\u0131z de\u011fil. Bu korkak \u00e7eteye pabu\u00e7 b\u0131rakmay\u0131z. Mersin bar\u0131\u015f ve huzur kentidir ve \u00f6yle kalacakt\u0131r. Bunu bozmak isteyen malum mihraklar\u0131n g\u00fczel Mersin\u2019i bize zarar vermesine sessiz kalmayaca\u011f\u0131z. Belirli ki\u015filer taraf\u0131ndan tahrik ve dizayn edilen bu al\u00e7ak sald\u0131r\u0131lara kar\u015f\u0131 birlik ve beraberli\u011fini bozmayaca\u011f\u0131z. Aksine Mersin\u2019de ya\u015fayan herkes bu al\u00e7akl\u0131klar kar\u015f\u0131s\u0131nda birle\u015fecektir. Mersin B\u00fcy\u00fck\u015fehir Belediye Ba\u015fkan\u0131m\u0131z Vahap se\u00e7er g\u00f6reve geldi\u011fi g\u00fcnden bu yana \u00f6zveriyle \u015fehrine hizmet eden tertemiz bir siyaset\u00e7i ve yerel y\u00f6neticidir. Onu hedef alan kirli emel sahipleri asla ama\u00e7lar\u0131na ula\u015famayacakt\u0131r.\u2019\u2019 \u015feklinde konu\u015ftu.<\/p>\n","protected":false},"excerpt":{"rendered":"<p>1 \u015eubat\u2019ta Mersin B\u00fcy\u00fck\u015fehir Belediyesi ana hizmet binas\u0131 olan Ta\u015f Bina\u2019ya yap\u0131lan yan\u0131c\u0131 maddeli sald\u0131r\u0131 ve sonras\u0131nda MESK\u0130\u2019nin K\u0131zkalesi ve Kocahasanl\u0131 i\u00e7mesuyu terfi merkezine yap\u0131lan sald\u0131r\u0131lar ile ilgili CHP Mersin &hellip; <a href=\"https:\/\/akdenizolaygazetesi.com\/?p=10538\" class=\"more-link\">Devam\u0131n\u0131 Oku&#8230;<\/a><\/p>\n","protected":false},"author":2,"featured_media":10539,"comment_status":"open","ping_status":"open","sticky":false,"template":"","format":"standard","meta":[],"categories":[34,1,2,3,5,6],"tags":[],"_links":{"self":[{"href":"https:\/\/akdenizolaygazetesi.com\/index.php?rest_route=\/wp\/v2\/posts\/10538"}],"collection":[{"href":"https:\/\/akdenizolaygazetesi.com\/index.php?rest_route=\/wp\/v2\/posts"}],"about":[{"href":"https:\/\/akdenizolaygazetesi.com\/index.php?rest_route=\/wp\/v2\/types\/post"}],"author":[{"embeddable":true,"href":"https:\/\/akdenizolaygazetesi.com\/index.php?rest_route=\/wp\/v2\/users\/2"}],"replies":[{"embeddable":true,"href":"https:\/\/akdenizolaygazetesi.com\/index.php?rest_route=%2Fwp%2Fv2%2Fcomments&post=10538"}],"version-history":[{"count":1,"href":"https:\/\/akdenizolaygazetesi.com\/index.php?rest_route=\/wp\/v2\/posts\/10538\/revisions"}],"predecessor-version":[{"id":10540,"href":"https:\/\/akdenizolaygazetesi.com\/index.php?rest_route=\/wp\/v2\/posts\/10538\/revisions\/10540"}],"wp:featuredmedia":[{"embeddable":true,"href":"https:\/\/akdenizolaygazetesi.com\/index.php?rest_route=\/wp\/v2\/media\/10539"}],"wp:attachment":[{"href":"https:\/\/akdenizolaygazetesi.com\/index.php?rest_route=%2Fwp%2Fv2%2Fmedia&parent=10538"}],"wp:term":[{"taxonomy":"category","embeddable":true,"href":"https:\/\/akdenizolaygazetesi.com\/index.php?rest_route=%2Fwp%2Fv2%2Fcategories&post=10538"},{"taxonomy":"post_tag","embeddable":true,"href":"https:\/\/akdenizolaygazetesi.com\/index.php?rest_route=%2Fwp%2Fv2%2Ftags&post=10538"}],"curies":[{"name":"wp","href":"https:\/\/api.w.org\/{rel}","templated":true}]}}