{"id":1054,"date":"2020-11-04T18:21:38","date_gmt":"2020-11-04T15:21:38","guid":{"rendered":"http:\/\/mersinekonomipolitikagazetesi.com\/?p=1054"},"modified":"2020-11-04T18:21:38","modified_gmt":"2020-11-04T15:21:38","slug":"fetoden-gozaltina-alinan-eski-vekil-tutuklama-talebiyle-mahkemeye-sevk-edildi","status":"publish","type":"post","link":"https:\/\/akdenizolaygazetesi.com\/?p=1054","title":{"rendered":"FET\u00d6&#8217;den g\u00f6zalt\u0131na al\u0131nan eski vekil tutuklama talebiyle mahkemeye sevk edildi"},"content":{"rendered":"<p>Mersin&#8217;de Fetullah\u00e7\u0131 Ter\u00f6r \u00d6rg\u00fct\u00fc\/Paralel Devlet Yap\u0131lanmas\u0131 (FET\u00d6\/PDY) soru\u015fturmas\u0131 kapsam\u0131nda g\u00f6zalt\u0131na al\u0131nan eski Mersin Milletvekili Ahmet Tevfik Uzun, tutuklanma talebiyle mahkemeye sevk edildi.<\/p>\n<p>Edinilen bilgiye g\u00f6re, Mersin Cumhuriyet Ba\u015fsavc\u0131l\u0131\u011f\u0131nca 15 Temmuz darbe giri\u015fimi ile anayasal d\u00fczeni de\u011fi\u015ftirmek ve ter\u00f6r \u00f6rg\u00fct\u00fcne \u00fcyelik su\u00e7lar\u0131ndan \u00f6nceki g\u00fcn g\u00f6zalt\u0131na al\u0131nan 24. D\u00f6nem AK Parti Mersin Milletvekili Ahmet Tevfik Uzun, bug\u00fcn adliyeye sevk edildi. Uzun, savc\u0131l\u0131ktaki ifadesinin ard\u0131ndan tutuklanma talebiyle mahkemeye \u00e7\u0131kar\u0131ld\u0131.<\/p>\n","protected":false},"excerpt":{"rendered":"<p>Mersin&#8217;de Fetullah\u00e7\u0131 Ter\u00f6r \u00d6rg\u00fct\u00fc\/Paralel Devlet Yap\u0131lanmas\u0131 (FET\u00d6\/PDY) soru\u015fturmas\u0131 kapsam\u0131nda g\u00f6zalt\u0131na al\u0131nan eski Mersin Milletvekili Ahmet Tevfik Uzun, tutuklanma talebiyle mahkemeye sevk edildi. Edinilen bilgiye g\u00f6re, Mersin Cumhuriyet Ba\u015fsavc\u0131l\u0131\u011f\u0131nca 15 Temmuz &hellip; <a href=\"https:\/\/akdenizolaygazetesi.com\/?p=1054\" class=\"more-link\">Devam\u0131n\u0131 Oku&#8230;<\/a><\/p>\n","protected":false},"author":1,"featured_media":0,"comment_status":"open","ping_status":"open","sticky":false,"template":"","format":"standard","meta":[],"categories":[],"tags":[],"_links":{"self":[{"href":"https:\/\/akdenizolaygazetesi.com\/index.php?rest_route=\/wp\/v2\/posts\/1054"}],"collection":[{"href":"https:\/\/akdenizolaygazetesi.com\/index.php?rest_route=\/wp\/v2\/posts"}],"about":[{"href":"https:\/\/akdenizolaygazetesi.com\/index.php?rest_route=\/wp\/v2\/types\/post"}],"author":[{"embeddable":true,"href":"https:\/\/akdenizolaygazetesi.com\/index.php?rest_route=\/wp\/v2\/users\/1"}],"replies":[{"embeddable":true,"href":"https:\/\/akdenizolaygazetesi.com\/index.php?rest_route=%2Fwp%2Fv2%2Fcomments&post=1054"}],"version-history":[{"count":0,"href":"https:\/\/akdenizolaygazetesi.com\/index.php?rest_route=\/wp\/v2\/posts\/1054\/revisions"}],"wp:attachment":[{"href":"https:\/\/akdenizolaygazetesi.com\/index.php?rest_route=%2Fwp%2Fv2%2Fmedia&parent=1054"}],"wp:term":[{"taxonomy":"category","embeddable":true,"href":"https:\/\/akdenizolaygazetesi.com\/index.php?rest_route=%2Fwp%2Fv2%2Fcategories&post=1054"},{"taxonomy":"post_tag","embeddable":true,"href":"https:\/\/akdenizolaygazetesi.com\/index.php?rest_route=%2Fwp%2Fv2%2Ftags&post=1054"}],"curies":[{"name":"wp","href":"https:\/\/api.w.org\/{rel}","templated":true}]}}