{"id":10541,"date":"2021-02-05T20:30:20","date_gmt":"2021-02-05T17:30:20","guid":{"rendered":"http:\/\/akdenizolaygazetesi.com\/?p=10541"},"modified":"2021-02-05T20:30:20","modified_gmt":"2021-02-05T17:30:20","slug":"ak-parti-mkyk-kurulu-uyesi-oznur-caliktan-baskan-gultaka-ziyaret","status":"publish","type":"post","link":"https:\/\/akdenizolaygazetesi.com\/?p=10541","title":{"rendered":"AK PART\u0130 MKYK KURULU \u00dcYES\u0130 \u00d6ZNUR \u00c7ALIK&#8217;TAN BA\u015eKAN G\u00dcLTAK&#8217;A Z\u0130YARET"},"content":{"rendered":"<p>AK Parti Merkez Karar Y\u00f6netim Kurulu (MKYK) \u00dcyesi ve Malatya Milletvekili \u00d6znur \u00c7al\u0131k, Akdeniz<br \/>\nBelediye Ba\u015fkan\u0131 M. Mustafa G\u00fcltak&#8217;\u0131 makam\u0131nda ziyaret etti. \u00c7al\u0131k, &#8220;Akdeniz, Mersin&#8217;in derdiyle dertlenen,<br \/>\nAK Belediyecili\u011fi Mersin\u2019de hissettirmek i\u00e7in elinden gelen t\u00fcm \u00e7abay\u0131 sa\u011flayan Mustafa G\u00fcltak<br \/>\nBa\u015fkan\u0131m\u0131za emanet. Kendisine te\u015fekk\u00fcr ediyorum; ba\u015far\u0131lar\u0131n\u0131n devam\u0131n\u0131 diliyorum&#8221; dedi.<\/p>\n<p>\u00d6znur \u00c7al\u0131k&#8217;\u0131n ger\u00e7ekle\u015ftirdi\u011fi ziyarete Mersin Milletvekilleri Zeynep G\u00fcl Y\u0131lmaz, Hac\u0131 \u00d6zkan, Ali Cumhur<br \/>\nTa\u015fk\u0131n ve AK Parti Mersin \u0130l Ba\u015fkan\u0131 Cesim Ercik ile Akdeniz \u0130l\u00e7e Ba\u015fkan\u0131 Emin Gen\u00e7 de kat\u0131ld\u0131.<br \/>\nBeraberindeki heyet ile belediye binas\u0131n\u0131 gezerek \u00e7al\u0131\u015fanlarla sohbet eden \u00c7al\u0131k, Akdeniz Belediyesi Beyaz<br \/>\nMasa ekibinin \u00f6zveri ve g\u00fcler y\u00fczle \u00e7al\u0131\u015fmas\u0131ndan duydu\u011fu memnuniyeti dile getirdi.<\/p>\n<p>\u00c7al\u0131k; &#8220;G\u00fcltak, Mersinlilerin derdiyle dertleniyor&#8221;<\/p>\n<p>\u00c7al\u0131k ziyarette yapt\u0131\u011f\u0131 konu\u015fmada, &#8220;Bug\u00fcn, Akdeniz\u2019in \u0130ncisi Mersin\u2019imizin en g\u00f6zde il\u00e7esi Akdeniz\u2019deyiz.<br \/>\nAkdeniz; \u00e7ok tecr\u00fcbeli bir isme, AK Parti\u2019nin kuruldu\u011fu andan itibaren emek veren ve \u00e7ile \u00e7eken, Mersin ve<br \/>\nMersinlilerin derdiyle dertlenen k\u0131ymetli karde\u015fimiz Mustafa G\u00fcltak\u2019a emanet. G\u00f6reve geldi\u011fi ilk andan<br \/>\nitibaren, siyasi tecr\u00fcbesi, meclis tecr\u00fcbesi, hem de yerel y\u00f6netimlerdeki tecr\u00fcbesiyle Akdeniz\u2019e hizmet<br \/>\netmek i\u00e7in, AK Belediyecili\u011fi Akdeniz ve Mersin\u2019de hissettirmek i\u00e7in elinden gelen t\u00fcm \u00e7abay\u0131 sa\u011fl\u0131yor&#8221;<br \/>\ndedi.<\/p>\n<p>&#8220;Ba\u015fkan\u0131m\u0131z t\u00fcm il\u00e7eye hizmet vermek i\u00e7in m\u00fccadele ediyor&#8221;<\/p>\n<p>Mersin\u2019in 2 milyona yak\u0131n n\u00fcfusu oldu\u011funa dikkat \u00e7eken \u00c7al\u0131k, &#8220;Akdeniz\u2019in de gece n\u00fcfusu 260 bin; g\u00fcnd\u00fcz<br \/>\nd\u00f6neminde 800 bine kadar \u00e7\u0131kan bir n\u00fcfusa sahip. Ba\u015fkan\u0131m\u0131z; t\u00fcm il\u00e7eye ve 65 mahalleye hizmet vermek<br \/>\ni\u00e7in m\u00fccadele ediyor. Kentsel d\u00f6n\u00fc\u015f\u00fcmler dahil olmak \u00fczere h\u00fck\u00fcmetimizin t\u00fcm yat\u0131r\u0131mlar\u0131n\u0131 almak i\u00e7in<br \/>\nde milletvekili arkada\u015flar\u0131m\u0131zla birlikte \u00e7aba sarf ediyor.<\/p>\n<p>Mersin\u2019in \u00e7ok \u00f6nemli ve k\u0131ymetli bir de\u011feri, Hazine ve Maliye Bakan\u0131m\u0131z Say\u0131n L\u00fctfi Elvan\u2019\u0131n da<br \/>\ndestekleriyle Akdeniz Belediyesi, inan\u0131lmaz g\u00fczel AK Belediyecili\u011fi Mersinli hem\u015ferilerimize hissettiriyor.<br \/>\nBu vesileyle, Mustafa G\u00fcltak Ba\u015fkan\u0131m\u0131za, k\u0131ymetli belediye meclis \u00fcyelerimize, Cumhur \u0130ttifak\u0131m\u0131za,<br \/>\nmilletvekili arkada\u015flar\u0131m\u0131za ve de\u011ferli il ba\u015fkan\u0131ma \u00e7ok te\u015fekk\u00fcr ediyorum\u201d diye konu\u015ftu. Ba\u015fkan G\u00fcltak<br \/>\nda \u00d6znur \u00c7al\u0131k ve beraberindeki heyete ziyaretlerinden \u00f6t\u00fcr\u00fc te\u015fekk\u00fcr ederek memnuniyetini dile getirdi.<\/p>\n","protected":false},"excerpt":{"rendered":"<p>AK Parti Merkez Karar Y\u00f6netim Kurulu (MKYK) \u00dcyesi ve Malatya Milletvekili \u00d6znur \u00c7al\u0131k, Akdeniz Belediye Ba\u015fkan\u0131 M. Mustafa G\u00fcltak&#8217;\u0131 makam\u0131nda ziyaret etti. \u00c7al\u0131k, &#8220;Akdeniz, Mersin&#8217;in derdiyle dertlenen, AK Belediyecili\u011fi Mersin\u2019de &hellip; <a href=\"https:\/\/akdenizolaygazetesi.com\/?p=10541\" class=\"more-link\">Devam\u0131n\u0131 Oku&#8230;<\/a><\/p>\n","protected":false},"author":2,"featured_media":10543,"comment_status":"open","ping_status":"open","sticky":false,"template":"","format":"standard","meta":[],"categories":[34,1,2,3,5,6],"tags":[],"_links":{"self":[{"href":"https:\/\/akdenizolaygazetesi.com\/index.php?rest_route=\/wp\/v2\/posts\/10541"}],"collection":[{"href":"https:\/\/akdenizolaygazetesi.com\/index.php?rest_route=\/wp\/v2\/posts"}],"about":[{"href":"https:\/\/akdenizolaygazetesi.com\/index.php?rest_route=\/wp\/v2\/types\/post"}],"author":[{"embeddable":true,"href":"https:\/\/akdenizolaygazetesi.com\/index.php?rest_route=\/wp\/v2\/users\/2"}],"replies":[{"embeddable":true,"href":"https:\/\/akdenizolaygazetesi.com\/index.php?rest_route=%2Fwp%2Fv2%2Fcomments&post=10541"}],"version-history":[{"count":1,"href":"https:\/\/akdenizolaygazetesi.com\/index.php?rest_route=\/wp\/v2\/posts\/10541\/revisions"}],"predecessor-version":[{"id":10544,"href":"https:\/\/akdenizolaygazetesi.com\/index.php?rest_route=\/wp\/v2\/posts\/10541\/revisions\/10544"}],"wp:featuredmedia":[{"embeddable":true,"href":"https:\/\/akdenizolaygazetesi.com\/index.php?rest_route=\/wp\/v2\/media\/10543"}],"wp:attachment":[{"href":"https:\/\/akdenizolaygazetesi.com\/index.php?rest_route=%2Fwp%2Fv2%2Fmedia&parent=10541"}],"wp:term":[{"taxonomy":"category","embeddable":true,"href":"https:\/\/akdenizolaygazetesi.com\/index.php?rest_route=%2Fwp%2Fv2%2Fcategories&post=10541"},{"taxonomy":"post_tag","embeddable":true,"href":"https:\/\/akdenizolaygazetesi.com\/index.php?rest_route=%2Fwp%2Fv2%2Ftags&post=10541"}],"curies":[{"name":"wp","href":"https:\/\/api.w.org\/{rel}","templated":true}]}}