{"id":10545,"date":"2021-02-05T20:35:09","date_gmt":"2021-02-05T17:35:09","guid":{"rendered":"http:\/\/akdenizolaygazetesi.com\/?p=10545"},"modified":"2021-02-05T20:35:09","modified_gmt":"2021-02-05T17:35:09","slug":"6-ve-7-etap-imar-planlari-toroslar-belediye-meclisinde-oy-birligi-ile-kabul-edildi","status":"publish","type":"post","link":"https:\/\/akdenizolaygazetesi.com\/?p=10545","title":{"rendered":"6. ve 7. ETAP \u0130MAR PLANLARI, TOROSLAR BELED\u0130YE MECL\u0130S\u0130NDE OY B\u0130RL\u0130\u011e\u0130 \u0130LE KABUL ED\u0130LD\u0130"},"content":{"rendered":"<p>Toroslar &#8216;\u0131n 6. ve 7. Etap 1\/1000 \u00f6l\u00e7ekli \u0130mar Planlar\u0131, Toroslar Belediye Meclisi&#8217;nde oy birli\u011fiyle kabul edildi.<\/p>\n<p>Toroslar Belediye Ba\u015fkan\u0131 Ats\u0131z Af\u015f\u0131n Y\u0131lmaz, Toroslar&#8217;\u0131 gelece\u011fe ta\u015f\u0131yacak g\u00fczel bir \u00e7al\u0131\u015fmaya imza att\u0131klar\u0131n\u0131 s\u00f6yleyerek; &#8220;Toroslar\u0131m\u0131z\u0131 modern \u015fehircili\u011fin yenilikleriyle bulu\u015fturaca\u011f\u0131m\u0131z yeni imar planlar\u0131m\u0131z, il\u00e7emize hay\u0131rl\u0131 olsun&#8221; dedi.<\/p>\n<p>Belediye Meclis \u00dcyeleri de il\u00e7enin siluetini yenileyecek olan imar planlar\u0131n\u0131n Toroslar&#8217;a hay\u0131rl\u0131 olmas\u0131n\u0131 dileyerek Ba\u015fkan Y\u0131lmaz&#8217;a te\u015fekk\u00fcr etti.<\/p>\n<p>\u015eubat Ay\u0131 Meclis Toplant\u0131s\u0131&#8217;n\u0131n ikinci oturumunda, 435 hektar alanda haz\u0131rlanan 6. Etap 1\/1000 \u00f6l\u00e7ekli Revizyon Uygulama \u0130mar Plan\u0131 ile 780 hektar alanda haz\u0131rlanan 7. Etap 1\/1000 \u00f6l\u00e7ekli Revizyon Uygulama \u0130mar Plan\u0131\u2019na ili\u015fkin t\u00fcm komisyonlar\u0131n ortak raporu g\u00f6r\u00fc\u015f\u00fclerek oy birli\u011fiyle meclisten ge\u00e7ti.<\/p>\n<p>&#8220;Kolektif Ak\u0131lla G\u00fczel Bir Plan Ortaya \u00c7\u0131kt\u0131&#8221;<\/p>\n<p>Toroslar Belediye Ba\u015fkan\u0131 Ats\u0131z Af\u015f\u0131n Y\u0131lmaz, Toroslar&#8217;\u0131n gelece\u011fini yak\u0131ndan ilgilendiren yeni imar planlar\u0131n\u0131n hay\u0131rl\u0131 olmas\u0131n\u0131 dileyerek, eme\u011fi ge\u00e7en herkese te\u015fekk\u00fcr etti.<\/p>\n<p>Ba\u015fkan Y\u0131lmaz; &#8221; 6. ve 7. etap imar planlar\u0131m\u0131z, Toroslar\u0131m\u0131za ve Mersinimize hay\u0131rl\u0131 olsun. Kolektif ak\u0131lla, m\u00fc\u015fterek bak\u0131\u015fla \u00fcretmeye devam edece\u011fiz. Bu birlik ve beraberli\u011fin meclisimizde ya\u015fanmas\u0131 bizleri mutlu ediyor&#8221; diye konu\u015ftu.<\/p>\n<p>Belediye Meclis \u00dcyelerinden Ba\u015fkan Y\u0131lmaz&#8217;a Te\u015fekk\u00fcr<\/p>\n<p>\u0130mar planlar\u0131n\u0131n oy birli\u011fi ile ge\u00e7mesinin ard\u0131ndan s\u00f6z alan belediye meclis \u00fcyeleri, di\u011fer plan \u00e7al\u0131\u015fmalar\u0131n\u0131n da ayn\u0131 uzla\u015fma k\u00fclt\u00fcr\u00fcyle devam etmesini temenni ettiklerini s\u00f6yledi.<\/p>\n<p>Belediye Meclis \u00dcyesi Eren T\u00fcrker yapt\u0131\u011f\u0131 konu\u015fmada Ba\u015fkan Y\u0131lmaz&#8217;a te\u015fekk\u00fcr ederek; &#8220;Toroslar\u0131m\u0131z\u0131n \u00f6n\u00fcn\u00fcn kesilmesini istemedik. \u00c7ok g\u00fczel bir plan \u00e7\u0131kt\u0131. Toroslar\u0131m\u0131za ve Mersinimize hay\u0131rl\u0131 olsun. Eme\u011fe ge\u00e7enlere te\u015fekk\u00fcr ederim&#8221; dedi.<\/p>\n<p>Toroslar&#8217;\u0131n, di\u011fer il\u00e7elerin g\u0131pta ile bakaca\u011f\u0131 bir b\u00f6lge olaca\u011f\u0131n\u0131 kaydeden Belediye Meclis \u00dcyesi \u00d6mer Bilgin ise; &#8220;\u0130mar planlar\u0131n\u0131n haz\u0131rlanmas\u0131nda eme\u011fi ge\u00e7en ba\u015fta Ba\u015fkan\u0131m\u0131z Say\u0131n Ats\u0131z Af\u015f\u0131n Y\u0131lmaz&#8217;a, meclis \u00fcyelerimize ve teknik personele te\u015fekk\u00fcr ediyorum&#8221; ifadelerini kulland\u0131.<\/p>\n<p>Belediye Meclis \u00dcyesi Erhan \u00c7ontar da 6. ve 7.etab\u0131n Toroslar&#8217;a hay\u0131rl\u0131 olmas\u0131n\u0131 dileyerek; &#8220;Ortak bir karar sa\u011fland\u0131. Toroslar&#8217;\u0131 gelece\u011fe hep birlikte ta\u015f\u0131yaca\u011f\u0131z&#8221; diye konu\u015ftu.<\/p>\n<p>Toroslar Belediye Ba\u015fkan\u0131 Ats\u0131z Af\u015f\u0131n Y\u0131lmaz&#8217;a ve meclis \u00fcyelerine te\u015fekk\u00fcr eden Belediye Meclis \u00dcyesi Hasan \u00d6zalp \u00d6nal ise; &#8220;Uzla\u015fmac\u0131 bir tav\u0131r sergilendi. G\u00fczel bir \u00e7al\u0131\u015fma oldu. \u0130n\u015fallah bu \u015fekilde devam edecek&#8221; \u015feklinde konu\u015ftu.<\/p>\n","protected":false},"excerpt":{"rendered":"<p>Toroslar &#8216;\u0131n 6. ve 7. Etap 1\/1000 \u00f6l\u00e7ekli \u0130mar Planlar\u0131, Toroslar Belediye Meclisi&#8217;nde oy birli\u011fiyle kabul edildi. Toroslar Belediye Ba\u015fkan\u0131 Ats\u0131z Af\u015f\u0131n Y\u0131lmaz, Toroslar&#8217;\u0131 gelece\u011fe ta\u015f\u0131yacak g\u00fczel bir \u00e7al\u0131\u015fmaya imza &hellip; <a href=\"https:\/\/akdenizolaygazetesi.com\/?p=10545\" class=\"more-link\">Devam\u0131n\u0131 Oku&#8230;<\/a><\/p>\n","protected":false},"author":2,"featured_media":10546,"comment_status":"open","ping_status":"open","sticky":false,"template":"","format":"standard","meta":[],"categories":[34,1,2,3,5,6],"tags":[],"_links":{"self":[{"href":"https:\/\/akdenizolaygazetesi.com\/index.php?rest_route=\/wp\/v2\/posts\/10545"}],"collection":[{"href":"https:\/\/akdenizolaygazetesi.com\/index.php?rest_route=\/wp\/v2\/posts"}],"about":[{"href":"https:\/\/akdenizolaygazetesi.com\/index.php?rest_route=\/wp\/v2\/types\/post"}],"author":[{"embeddable":true,"href":"https:\/\/akdenizolaygazetesi.com\/index.php?rest_route=\/wp\/v2\/users\/2"}],"replies":[{"embeddable":true,"href":"https:\/\/akdenizolaygazetesi.com\/index.php?rest_route=%2Fwp%2Fv2%2Fcomments&post=10545"}],"version-history":[{"count":1,"href":"https:\/\/akdenizolaygazetesi.com\/index.php?rest_route=\/wp\/v2\/posts\/10545\/revisions"}],"predecessor-version":[{"id":10547,"href":"https:\/\/akdenizolaygazetesi.com\/index.php?rest_route=\/wp\/v2\/posts\/10545\/revisions\/10547"}],"wp:featuredmedia":[{"embeddable":true,"href":"https:\/\/akdenizolaygazetesi.com\/index.php?rest_route=\/wp\/v2\/media\/10546"}],"wp:attachment":[{"href":"https:\/\/akdenizolaygazetesi.com\/index.php?rest_route=%2Fwp%2Fv2%2Fmedia&parent=10545"}],"wp:term":[{"taxonomy":"category","embeddable":true,"href":"https:\/\/akdenizolaygazetesi.com\/index.php?rest_route=%2Fwp%2Fv2%2Fcategories&post=10545"},{"taxonomy":"post_tag","embeddable":true,"href":"https:\/\/akdenizolaygazetesi.com\/index.php?rest_route=%2Fwp%2Fv2%2Ftags&post=10545"}],"curies":[{"name":"wp","href":"https:\/\/api.w.org\/{rel}","templated":true}]}}