{"id":10560,"date":"2021-02-07T13:16:15","date_gmt":"2021-02-07T10:16:15","guid":{"rendered":"http:\/\/akdenizolaygazetesi.com\/?p=10560"},"modified":"2021-02-07T13:16:15","modified_gmt":"2021-02-07T10:16:15","slug":"gazi-ciftliginde-kadinlara-ve-cocuklara-yonelik-egitimler-suruyor","status":"publish","type":"post","link":"https:\/\/akdenizolaygazetesi.com\/?p=10560","title":{"rendered":"GAZ\u0130 \u00c7\u0130FTL\u0130\u011e\u0130\u2019NDE KADINLARA VE \u00c7OCUKLARA Y\u00d6NEL\u0130K E\u011e\u0130T\u0130MLER S\u00dcR\u00dcYOR"},"content":{"rendered":"<p>B\u00fcy\u00fck\u015fehir Belediyesi\u2019nin Silifkeli kad\u0131nlar ve \u00e7ocuklar i\u00e7in Gazi \u00c7iftli\u011fi\u2019nde ba\u015flatt\u0131\u011f\u0131 ve 4 hafta s\u00fcrecek e\u011fitimlerin \u00fc\u00e7\u00fcnc\u00fcs\u00fc, Mersinden Kad\u0131n Kooperatifi Ba\u015fkan\u0131 Meral Se\u00e7er\u2019in de kat\u0131l\u0131m\u0131yla ger\u00e7ekle\u015ftirildi. E\u011fitimlerde Silifkeli kad\u0131nlara kooperatif\u00e7ilik, g\u0131da \u00fcretimi ve ambalajlama gibi konularda bilgiler verilirken, \u00e7ocuklar ile birlikte de \u2018Ritim\/Kids Club\u2019 faaliyeti ger\u00e7ekle\u015ftirildi. Meral Se\u00e7er, \u201cBiz Mersin\u2019in co\u011frafi i\u015faretli ata tohumu \u00fcr\u00fcnleri, endemik bitkileri \u00fczerinden ilerleyerek \u015fehrimize katma de\u011fer katacak markalar yaratmak istiyoruz\u201d dedi.<\/p>\n<p>Bilgilendirme sunumunu ger\u00e7ekle\u015ftiren ve kooperatif\u00e7ili\u011fi anlatan Kad\u0131n ve Aile Hizmetleri Dairesi Ba\u015fkanl\u0131\u011f\u0131\u2019nda g\u00f6revli Eylem Bozdo\u011fan, i\u015fbirli\u011fi ve dayan\u0131\u015fman\u0131n \u00f6nemine dikkat \u00e7ekti. Bozdo\u011fan, \u201cBuras\u0131n\u0131n bizim i\u00e7in \u00f6nemi Atat\u00fcrk\u2019\u00fcm\u00fczden bize miras kalmas\u0131, kooperatif\u00e7ilik temelinin burada at\u0131lm\u0131\u015f olmas\u0131. Kad\u0131nlarla beraber, Atam\u0131z\u2019dan miras bu yerde \u00e7ok \u015fey yapabiliriz\u201d diye konu\u015ftu.<\/p>\n<p>Mersin B\u00fcy\u00fck\u015fehir Belediyesi Kad\u0131n ve Aile Hizmetleri Dairesi Ba\u015fkanl\u0131\u011f\u0131\u2019n\u0131n Silifkeli kad\u0131nlar ve \u00e7ocuklar i\u00e7in Gazi \u00c7iftli\u011fi\u2019nde ba\u015flatt\u0131\u011f\u0131 4 haftal\u0131k e\u011fitimlerin \u00fc\u00e7\u00fcnc\u00fcs\u00fc ger\u00e7ekle\u015ftirildi. E\u011fitimlere Mersinden Kad\u0131n Kooperatifi Ba\u015fkan\u0131 Meral Se\u00e7er de kat\u0131ld\u0131. E\u011fitimde, Silifkeli kad\u0131nlara kooperatif\u00e7ilik, g\u0131da \u00fcretimi ve ambalajlama gibi konularda bilgiler verilirken, \u00e7ocuklarla birlikte \u2018Ritim\/Kids Club\u2019 faaliyeti ger\u00e7ekle\u015ftirildi.<\/p>\n<p>E\u011fitimlere, Meral Se\u00e7er\u2019in yan\u0131 s\u0131ra Kad\u0131n ve Aile Hizmetleri Dairesi Ba\u015fkan\u0131 \u015eerife Haso\u011flu Dokucu ile \u00c7alt\u0131bozk\u0131r \u00dcretim ve Pazarlama Kooperatifi Ba\u015fkan\u0131 G\u00fclcan Y\u00fcksel de kat\u0131ld\u0131. Bilgilendirme sunumlar\u0131n\u0131 Kad\u0131n ve Aile Hizmetleri Dairesi Ba\u015fkanl\u0131\u011f\u0131\u2019ndan Eylem Bozdo\u011fan ile Tar\u0131msal ve Veteriner Hizmetleri Dairesi Ba\u015fkanl\u0131\u011f\u0131\u2019ndan G\u0131da M\u00fchendisi G\u00fclay Aksoy ger\u00e7ekle\u015ftirdi.<\/p>\n<p>Eylem Bozdo\u011fan: \u201cBu bina Atat\u00fcrk\u2019\u00fcm\u00fczden bize miras\u201d<\/p>\n<p>Kad\u0131n ve Aile Hizmetleri Dairesi Ba\u015fkanl\u0131\u011f\u0131\u2019ndan Eylem Bozdo\u011fan, e\u011fitim kapsam\u0131nda yapt\u0131\u011f\u0131 sunumda Gazi \u00c7iftli\u011fi\u2019nin \u00f6neminden bahsetti. \u00c7iftli\u011fin Atat\u00fcrk\u2019\u00fcn miras\u0131 oldu\u011funu vurgulayan Bozdo\u011fan, \u201cBuras\u0131n\u0131n bizim i\u00e7in \u00f6nemi Atat\u00fcrk\u2019\u00fcm\u00fczden bize miras kalmas\u0131, kooperatif\u00e7ilik temelinin burada at\u0131lm\u0131\u015f olmas\u0131. Ger\u00e7ekten biz kooperatif\u00e7ili\u011fe g\u00f6n\u00fcl vermi\u015f ki\u015filer i\u00e7in \u00e7ok \u00f6nemli. Burada bir de \u00fcreten kad\u0131nlar var. Buna g\u00f6n\u00fcll\u00fc kad\u0131nlar\u0131m\u0131z var, ellerinden her i\u015f geliyor ve bu kad\u0131nlarla beraber, Atam\u0131z\u2019dan miras bu yerde \u00e7ok \u015feyler yapabiliriz. Mersin B\u00fcy\u00fck\u015fehir Belediye Ba\u015fkan\u0131m\u0131z\u2019\u0131n da kad\u0131nlara y\u00f6nelik politikalar\u0131, destekleri \u00e7ok fazla. Mersinden Kad\u0131n Kooperatifi\u2019ni kural\u0131 yakla\u015f\u0131k 1 y\u0131l\u0131 ge\u00e7tik. Kooperatifimizin \u015f\u00f6yle bir art\u0131s\u0131 vard\u0131; g\u00f6n\u00fcll\u00fc olarak bir araya geldik. Finanstan tutun, g\u0131da anlam\u0131ndaki uzmanl\u0131\u011fa; organik tar\u0131m yapan \u00e7ift\u00e7imizden tutun da i\u015f kad\u0131n\u0131na hepimiz birbirimizin eksiklerini tamamlayan ki\u015filerdik\u201d dedi.<\/p>\n<p>Mersinden Kad\u0131n Kooperatifi\u2019nin g\u00f6n\u00fcll\u00fc \u00fcyeler ve Mersin B\u00fcy\u00fck\u015fehir Belediyesi\u2019nin deste\u011fi ile her ge\u00e7en g\u00fcn g\u00fc\u00e7lendi\u011fini ifade eden Bozdo\u011fan, \u201cB\u00fcy\u00fck\u015fehir Belediyemiz\u2019in b\u00f6yle bir deste\u011fi olunca asl\u0131nda b\u00fcy\u00fck bir g\u00fc\u00e7 olu\u015fturdu bu bizde. Biz de bu elimizdeki g\u00fcc\u00fc 13 il\u00e7eye yaymak amac\u0131nday\u0131z. Bu y\u00fczden \u00e7ok s\u0131k dola\u015f\u0131yoruz. Bu y\u00fczden kurulmadan \u00f6nce dahi bu 13 il\u00e7eyi Kad\u0131n Dairesi ile beraber tek tek gezdik. Kad\u0131nlar\u0131m\u0131zla tek tek tan\u0131\u015ft\u0131k. O kadar g\u00fczel fikirler, projeler \u00e7\u0131kt\u0131 ki; asl\u0131nda \u015fu anda ad\u0131m ad\u0131m biz bu projeleri yayg\u0131nla\u015ft\u0131r\u0131yoruz\u201d diye konu\u015ftu.<\/p>\n<p>\u201cTar\u0131mda modern tekniklerin yayg\u0131nla\u015ft\u0131r\u0131lmas\u0131 gereklili\u011fini Atat\u00fcrk ilk burada telaffuz ediyor\u201d<\/p>\n<p>Kooperatifler i\u00e7in i\u015fbirli\u011fi, dayan\u0131\u015fma ve organize olman\u0131n \u00f6nemine dikkat \u00e7eken Bozdo\u011fan, T\u00fcrkiye\u2019de Ulu \u00d6nder Atat\u00fcrk ile beraber kooperatif\u00e7ili\u011fin h\u0131z kazand\u0131\u011f\u0131n\u0131 vurgulad\u0131. Bozdo\u011fan, \u201c1936 y\u0131l\u0131nda Silifke Atayurt&#8217;ta Tekir \u00c7iftli\u011fi Tar\u0131msal Kalk\u0131nma Kooperatifi kuruluyor. Kooperatif modelinin ve tar\u0131mda modern tekniklerin yayg\u0131nla\u015ft\u0131r\u0131lmas\u0131 gereklili\u011fini Atat\u00fcrk ilk burada telaffuz ediyor. 1961 y\u0131l\u0131nda \u2018kooperatif\u00e7ilik\u2019 kelimesi anayasam\u0131za giriyor\u201d diye konu\u015ftu.<\/p>\n<p>Tar\u0131msal ve Veteriner Hizmetleri Dairesi Ba\u015fkanl\u0131\u011f\u0131\u2019ndan G\u0131da M\u00fchendisi G\u00fclay Aksoy ise g\u0131da \u00fcr\u00fcnlerindeki yasal zorunluluklar\u0131 anlat\u0131rken, \u00fcretim ve sat\u0131\u015f konusunda uyulmas\u0131 gereken ko\u015fullar hakk\u0131nda da bilgi verdi. Aksoy, ayr\u0131ca g\u0131da \u00fcr\u00fcnleri konusundaki \u00e7al\u0131\u015fmalar\u0131 titizlikle s\u00fcrd\u00fcrd\u00fcklerini de ifade etti.<\/p>\n<p>Meral Se\u00e7er: \u201c\u015eehrimize katma de\u011fer katacak markalar yaratmak istiyoruz\u201d<\/p>\n<p>Mersinden Kad\u0131n Kooperatifi Ba\u015fkan\u0131 Meral Se\u00e7er, bu y\u0131l Atayurt\u2019ta kad\u0131nlarla birlikte Silifke\u2019nin mis kokulu \u00e7ile\u011finden re\u00e7el ve di\u011fer \u00fcr\u00fcnleri imal etmeyi planlad\u0131klar\u0131n\u0131, bunun i\u00e7in pazar pay\u0131n\u0131 ve \u00fcretim ko\u015fullar\u0131n\u0131 en uygun bi\u00e7imde belirlemek istediklerini s\u00f6yledi. Se\u00e7er, \u201cStrateji plan\u0131m\u0131za g\u00f6re biz Mersin\u2019in co\u011frafi i\u015faretli ata tohumu \u00fcr\u00fcnleri, endemik bitkileri \u00fczerinden ilerleyerek \u015fehrimize katma de\u011fer katacak markalar yaratmak istiyoruz. Gelecek y\u0131l burada \u00e7ilekle ilgili \u00fcretimlerimizi yapaca\u011f\u0131z. Neden? Silifke \u00e7ile\u011fi ile \u00fcnl\u00fc. \u00c7ok farkl\u0131 \u00fcr\u00fcnler \u00fczerinden gidersek markala\u015fmaya gidemeyiz. \u00c7ilek ve t\u00fcrevi \u00fcr\u00fcnler \u00fczerinden gidersek markala\u015fma yoluna girdi\u011fimiz takdirde di\u011fer \u00fcr\u00fcnlere de yol a\u00e7m\u0131\u015f olaca\u011f\u0131z\u201d dedi. \u00c7alt\u0131bozk\u0131r \u00dcretim ve Pazarlama Kooperatifi\u2019ni aralar\u0131nda g\u00f6rmekten duydu\u011fu mutlulu\u011fu ifade eden Se\u00e7er, \u201cHay\u0131rl\u0131 olsun yeni kooperatifiniz. Siz \u00fcretime ge\u00e7mi\u015fsiniz. \u015eimdi, \u00fcretime ge\u00e7erken bizler de kendi deneyimlerimizle pazarlama konusunda neler yap\u0131lmas\u0131 gerekiyor sizlere aktarmak isteriz\u201d dedi.<\/p>\n<p>\u00dcretime kat\u0131lan kad\u0131nlara pazarlama konusunda \u00f6nerilerde bulunan Se\u00e7er, \u015funlar\u0131 s\u00f6yledi:<\/p>\n<p>\u201cKad\u0131nlar\u0131m\u0131z ger\u00e7ekten \u00e7ok emek veriyorlar, evlerinde \u00fcretim yap\u0131yorlar. \u2018Ben bu \u00fcr\u00fcn\u00fcm\u00fc pazarda m\u0131 sataca\u011f\u0131m, evimin \u00f6n\u00fcnde mi sataca\u011f\u0131m veya bunu hem pazarda hem de b\u00fcy\u00fck marketlerde mi sataca\u011f\u0131m\u2019 konusuna bir noktada karar vermesi gerekiyor. Kooperatifle\u015fme bu noktada \u00e7ok \u00f6nemli oluyor. \u0130\u015fte bu konularda ne zaman arzu ederseniz \u00c7alt\u0131bozk\u0131r veya di\u011fer kooperatifler; her konuda destek verebiliriz. Zaten Atayurt&#8217;ta kad\u0131nlar\u0131m\u0131zla \u00e7al\u0131\u015fmam\u0131z art\u0131k daha \u00e7ok h\u0131zlanacak. \u015eimdi zakkumlarla ilgili \u00e7al\u0131\u015fma devam edecek ama Mart ay\u0131n\u0131n ba\u015f\u0131ndan itibaren yazl\u0131k, mevsimlik \u00fcr\u00fcnleri Atayurtlu kad\u0131nlar\u0131m\u0131zla birlikte yapaca\u011f\u0131z.\u201d<\/p>\n<p>\u201c\u00dcretime kat\u0131lan kad\u0131nlar\u0131n e\u011fitim almas\u0131 \u015fart\u201d<\/p>\n<p>Se\u00e7er, kad\u0131nlar\u0131n \u00fcretimlerini e\u011fitimlerle desteklemesi gerekti\u011fini ifade ederek, Mersinden Kad\u0131n Kooperatifi olarak bu konuda da \u00e7al\u0131\u015fmalar yapmak istediklerini s\u00f6yledi. Se\u00e7er, \u201cKad\u0131nlar\u0131n ayakta durmas\u0131 \u00e7ok \u00f6nemli. Kad\u0131nlar\u0131n sadece \u00fcreterek para kazanmas\u0131 ile ayakta durmas\u0131 olmuyor. Onlar\u0131n kendine yeter derecede olmas\u0131 i\u00e7in ba\u015fka kurumlarda da e\u011fitim almas\u0131 \u015fart\u201d diye konu\u015ftu. Yeni kurulan kad\u0131n kooperatiflerinin desteklenmesinin \u00f6nemini vurgulayan Se\u00e7er, \u201cHep birlikte \u00e7ok \u00e7al\u0131\u015farak, \u00e7ok g\u00fczel i\u015fler yapaca\u011f\u0131m\u0131za inanc\u0131m ger\u00e7ekten sonsuz\u201d dedi.<\/p>\n","protected":false},"excerpt":{"rendered":"<p>B\u00fcy\u00fck\u015fehir Belediyesi\u2019nin Silifkeli kad\u0131nlar ve \u00e7ocuklar i\u00e7in Gazi \u00c7iftli\u011fi\u2019nde ba\u015flatt\u0131\u011f\u0131 ve 4 hafta s\u00fcrecek e\u011fitimlerin \u00fc\u00e7\u00fcnc\u00fcs\u00fc, Mersinden Kad\u0131n Kooperatifi Ba\u015fkan\u0131 Meral Se\u00e7er\u2019in de kat\u0131l\u0131m\u0131yla ger\u00e7ekle\u015ftirildi. E\u011fitimlerde Silifkeli kad\u0131nlara kooperatif\u00e7ilik, g\u0131da &hellip; <a href=\"https:\/\/akdenizolaygazetesi.com\/?p=10560\" class=\"more-link\">Devam\u0131n\u0131 Oku&#8230;<\/a><\/p>\n","protected":false},"author":2,"featured_media":10561,"comment_status":"open","ping_status":"open","sticky":false,"template":"","format":"standard","meta":[],"categories":[34,1,2,3,5],"tags":[],"_links":{"self":[{"href":"https:\/\/akdenizolaygazetesi.com\/index.php?rest_route=\/wp\/v2\/posts\/10560"}],"collection":[{"href":"https:\/\/akdenizolaygazetesi.com\/index.php?rest_route=\/wp\/v2\/posts"}],"about":[{"href":"https:\/\/akdenizolaygazetesi.com\/index.php?rest_route=\/wp\/v2\/types\/post"}],"author":[{"embeddable":true,"href":"https:\/\/akdenizolaygazetesi.com\/index.php?rest_route=\/wp\/v2\/users\/2"}],"replies":[{"embeddable":true,"href":"https:\/\/akdenizolaygazetesi.com\/index.php?rest_route=%2Fwp%2Fv2%2Fcomments&post=10560"}],"version-history":[{"count":1,"href":"https:\/\/akdenizolaygazetesi.com\/index.php?rest_route=\/wp\/v2\/posts\/10560\/revisions"}],"predecessor-version":[{"id":10562,"href":"https:\/\/akdenizolaygazetesi.com\/index.php?rest_route=\/wp\/v2\/posts\/10560\/revisions\/10562"}],"wp:featuredmedia":[{"embeddable":true,"href":"https:\/\/akdenizolaygazetesi.com\/index.php?rest_route=\/wp\/v2\/media\/10561"}],"wp:attachment":[{"href":"https:\/\/akdenizolaygazetesi.com\/index.php?rest_route=%2Fwp%2Fv2%2Fmedia&parent=10560"}],"wp:term":[{"taxonomy":"category","embeddable":true,"href":"https:\/\/akdenizolaygazetesi.com\/index.php?rest_route=%2Fwp%2Fv2%2Fcategories&post=10560"},{"taxonomy":"post_tag","embeddable":true,"href":"https:\/\/akdenizolaygazetesi.com\/index.php?rest_route=%2Fwp%2Fv2%2Ftags&post=10560"}],"curies":[{"name":"wp","href":"https:\/\/api.w.org\/{rel}","templated":true}]}}