{"id":10567,"date":"2021-02-07T13:31:42","date_gmt":"2021-02-07T10:31:42","guid":{"rendered":"http:\/\/akdenizolaygazetesi.com\/?p=10567"},"modified":"2021-02-07T13:31:42","modified_gmt":"2021-02-07T10:31:42","slug":"dikkat-eksikligi-ve-hiperaktivite-bozuklugu-bilincli-aile-projesi-basliyor","status":"publish","type":"post","link":"https:\/\/akdenizolaygazetesi.com\/?p=10567","title":{"rendered":"\u201cD\u0130KKAT EKS\u0130KL\u0130\u011e\u0130 VE H\u0130PERAKT\u0130V\u0130TE BOZUKLU\u011eU B\u0130L\u0130N\u00c7L\u0130 A\u0130LE PROJES\u0130\u201d BA\u015eLIYOR"},"content":{"rendered":"<p>Mersin B\u00fcy\u00fck\u015fehir Belediyesi, 10 \u015eubat\u2019tan itibaren 2 ay 10 g\u00fcn s\u00fcrecek \u201cDikkat Eksikli\u011fi ve Hiperaktivite Bozuklu\u011fu Bilin\u00e7li Aile Projesi\u201dni ba\u015flat\u0131yor. 5 uzman, 9 oturumda her \u00e7ar\u015famba saat 20.00\u2019de online e\u011fitimler ger\u00e7ekle\u015ftirecek. Kat\u0131lmak isteyen vatanda\u015flar i\u00e7in \u201c0324 232 00 72\u201d numaral\u0131 telefondan kay\u0131tlar devam ediyor.<\/p>\n<p>Dikkat eksikli\u011fi ve hiperaktivite bozuklu\u011fu olan \u00e7ocuklar\u0131n tedavisinde anne, baba ve sosyal \u00e7evre e\u011fitimleri tedavide \u00f6nemli bir rol oynuyor. Mersin B\u00fcy\u00fck\u015fehir Belediyesi Engelliler ve Sa\u011fl\u0131k Hizmetleri Dairesi Ba\u015fkanl\u0131\u011f\u0131, \u201cDikkat Eksili\u011fi ve Hiperaktivite Bozuklu\u011fu Bilin\u00e7li Aile Projesi\u201dni ba\u015flat\u0131yor. 10 \u015eubat\u2019ta ba\u015flayacak olan ve online ger\u00e7ekle\u015ftirilecek e\u011fitimler, 2 ay 10 g\u00fcn s\u00fcreyle 9 oturumda tamamlanacak. 5 uzman dikkat etkinli\u011fi konusunda her noktay\u0131 ele alacak. E\u011fitim i\u00e7in ba\u015fvurular devam ediyor.<\/p>\n<p>5 uzman her a\u00e7\u0131dan dikkat eksikli\u011fi ve hiperaktivite bozuklu\u011funu anlatacak<\/p>\n<p>10 \u015eubat\u2019tan itibaren her \u00e7ar\u015famba saat 20.00\u2019de ger\u00e7ekle\u015fecek e\u011fitimler, \u00c7ocuk Ergen Psikiyatristi Dr. \u00d6zlem S\u00fcr\u00fcc\u00fc, \u00c7ocuk Kardiyoloji Uzman\u0131 Prof. Dr. Olgu Hall\u0131o\u011flu K\u0131l\u0131n\u00e7, Kad\u0131n Do\u011fum Uzman\u0131 Op. Dr. Haldun Canova, Diyetisyen Burcu Ada Talas ve Uzman Klinik Psikolog Y\u00fccel \u015eavkl\u0131 taraf\u0131ndan verilecek.<\/p>\n<p>Dr. \u00d6zlem S\u00fcr\u00fcc\u00fc, 10 \u015eubat\u2019tan itibaren her 15 g\u00fcnde bir olacak \u015fekilde \u201cDikkat Eksikli\u011fi ve Hiperaktivite Bozuklu\u011fu (DEHB) ile Anne-Baba E\u011fitimi\u201dni birbirini tamamlayan mod\u00fcller \u015feklinde 5 oturumda ger\u00e7ekle\u015ftirecek. Prof. Dr. Olgu Hall\u0131o\u011flu K\u0131l\u0131n\u00e7 17 \u015eubat\u2019ta \u201cDEHB ve Kardiyak Semptomlar\u0131\u201d, Op. Dr. Haldun Canova 3 Mart\u2019ta \u201cDEHB ve Gebelik D\u00f6nemi\u201d, Diyetisyen Burcu Ada Talas 17 Mart\u2019ta \u201cDEHB ve Beslenme\u201d, Uzman Klinik Psikolog Y\u00fccel \u015eavkl\u0131 ise 31 Mart\u2019ta \u201cDEHB Tan\u0131 De\u011ferlendirme ve Mersin B\u00fcy\u00fck\u015fehir Belediyesi MOXO Projesi\u201d e\u011fitimlerini verecek.<\/p>\n<p>\u201cT\u00fcrkiye\u2019de duayen hocalar\u0131n yer ald\u0131\u011f\u0131 bir e\u011fitim program\u0131 sunulacak\u201d<\/p>\n<p>Mersin B\u00fcy\u00fck\u015fehir Belediyesi\u2019nde g\u00f6revli Uzman Klinik Psikolog Y\u00fccel \u015eavkl\u0131, dikkat eksikli\u011fi ve hiperaktivite bozuklu\u011funun tedavisinde anne ile baba e\u011fitimlerinin \u00e7ok ciddi rol ald\u0131\u011f\u0131n\u0131 belirterek, \u201cBiz bu ba\u011flamda anne babalar\u0131 dahil etti\u011fimiz hem halk sa\u011fl\u0131\u011f\u0131na hem toplum hem de \u00f6nleyici ruh sa\u011fl\u0131\u011f\u0131na katk\u0131da bulunacak g\u00fczel bir proje in\u015fa ettik. Ailelere dikkat eksikli\u011fi ve hiperaktivite bozuklu\u011fu ad\u0131na her \u015feyi i\u00e7erisinde bulunduran, \u00e7ok g\u00fczel, T\u00fcrkiye\u2019de duayen hocalar\u0131n yer ald\u0131\u011f\u0131 bir ekiple par\u00e7a par\u00e7a e\u011fitimlerin d\u00fczenlendi\u011fi bir e\u011fitim program\u0131 sunulacak\u201d dedi.<\/p>\n<p>Ge\u00e7 kalanlar i\u00e7in ikinci bir kur daha yap\u0131lacak<\/p>\n<p>\u015eavkl\u0131, 2 ay 10 g\u00fcnl\u00fck program devam ederken e\u011fitimlere kat\u0131lmay\u0131 isteyecek vatanda\u015flara da seslenerek, \u201cProje kapal\u0131 grup \u015feklinde ilerleyecek. Aradan bir kat\u0131l\u0131m olmayacak. En ba\u015fta kat\u0131lan ki\u015filer program\u0131n sonuna kadar devam edecek. Arada kat\u0131lmak isteyen olursa ne olacak? Ayn\u0131 ekip, ayn\u0131 kurul ikinci bir defa daha yapacak. Ayn\u0131 ekip, ayn\u0131 e\u011fitim program\u0131n\u0131 ikinci bir defa daha yapacak. Tekrar ikinci bir grup e\u011fitimimiz daha olacak\u2019 diye konu\u015ftu.<\/p>\n<p>E\u011fitimlere kat\u0131lmak isteyen vatanda\u015flar \u201c0324 232 00 72\u201d numaral\u0131 telefonu arayarak isim-soy isim ve telefonlar\u0131n\u0131 bildirerek kay\u0131t yapt\u0131rabilecek. B\u00fcy\u00fck\u015fehir Belediyesi taraf\u0131ndan online e\u011fitime giri\u015f i\u00e7in link \u015fifre ve e\u011fitimle ilgili di\u011fer t\u00fcm bilgilendirmeler SMS \u00fczerinden yap\u0131lacak.<\/p>\n","protected":false},"excerpt":{"rendered":"<p>Mersin B\u00fcy\u00fck\u015fehir Belediyesi, 10 \u015eubat\u2019tan itibaren 2 ay 10 g\u00fcn s\u00fcrecek \u201cDikkat Eksikli\u011fi ve Hiperaktivite Bozuklu\u011fu Bilin\u00e7li Aile Projesi\u201dni ba\u015flat\u0131yor. 5 uzman, 9 oturumda her \u00e7ar\u015famba saat 20.00\u2019de online e\u011fitimler &hellip; <a href=\"https:\/\/akdenizolaygazetesi.com\/?p=10567\" class=\"more-link\">Devam\u0131n\u0131 Oku&#8230;<\/a><\/p>\n","protected":false},"author":2,"featured_media":10569,"comment_status":"open","ping_status":"open","sticky":false,"template":"","format":"standard","meta":[],"categories":[34,1,2,3,5],"tags":[],"_links":{"self":[{"href":"https:\/\/akdenizolaygazetesi.com\/index.php?rest_route=\/wp\/v2\/posts\/10567"}],"collection":[{"href":"https:\/\/akdenizolaygazetesi.com\/index.php?rest_route=\/wp\/v2\/posts"}],"about":[{"href":"https:\/\/akdenizolaygazetesi.com\/index.php?rest_route=\/wp\/v2\/types\/post"}],"author":[{"embeddable":true,"href":"https:\/\/akdenizolaygazetesi.com\/index.php?rest_route=\/wp\/v2\/users\/2"}],"replies":[{"embeddable":true,"href":"https:\/\/akdenizolaygazetesi.com\/index.php?rest_route=%2Fwp%2Fv2%2Fcomments&post=10567"}],"version-history":[{"count":1,"href":"https:\/\/akdenizolaygazetesi.com\/index.php?rest_route=\/wp\/v2\/posts\/10567\/revisions"}],"predecessor-version":[{"id":10570,"href":"https:\/\/akdenizolaygazetesi.com\/index.php?rest_route=\/wp\/v2\/posts\/10567\/revisions\/10570"}],"wp:featuredmedia":[{"embeddable":true,"href":"https:\/\/akdenizolaygazetesi.com\/index.php?rest_route=\/wp\/v2\/media\/10569"}],"wp:attachment":[{"href":"https:\/\/akdenizolaygazetesi.com\/index.php?rest_route=%2Fwp%2Fv2%2Fmedia&parent=10567"}],"wp:term":[{"taxonomy":"category","embeddable":true,"href":"https:\/\/akdenizolaygazetesi.com\/index.php?rest_route=%2Fwp%2Fv2%2Fcategories&post=10567"},{"taxonomy":"post_tag","embeddable":true,"href":"https:\/\/akdenizolaygazetesi.com\/index.php?rest_route=%2Fwp%2Fv2%2Ftags&post=10567"}],"curies":[{"name":"wp","href":"https:\/\/api.w.org\/{rel}","templated":true}]}}