{"id":1057,"date":"2020-11-04T18:21:38","date_gmt":"2020-11-04T15:21:38","guid":{"rendered":"http:\/\/mersinekonomipolitikagazetesi.com\/?p=1057"},"modified":"2020-11-04T18:21:38","modified_gmt":"2020-11-04T15:21:38","slug":"engelliler-haftasi","status":"publish","type":"post","link":"https:\/\/akdenizolaygazetesi.com\/?p=1057","title":{"rendered":"Engelliler Haftas\u0131"},"content":{"rendered":"<p>Mersin Valisi \u00d6zdemir \u00c7akacak, &#8220;Engelli vatanda\u015flar\u0131m\u0131z\u0131n \u00f6nlerindeki engelleri kald\u0131rmak, onlara inanmak, yanlar\u0131nda yer almak ve te\u015fvik etmek noktas\u0131nda devlet ve millet olarak \u00fczerimize d\u00fc\u015fen sorumlulu\u011fu b\u00fcy\u00fck bir kararl\u0131l\u0131kla yerine getirmeye devam etmekteyiz&#8221; dedi.<\/p>\n<p>\u00c7akacak, Engelliler Haftas\u0131 dolay\u0131s\u0131yla yapt\u0131\u011f\u0131 a\u00e7\u0131klamada, devletin, sosyal devlet olman\u0131n vermi\u015f oldu\u011fu sorumlulu\u011funun bir gere\u011fi olarak t\u00fcm vatanda\u015flar\u0131n temel hak ve \u00f6zg\u00fcrl\u00fcklerini herhangi bir engel ile kar\u015f\u0131la\u015fmadan kullanabilmeleri, engelli-engelsiz herkesin hayat\u0131n t\u00fcm alanlar\u0131nda varl\u0131k g\u00f6stermeleri i\u00e7in \u00e7ok \u00f6nemli d\u00fczenlemeleri hayata ge\u00e7irdi\u011fini s\u00f6yledi.<br \/>\nToplumun \u00f6nemli bir kesimini olu\u015fturan engelli vatanda\u015flar\u0131n sosyal ve \u00e7al\u0131\u015fma hayat\u0131n\u0131n i\u00e7erisinde yer almalar\u0131n\u0131 sa\u011flama noktas\u0131nda devletin sergiledi\u011fi bu yakla\u015f\u0131ma, milletin de gerek birey olarak gerekse sivil toplum kurulu\u015fu \u00e7at\u0131s\u0131 alt\u0131nda bir araya gelerek b\u00fcy\u00fck destek oldu\u011funu kaydeden \u00c7akacak, &#8220;Engelli vatanda\u015flar\u0131m\u0131z\u0131n \u00f6nlerindeki engelleri kald\u0131rmak, onlara inanmak, yanlar\u0131nda yer almak ve te\u015fvik etmek noktas\u0131nda devlet ve millet olarak \u00fczerimize d\u00fc\u015fen sorumlulu\u011fu b\u00fcy\u00fck bir kararl\u0131l\u0131kla yerine getirmeye devam etmekteyiz. Engelli vatanda\u015flar\u0131m\u0131z\u0131n \u00f6n\u00fcndeki engeller kald\u0131r\u0131ld\u0131k\u00e7a, kendilerine inan\u0131l\u0131p f\u0131rsat verildik\u00e7e spordan sanata, edebiyattan i\u015f hayat\u0131na kadar ya\u015fam\u0131n t\u00fcm alanlar\u0131nda b\u00fcy\u00fck ba\u015far\u0131lara imza att\u0131klar\u0131na, sergiledikleri azim ve inan\u00e7 ile de bizlere \u00f6rnek olduklar\u0131na memnuniyetle \u015fahit olmaktay\u0131z&#8221; diye konu\u015ftu.<br \/>\nMersin Valili\u011fi olarak ildeki di\u011fer t\u00fcm dinamiklerle i\u015fbirli\u011fi i\u00e7erisinde engelli vatanda\u015flar\u0131n toplumsal hayata rahat\u00e7a kat\u0131l\u0131m\u0131n\u0131 sa\u011flayarak Mersin&#8217;in engelli dostu bir kent olma konumunu daha da peki\u015ftirdiklerini ifade eden \u00c7akacak, &#8220;Engelli vatanda\u015flar\u0131m\u0131za y\u00f6nelik yapt\u0131\u011f\u0131m\u0131z t\u00fcm \u00e7al\u0131\u015fmalar\u0131 asla birer l\u00fctuf olarak de\u011fil, onlar\u0131n haklar\u0131n\u0131 \u00f6zg\u00fcrce kullanmalar\u0131n\u0131 sa\u011flamak ve bu sayede \u00fclke olarak engelli vatanda\u015flar\u0131m\u0131z\u0131n bilgi ve becerilerinden istifade etmenin bir gere\u011fi olarak de\u011ferlendirmekteyiz&#8221; ifadelerini kulland\u0131.<br \/>\nTuna; &#8220;Engellilerimizin \u00f6n\u00fcndeki engelleri a\u015fmal\u0131y\u0131z&#8221;<br \/>\nToroslar Belediye Ba\u015fkan\u0131 Hamit Tuna ise hafta dolay\u0131s\u0131yla yapt\u0131\u011f\u0131 a\u00e7\u0131klamada, her sa\u011fl\u0131kl\u0131 insan\u0131n bir engelli aday\u0131 oldu\u011funun unutulmamas\u0131 gerekti\u011fini vurgulayarak, Toroslar Belediyesi olarak bu bilin\u00e7 i\u00e7erisinde \u00e7al\u0131\u015ft\u0131klar\u0131n\u0131 ve engelli vatanda\u015flar\u0131n \u00f6nlerindeki engellerin kald\u0131r\u0131lmas\u0131 noktas\u0131nda zeminler olu\u015fturma gayreti i\u00e7erisinde olduklar\u0131n\u0131 belirtti.<br \/>\nY\u0131l\u0131n 365 g\u00fcn\u00fc engellilerin yanlar\u0131nda olduklar\u0131n\u0131n alt\u0131n\u0131 \u00e7izen Tuna, &#8220;Engellilerimizin, engelsiz ya\u015fayabilmeleri i\u00e7in toplumun bilin\u00e7lenmesi ve toplum hayat\u0131na kat\u0131lmalar\u0131 sa\u011flanarak, politikalar \u00fcretilmesi gerekmektedir. Belediye olarak sa\u011fl\u0131kl\u0131 insanlar i\u00e7in d\u00fc\u015f\u00fcnd\u00fcklerimizin daha fazlas\u0131n\u0131, engelli insanlar\u0131m\u0131z i\u00e7in d\u00fc\u015f\u00fcnmeye ve onlara sa\u011fl\u0131kl\u0131 zeminler olu\u015fturmaya \u00e7al\u0131\u015f\u0131yoruz. Engelli insanlar\u0131m\u0131z, \u00e7ok hassas insanlard\u0131r. O y\u00fczden bizde bu olaya \u00e7ok hassas bir \u015fekilde yakla\u015f\u0131yoruz. En b\u00fcy\u00fck engel sevgisizliktir&#8221; \u015feklinde konu\u015ftu.<\/p>\n","protected":false},"excerpt":{"rendered":"<p>Mersin Valisi \u00d6zdemir \u00c7akacak, &#8220;Engelli vatanda\u015flar\u0131m\u0131z\u0131n \u00f6nlerindeki engelleri kald\u0131rmak, onlara inanmak, yanlar\u0131nda yer almak ve te\u015fvik etmek noktas\u0131nda devlet ve millet olarak \u00fczerimize d\u00fc\u015fen sorumlulu\u011fu b\u00fcy\u00fck bir kararl\u0131l\u0131kla yerine getirmeye &hellip; <a href=\"https:\/\/akdenizolaygazetesi.com\/?p=1057\" class=\"more-link\">Devam\u0131n\u0131 Oku&#8230;<\/a><\/p>\n","protected":false},"author":1,"featured_media":0,"comment_status":"open","ping_status":"open","sticky":false,"template":"","format":"standard","meta":[],"categories":[],"tags":[],"_links":{"self":[{"href":"https:\/\/akdenizolaygazetesi.com\/index.php?rest_route=\/wp\/v2\/posts\/1057"}],"collection":[{"href":"https:\/\/akdenizolaygazetesi.com\/index.php?rest_route=\/wp\/v2\/posts"}],"about":[{"href":"https:\/\/akdenizolaygazetesi.com\/index.php?rest_route=\/wp\/v2\/types\/post"}],"author":[{"embeddable":true,"href":"https:\/\/akdenizolaygazetesi.com\/index.php?rest_route=\/wp\/v2\/users\/1"}],"replies":[{"embeddable":true,"href":"https:\/\/akdenizolaygazetesi.com\/index.php?rest_route=%2Fwp%2Fv2%2Fcomments&post=1057"}],"version-history":[{"count":0,"href":"https:\/\/akdenizolaygazetesi.com\/index.php?rest_route=\/wp\/v2\/posts\/1057\/revisions"}],"wp:attachment":[{"href":"https:\/\/akdenizolaygazetesi.com\/index.php?rest_route=%2Fwp%2Fv2%2Fmedia&parent=1057"}],"wp:term":[{"taxonomy":"category","embeddable":true,"href":"https:\/\/akdenizolaygazetesi.com\/index.php?rest_route=%2Fwp%2Fv2%2Fcategories&post=1057"},{"taxonomy":"post_tag","embeddable":true,"href":"https:\/\/akdenizolaygazetesi.com\/index.php?rest_route=%2Fwp%2Fv2%2Ftags&post=1057"}],"curies":[{"name":"wp","href":"https:\/\/api.w.org\/{rel}","templated":true}]}}