{"id":1058,"date":"2020-11-04T18:21:38","date_gmt":"2020-11-04T15:21:38","guid":{"rendered":"http:\/\/mersinekonomipolitikagazetesi.com\/?p=1058"},"modified":"2020-11-04T18:21:38","modified_gmt":"2020-11-04T15:21:38","slug":"fetoden-gozaltina-alinan-eski-ak-partili-vekil-tutuklandi","status":"publish","type":"post","link":"https:\/\/akdenizolaygazetesi.com\/?p=1058","title":{"rendered":"FET\u00d6&#8217;den g\u00f6zalt\u0131na al\u0131nan eski AK Partili vekil tutukland\u0131"},"content":{"rendered":"<p>FET\u00d6\/PDY soru\u015fturmas\u0131 kapsam\u0131nda g\u00f6zalt\u0131na al\u0131nan eski Mersin Milletvekili Ahmet Tevfik Uzun \u00e7\u0131kart\u0131ld\u0131\u011f\u0131 mahkemece tutukland\u0131<\/p>\n<p>Fetullah\u00e7\u0131 Ter\u00f6r \u00d6rg\u00fct\u00fc\/Paralel Devlet Yap\u0131lanmas\u0131 (FET\u00d6\/PDY) soru\u015fturmas\u0131 kapsam\u0131nda g\u00f6zalt\u0131na al\u0131nan eski Mersin Milletvekili Ahmet Tevfik Uzun tutukland\u0131. Uzun, adliye \u00e7\u0131k\u0131\u015f\u0131 kelep\u00e7eli ellerini havaya kald\u0131rarak poz verirken, e\u015fi de bas\u0131n mensuplar\u0131n\u0131n g\u00f6r\u00fcnt\u00fc almamas\u0131 i\u00e7in bir s\u00fcre kocas\u0131n\u0131n \u00f6n\u00fcnde y\u00fcr\u00fcd\u00fc.<br \/>\nCumhuriyet Ba\u015fsavc\u0131l\u0131\u011f\u0131nca, 15 Temmuz darbe giri\u015fimi ile anayasal d\u00fczeni de\u011fi\u015ftirmek isteyen FET\u00d6&#8217;ye \u00fcye olan \u015fah\u0131slara y\u00f6nelik yap\u0131lan soru\u015fturma kapsam\u0131nda, 8 May\u0131s&#8217;ta g\u00f6zalt\u0131na al\u0131nan 24. D\u00f6nem AK Parti Mersin Milletvekili Ahmet Tevfik Uzun, emniyetteki i\u015flemlerinin tamamlanmas\u0131n\u0131n ard\u0131ndan bug\u00fcn adliyeye sevk edildi. Savc\u0131l\u0131ktaki ifadesinin ard\u0131ndan mahkemeye \u00e7\u0131kar\u0131lan Uzun, tutukland\u0131.<br \/>\nUzun, adliye \u00e7\u0131k\u0131\u015f\u0131nda kelep\u00e7eli ellerini havaya kald\u0131rarak bas\u0131n mensuplar\u0131na poz verdi. \u00d6te yandan Uzun&#8217;un e\u015fi bas\u0131n mensuplar\u0131n\u0131n g\u00f6r\u00fcnt\u00fc almamas\u0131 i\u00e7in bir s\u00fcre kocas\u0131n\u0131n \u00f6n\u00fcnde y\u00fcr\u00fcd\u00fc.<\/p>\n","protected":false},"excerpt":{"rendered":"<p>FET\u00d6\/PDY soru\u015fturmas\u0131 kapsam\u0131nda g\u00f6zalt\u0131na al\u0131nan eski Mersin Milletvekili Ahmet Tevfik Uzun \u00e7\u0131kart\u0131ld\u0131\u011f\u0131 mahkemece tutukland\u0131 Fetullah\u00e7\u0131 Ter\u00f6r \u00d6rg\u00fct\u00fc\/Paralel Devlet Yap\u0131lanmas\u0131 (FET\u00d6\/PDY) soru\u015fturmas\u0131 kapsam\u0131nda g\u00f6zalt\u0131na al\u0131nan eski Mersin Milletvekili Ahmet Tevfik Uzun &hellip; <a href=\"https:\/\/akdenizolaygazetesi.com\/?p=1058\" class=\"more-link\">Devam\u0131n\u0131 Oku&#8230;<\/a><\/p>\n","protected":false},"author":1,"featured_media":0,"comment_status":"open","ping_status":"open","sticky":false,"template":"","format":"standard","meta":[],"categories":[],"tags":[],"_links":{"self":[{"href":"https:\/\/akdenizolaygazetesi.com\/index.php?rest_route=\/wp\/v2\/posts\/1058"}],"collection":[{"href":"https:\/\/akdenizolaygazetesi.com\/index.php?rest_route=\/wp\/v2\/posts"}],"about":[{"href":"https:\/\/akdenizolaygazetesi.com\/index.php?rest_route=\/wp\/v2\/types\/post"}],"author":[{"embeddable":true,"href":"https:\/\/akdenizolaygazetesi.com\/index.php?rest_route=\/wp\/v2\/users\/1"}],"replies":[{"embeddable":true,"href":"https:\/\/akdenizolaygazetesi.com\/index.php?rest_route=%2Fwp%2Fv2%2Fcomments&post=1058"}],"version-history":[{"count":0,"href":"https:\/\/akdenizolaygazetesi.com\/index.php?rest_route=\/wp\/v2\/posts\/1058\/revisions"}],"wp:attachment":[{"href":"https:\/\/akdenizolaygazetesi.com\/index.php?rest_route=%2Fwp%2Fv2%2Fmedia&parent=1058"}],"wp:term":[{"taxonomy":"category","embeddable":true,"href":"https:\/\/akdenizolaygazetesi.com\/index.php?rest_route=%2Fwp%2Fv2%2Fcategories&post=1058"},{"taxonomy":"post_tag","embeddable":true,"href":"https:\/\/akdenizolaygazetesi.com\/index.php?rest_route=%2Fwp%2Fv2%2Ftags&post=1058"}],"curies":[{"name":"wp","href":"https:\/\/api.w.org\/{rel}","templated":true}]}}