{"id":10583,"date":"2021-02-08T13:04:57","date_gmt":"2021-02-08T10:04:57","guid":{"rendered":"http:\/\/akdenizolaygazetesi.com\/?p=10583"},"modified":"2021-02-08T13:04:57","modified_gmt":"2021-02-08T10:04:57","slug":"buyuksehirden-sevgi-ve-iyilesme-yilinda-sevgi-dolu-konser","status":"publish","type":"post","link":"https:\/\/akdenizolaygazetesi.com\/?p=10583","title":{"rendered":"B\u00dcY\u00dcK\u015eEH\u0130R\u2019DEN SEVG\u0130 VE \u0130Y\u0130LE\u015eME YILINDA SEVG\u0130 DOLU KONSER"},"content":{"rendered":"<p>Mersin B\u00fcy\u00fck\u015fehir Belediyesi, K\u00fclt\u00fcr ve Sosyal \u0130\u015fler Dairesi Ba\u015fkanl\u0131\u011f\u0131\u2019n\u0131n koordinesinde Sevgililer G\u00fcn\u00fc i\u00e7in sevgi dolu bir konser haz\u0131rl\u0131yor. Yerel sanat\u00e7\u0131lar\u0131n desteklenece\u011fi konser, 14 \u015eubat ak\u015fam\u0131 B\u00fcy\u00fck\u015fehir\u2019in sosyal medya hesaplar\u0131ndan canl\u0131 olarak yay\u0131nlanacak.<\/p>\n<p>Mersin B\u00fcy\u00fck\u015fehir Belediyesi, pandemi s\u00fcreci dolay\u0131s\u0131yla ara verilen sanatsal faaliyetlere dijital platformlarda devam ediyor. K\u00fclt\u00fcr ve Sosyal \u0130\u015fler Dairesi Ba\u015fkanl\u0131\u011f\u0131\u2019n\u0131n koordinesinde Sevgililer G\u00fcn\u00fc temal\u0131, sevgi dolu bir konser haz\u0131rlan\u0131yor. Konserlerle yerel sanat\u00e7\u0131lar da desteklenmeye devam ediliyor.<\/p>\n<p>Sevgi ve iyile\u015fme y\u0131l\u0131 2021\u2019de, Mersinliler a\u015fkla ve sanatla birbirine daha s\u0131k\u0131 sar\u0131ls\u0131n diye B\u00fcy\u00fck\u015fehir evlere ezgilerle konuk olacak. Yerel sanat\u00e7\u0131lar\u0131n yer alaca\u011f\u0131 konser, 14 \u015eubat ak\u015fam\u0131 saat 20.00\u2019de B\u00fcy\u00fck\u015fehir\u2019in sosyal medya hesaplar\u0131ndan canl\u0131 olarak yay\u0131nlanacak.<\/p>\n<p>Sevgi ve iyile\u015fme y\u0131l\u0131nda a\u015fk dolu konser!<\/p>\n<p>B\u00fcy\u00fck\u015fehir Belediyesi, pandeminin ba\u015flad\u0131\u011f\u0131 g\u00fcnden bu yana kent genelinde maddi ve manevi olarak t\u00fcm Mersinliler\u2019in yan\u0131nda oldu\u011fu gibi i\u015fleri durma noktas\u0131na gelen yerel sanat\u00e7\u0131lara da deste\u011fini s\u00fcrd\u00fcr\u00fcyor. Bug\u00fcne kadar 53 yerel m\u00fczisyen grubu, 13 tiyatro, 2 dans, 2 \u00e7ocuk etkinli\u011fi grubu olmak \u00fczere toplam 382 yerel sanat\u00e7\u0131 desteklendi. B\u00fcy\u00fck\u015fehir, Tiyatro Haftas\u0131\u2019nda 2 hafta boyunca sahne alan 14 yerel tiyatro grubuna da sahne imkan\u0131 sa\u011flad\u0131. T\u00fcm bu destekler i\u00e7in 2020 y\u0131l\u0131nda 805 bin lira b\u00fct\u00e7e ay\u0131ran B\u00fcy\u00fck\u015fehir\u2019in 2021 y\u0131l\u0131nda da yerel sanat\u00e7\u0131lara deste\u011fi s\u00fcr\u00fcyor.<\/p>\n<p>B\u00fcy\u00fck\u015fehir, 14 \u015eubat\u2019ta online yay\u0131nlanacak konser i\u00e7in de 4 yerel sanat\u00e7\u0131ya yer verecek. Ersin Erol, AG Band, Erdin\u00e7 Bekta\u015f ve Sidar Baran Ta\u015f birbirinden g\u00fczel eserlerle Mersinliler\u2019e keyifli bir ak\u015fam ya\u015fatacak. Mersinliler konseri B\u00fcy\u00fck\u015fehir\u2019in Facebook, Twitter, YouTube ve Instagram hesaplar\u0131ndan canl\u0131 olarak izleyebilecek.<\/p>\n","protected":false},"excerpt":{"rendered":"<p>Mersin B\u00fcy\u00fck\u015fehir Belediyesi, K\u00fclt\u00fcr ve Sosyal \u0130\u015fler Dairesi Ba\u015fkanl\u0131\u011f\u0131\u2019n\u0131n koordinesinde Sevgililer G\u00fcn\u00fc i\u00e7in sevgi dolu bir konser haz\u0131rl\u0131yor. Yerel sanat\u00e7\u0131lar\u0131n desteklenece\u011fi konser, 14 \u015eubat ak\u015fam\u0131 B\u00fcy\u00fck\u015fehir\u2019in sosyal medya hesaplar\u0131ndan canl\u0131 &hellip; <a href=\"https:\/\/akdenizolaygazetesi.com\/?p=10583\" class=\"more-link\">Devam\u0131n\u0131 Oku&#8230;<\/a><\/p>\n","protected":false},"author":2,"featured_media":10587,"comment_status":"open","ping_status":"open","sticky":false,"template":"","format":"standard","meta":[],"categories":[34,1,2,3,5],"tags":[],"_links":{"self":[{"href":"https:\/\/akdenizolaygazetesi.com\/index.php?rest_route=\/wp\/v2\/posts\/10583"}],"collection":[{"href":"https:\/\/akdenizolaygazetesi.com\/index.php?rest_route=\/wp\/v2\/posts"}],"about":[{"href":"https:\/\/akdenizolaygazetesi.com\/index.php?rest_route=\/wp\/v2\/types\/post"}],"author":[{"embeddable":true,"href":"https:\/\/akdenizolaygazetesi.com\/index.php?rest_route=\/wp\/v2\/users\/2"}],"replies":[{"embeddable":true,"href":"https:\/\/akdenizolaygazetesi.com\/index.php?rest_route=%2Fwp%2Fv2%2Fcomments&post=10583"}],"version-history":[{"count":1,"href":"https:\/\/akdenizolaygazetesi.com\/index.php?rest_route=\/wp\/v2\/posts\/10583\/revisions"}],"predecessor-version":[{"id":10588,"href":"https:\/\/akdenizolaygazetesi.com\/index.php?rest_route=\/wp\/v2\/posts\/10583\/revisions\/10588"}],"wp:featuredmedia":[{"embeddable":true,"href":"https:\/\/akdenizolaygazetesi.com\/index.php?rest_route=\/wp\/v2\/media\/10587"}],"wp:attachment":[{"href":"https:\/\/akdenizolaygazetesi.com\/index.php?rest_route=%2Fwp%2Fv2%2Fmedia&parent=10583"}],"wp:term":[{"taxonomy":"category","embeddable":true,"href":"https:\/\/akdenizolaygazetesi.com\/index.php?rest_route=%2Fwp%2Fv2%2Fcategories&post=10583"},{"taxonomy":"post_tag","embeddable":true,"href":"https:\/\/akdenizolaygazetesi.com\/index.php?rest_route=%2Fwp%2Fv2%2Ftags&post=10583"}],"curies":[{"name":"wp","href":"https:\/\/api.w.org\/{rel}","templated":true}]}}