{"id":10589,"date":"2021-02-08T13:08:04","date_gmt":"2021-02-08T10:08:04","guid":{"rendered":"http:\/\/akdenizolaygazetesi.com\/?p=10589"},"modified":"2021-02-08T13:08:04","modified_gmt":"2021-02-08T10:08:04","slug":"uretici-bir-dertten-daha-kurtuldu-bitkisel-atiklar-artik-yakilmayacak","status":"publish","type":"post","link":"https:\/\/akdenizolaygazetesi.com\/?p=10589","title":{"rendered":"\u00dcRET\u0130C\u0130 B\u0130R DERTTEN DAHA KURTULDU: B\u0130TK\u0130SEL ATIKLAR ARTIK YAKILMAYACAK"},"content":{"rendered":"<p>B\u00fcy\u00fck\u015fehir Belediyesi, \u00fcreticinin girdi maliyetini d\u00fc\u015f\u00fcr\u00fcp, ekolojik dengenin korunmas\u0131na katk\u0131 sunacak olan 2 bitkisel at\u0131k k\u0131yma makinesini Akdeniz Ziraat Odas\u0131\u2019na teslim etti. \u00dcretimin ve \u00fcreticinin desteklenmesini takdirle kar\u015f\u0131layan \u00fcreticiler, Ba\u015fkan Se\u00e7er\u2019e te\u015fekk\u00fcr etti.<\/p>\n<p>Budama sonras\u0131 \u00e7al\u0131lar\u0131 toplay\u0131p arazi d\u0131\u015f\u0131nda yakt\u0131klar\u0131n\u0131 s\u00f6yleyen narenciye arazisi sahibi Levent Korucu, \u201cYakarken ister istemez do\u011fa da kirleniyordu. Bertaraf yaparken a\u011fa\u00e7lar\u0131m\u0131z yan\u0131yordu. Bizim i\u00e7in b\u00fcy\u00fck bir eziyet ve zul\u00fcmd\u00fc. \u00c7ok b\u00fcy\u00fck bir kolayl\u0131k oldu bizim i\u00e7in. Daha \u00f6nce 10 ki\u015fi ile 2 g\u00fcnde yapabilece\u011fimiz i\u015fi \u015fu an bu makine ile 1 g\u00fcnde halledebiliyoruz\u201d dedi.<\/p>\n<p>Akdeniz Ziraat Odas\u0131 Ba\u015fkan\u0131 Musa Y\u0131lmaz, s\u00f6z konusu makineler sayesinde bitkisel at\u0131klar\u0131n \u00f6\u011f\u00fct\u00fclerek topra\u011fa organik g\u00fcbre olarak kazand\u0131r\u0131laca\u011f\u0131n\u0131 belirterek, \u201cAksi takdirde bu dallar\u0131 d\u0131\u015far\u0131 \u00e7\u0131kar\u0131p yakmak zorunday\u0131z. Havay\u0131 kirletiyoruz. Zaman zaman yang\u0131n \u00e7\u0131kmalar\u0131na da sebep oluyor. Bunu da \u00f6nlemi\u015f olduk\u201d diye konu\u015ftu.<\/p>\n<p>Mersin B\u00fcy\u00fck\u015fehir Belediyesi, tar\u0131msal \u00fcretimi artt\u0131rmak amac\u0131yla \u00fcreticinin ihtiyac\u0131na y\u00f6nelik alet-ekipman deste\u011fine devam ediyor. B\u00fcy\u00fck\u015fehir Belediyesi Tar\u0131msal ve Veteriner Hizmetleri Dairesi Ba\u015fkanl\u0131\u011f\u0131, \u00fcreticilerin kullan\u0131m\u0131na sunulmak \u00fczere Akdeniz Ziraat Odas\u0131\u2019na 2 adet bitkisel at\u0131k k\u0131yma makinas\u0131 teslim etti. Akdeniz Ziraat Odas\u0131\u2019n\u0131n g\u00f6rev alan\u0131nda bulunan Akdeniz, Mezitli, Toroslar ve Yeni\u015fehir il\u00e7elerindeki \u00fcreticiler, budama sonras\u0131 at\u0131klar\u0131 yakmak yerine bu makineyle \u00f6\u011f\u00fcterek topra\u011fa do\u011fal g\u00fcbre olarak kazand\u0131racak. Bu destek ile ayn\u0131 zamanda \u00fcreticinin i\u015f g\u00fcc\u00fc ve zirai ila\u00e7 masraflar\u0131 da azalacak.<\/p>\n<p>\u201cDesteklerimizin amac\u0131 \u00fcreticilerimizin girdi maliyetini d\u00fc\u015f\u00fcrmek\u201d<\/p>\n<p>B\u00fcy\u00fck\u015fehir Belediyesi Tar\u0131msal ve Veteriner Hizmetleri Dairesi Ba\u015fkan\u0131 Salim Serdar G\u00f6k\u00e7ek, \u00fcretimi ve \u00fcreticiyi desteklemek ad\u0131na \u00e7al\u0131\u015fmalara devam edeceklerini vurgulad\u0131. Bitkisel at\u0131k k\u0131yma makinesinin \u00fcreticiler i\u00e7in bir\u00e7ok a\u00e7\u0131dan fayda sa\u011flayaca\u011f\u0131n\u0131 ifade eden G\u00f6k\u00e7ek, makinenin hem maliyeti d\u00fc\u015f\u00fcrece\u011fini hem de i\u015fg\u00fcc\u00fc masraf\u0131n\u0131 azaltaca\u011f\u0131n\u0131 s\u00f6yledi.<\/p>\n<p>K\u0131y\u0131lan budama at\u0131klar\u0131n\u0131n yeniden yap\u0131lan s\u00fcr\u00fcmde topra\u011fa kar\u0131\u015ft\u0131\u011f\u0131n\u0131 ve organik g\u00fcbre olarak topra\u011f\u0131 zenginle\u015ftirece\u011fini ifade eden G\u00f6k\u00e7ek, makinenin bu y\u00f6n\u00fcyle \u00e7evre dostu oldu\u011funu vurgulad\u0131. G\u00f6k\u00e7ek, \u201cMersin B\u00fcy\u00fck\u015fehir Belediyesi olarak tar\u0131m ve hayvanc\u0131l\u0131\u011fa \u00e7ok ciddi destekler veriyoruz. \u00d6zellikle kooperatiflerimizin, birliklerimizin ve ziraat odalar\u0131m\u0131z\u0131n talepleri \u00fczerine projelerimizi geli\u015ftiriyoruz. Bundan \u00f6nce de bildi\u011finiz \u00fczere \u00fcz\u00fcm s\u0131kma, hamur yo\u011furma, zeytin boylama ve erik boylama makinesi gibi desteklerde bulunduk. Bu desteklerimizin amac\u0131 \u00fcreticilerimizin girdi maliyetlerini d\u00fc\u015f\u00fcrmek, onlara bir zaman kazand\u0131rmak. Dolay\u0131s\u0131yla gelen talepleri de\u011ferlendirip y\u0131l i\u00e7erisinde plan ve projelerimizi buna g\u00f6re geli\u015ftiriyoruz. Bug\u00fcn de bitkisel at\u0131k k\u0131yma makinesini Ziraat Odam\u0131za teslim ettik\u201d ifadelerini kulland\u0131.<\/p>\n<p>\u201c\u00c7ift\u00e7ilerimizi b\u00fcy\u00fck bir maliyetten kurtard\u0131, i\u015fi kolayla\u015ft\u0131rd\u0131\u201d<\/p>\n<p>Yakla\u015f\u0131k 20 bin \u00fcyesi olan Akdeniz Ziraat Odas\u0131 Ba\u015fkan\u0131 Musa Y\u0131lmaz da B\u00fcy\u00fck\u015fehir Belediyesi taraf\u0131ndan kendilerine teslim edilen 2 bitkisel at\u0131k k\u0131yma makinesine ili\u015fkin olarak, \u201cMersin merkez 4 il\u00e7enin temsilci Odas\u0131y\u0131z. B\u00fcy\u00fck\u015fehir Belediyemizin tar\u0131msal desteklerini izliyoruz. Zaten bu dal par\u00e7alama makinesini bizim talebimiz \u00fczerine sa\u011f olsun B\u00fcy\u00fck\u015fehir Belediye Ba\u015fkan\u0131m\u0131z bize temin etti. Kendisine te\u015fekk\u00fcr ediyoruz. \u00c7ift\u00e7ilerimizi b\u00fcy\u00fck bir maliyetten kurtard\u0131, art\u0131 i\u015fi kolayla\u015ft\u0131rd\u0131\u201d diye konu\u015ftu.<\/p>\n<p>Bu destek ile topra\u011fa da organik g\u00fcbre sa\u011fland\u0131\u011f\u0131n\u0131 vurgulayan Y\u0131lmaz, \u201cAksi takdirde bu dallar\u0131 d\u0131\u015far\u0131 \u00e7\u0131kar\u0131p yakmak zorunday\u0131z. Havay\u0131 kirletiyoruz. Zaman zaman yang\u0131n \u00e7\u0131kmalar\u0131na da sebep oluyor. Bunu da \u00f6nlemi\u015f olduk. Bu makineler bize teslim edildi. Biz de \u00e7ift\u00e7ilerimize, bu makineleri en rahat, en kolay \u015fekilde kullanmalar\u0131yla ilgili bir \u00e7al\u0131\u015fma yap\u0131yoruz\u201d dedi.<\/p>\n<p>\u201cBertaraf yaparken a\u011fa\u00e7lar\u0131m\u0131z yan\u0131yordu\u201d<\/p>\n<p>Akdeniz \u0130l\u00e7esi Bekirde Mahallesi\u2019nde 16 d\u00f6n\u00fcml\u00fck narenciye arazisi sahibi Levent Korucu, budama yapt\u0131ktan sonra havaya ve topra\u011fa zarar veren yakma y\u00f6ntemi ile at\u0131klar\u0131 bertaraf etmeye \u00e7al\u0131\u015ft\u0131klar\u0131n\u0131 belirterek, \u201cBudama sonras\u0131 \u00e7al\u0131lar\u0131 toplay\u0131p arazinin d\u0131\u015f\u0131na \u00e7\u0131kar\u0131yorduk. Yak\u0131yorduk. Yakarken ister istemez do\u011fa da kirleniyordu. Bertaraf yaparken a\u011fa\u00e7lar\u0131m\u0131z yan\u0131yordu. Bizim i\u00e7in b\u00fcy\u00fck bir eziyet ve zul\u00fcmd\u00fc. \u00c7ok b\u00fcy\u00fck bir kolayl\u0131k oldu bizim i\u00e7in bu makine. Daha \u00f6nce 10 ki\u015fi ile 2 g\u00fcnde yapabilece\u011fimiz i\u015fi \u015fu an bu makine ile 1 g\u00fcnde halledebiliyoruz. 1 g\u00fcn bile s\u00fcrm\u00fcyor. Bu hizmeti bize ula\u015ft\u0131ran B\u00fcy\u00fck\u015fehir Belediye Ba\u015fkan\u0131m\u0131z Say\u0131n Vahap Se\u00e7er\u2019e, Tar\u0131m Dairesi Ba\u015fkan\u0131\u2019na ve Ziraat Odas\u0131 Ba\u015fkan\u0131m\u0131z Say\u0131n Musa Y\u0131lmaz\u2019a te\u015fekk\u00fcr ediyorum\u201d diye konu\u015ftu.<\/p>\n<p>\u201cMakine ile i\u015fimiz \u00e7ok kolayla\u015ft\u0131\u201d<\/p>\n<p>Bekirde Mahalle Muhtar\u0131 Ahmet Hamdi Er, kendisinin de 70-80 d\u00f6n\u00fcm arazisi bulundu\u011funu ifade ederek, \u201cHi\u00e7 yoksa \u00e7al\u0131 toplamaya 50-60 lira yevmiyeden a\u015fa\u011f\u0131 vermiyordum. Ama \u015fimdi makine ile \u00e7ok kolayla\u015ft\u0131. Yoksa \u00e7ok berbat bir durumda \u00e7al\u0131 \u00e7ekiyorduk d\u0131\u015far\u0131. \u00c7ok u\u011fra\u015f\u0131yorduk. \u0130\u015f\u00e7i bulam\u0131yorduk bir de. Bu makine a\u011faca zarar vermiyor, baz\u0131 yerlerde ate\u015f yakt\u0131\u011f\u0131m\u0131zda bazen yang\u0131n bile \u00e7\u0131kabiliyor arazinin i\u00e7erisinde. Ama art\u0131k bu sistemle b\u00f6yle bir \u015fey kalmayacak \u00e7ok \u015f\u00fck\u00fcr\u201d dedi.<\/p>\n","protected":false},"excerpt":{"rendered":"<p>B\u00fcy\u00fck\u015fehir Belediyesi, \u00fcreticinin girdi maliyetini d\u00fc\u015f\u00fcr\u00fcp, ekolojik dengenin korunmas\u0131na katk\u0131 sunacak olan 2 bitkisel at\u0131k k\u0131yma makinesini Akdeniz Ziraat Odas\u0131\u2019na teslim etti. \u00dcretimin ve \u00fcreticinin desteklenmesini takdirle kar\u015f\u0131layan \u00fcreticiler, Ba\u015fkan &hellip; <a href=\"https:\/\/akdenizolaygazetesi.com\/?p=10589\" class=\"more-link\">Devam\u0131n\u0131 Oku&#8230;<\/a><\/p>\n","protected":false},"author":2,"featured_media":10590,"comment_status":"open","ping_status":"open","sticky":false,"template":"","format":"standard","meta":[],"categories":[34,1,2,3,5],"tags":[],"_links":{"self":[{"href":"https:\/\/akdenizolaygazetesi.com\/index.php?rest_route=\/wp\/v2\/posts\/10589"}],"collection":[{"href":"https:\/\/akdenizolaygazetesi.com\/index.php?rest_route=\/wp\/v2\/posts"}],"about":[{"href":"https:\/\/akdenizolaygazetesi.com\/index.php?rest_route=\/wp\/v2\/types\/post"}],"author":[{"embeddable":true,"href":"https:\/\/akdenizolaygazetesi.com\/index.php?rest_route=\/wp\/v2\/users\/2"}],"replies":[{"embeddable":true,"href":"https:\/\/akdenizolaygazetesi.com\/index.php?rest_route=%2Fwp%2Fv2%2Fcomments&post=10589"}],"version-history":[{"count":1,"href":"https:\/\/akdenizolaygazetesi.com\/index.php?rest_route=\/wp\/v2\/posts\/10589\/revisions"}],"predecessor-version":[{"id":10591,"href":"https:\/\/akdenizolaygazetesi.com\/index.php?rest_route=\/wp\/v2\/posts\/10589\/revisions\/10591"}],"wp:featuredmedia":[{"embeddable":true,"href":"https:\/\/akdenizolaygazetesi.com\/index.php?rest_route=\/wp\/v2\/media\/10590"}],"wp:attachment":[{"href":"https:\/\/akdenizolaygazetesi.com\/index.php?rest_route=%2Fwp%2Fv2%2Fmedia&parent=10589"}],"wp:term":[{"taxonomy":"category","embeddable":true,"href":"https:\/\/akdenizolaygazetesi.com\/index.php?rest_route=%2Fwp%2Fv2%2Fcategories&post=10589"},{"taxonomy":"post_tag","embeddable":true,"href":"https:\/\/akdenizolaygazetesi.com\/index.php?rest_route=%2Fwp%2Fv2%2Ftags&post=10589"}],"curies":[{"name":"wp","href":"https:\/\/api.w.org\/{rel}","templated":true}]}}