{"id":1059,"date":"2020-11-04T18:21:38","date_gmt":"2020-11-04T15:21:38","guid":{"rendered":"http:\/\/mersinekonomipolitikagazetesi.com\/?p=1059"},"modified":"2020-11-04T18:21:38","modified_gmt":"2020-11-04T15:21:38","slug":"mersinde-engelliler-soleni-basladi","status":"publish","type":"post","link":"https:\/\/akdenizolaygazetesi.com\/?p=1059","title":{"rendered":"Mersin&#8217;de engelliler \u015f\u00f6leni ba\u015flad\u0131"},"content":{"rendered":"<p>Mersin B\u00fcy\u00fck\u015fehir Belediyesi taraf\u0131ndan engelliler haftas\u0131 dolay\u0131s\u0131yla d\u00fczenlenen 10. Geleneksel Mersin Engelliler Haftas\u0131 \u015e\u00f6leni ba\u015flad\u0131.<\/p>\n<p>Mersin B\u00fcy\u00fck\u015fehir Belediyesi, engelli vatanda\u015flar\u0131n sorunlar\u0131na dikkat \u00e7ekmek ve toplumsal fark\u0131ndal\u0131k olu\u015fturmak \u00fczere 1992 y\u0131l\u0131ndan bu yana t\u00fcm d\u00fcnyada kutlanan 10- 16 May\u0131s D\u00fcnya Engelliler Haftas\u0131nda \u00e7e\u015fitli etkinlikler d\u00fczenliyor. Bu kapsamda, basketbol ma\u00e7lar\u0131ndan el sanatlar\u0131 sergisine, engelsiz podyum etkinliklerinden tiyatro g\u00f6sterilerine kadar pek \u00e7ok etkinlik, Mersinli vatanda\u015flarla bulu\u015facak.<br \/>\nAlt\u0131 g\u00fcn s\u00fcrecek olan etkinli\u011fin a\u00e7\u0131l\u0131\u015f t\u00f6reninde konu\u015fan Mersin B\u00fcy\u00fck\u015fehir Belediye Ba\u015fkan\u0131 Burhanettin Kocamaz, g\u00f6reve geldikleri zaman Mersin\u2019i t\u00fcm insanlar\u0131n mutlu, huzurlu, g\u00fcvenli ve refah i\u00e7erisinde ya\u015fayabilecekleri bir kent haline getirme vizyonu ortaya koyduklar\u0131n\u0131 ve bu vizyonu ger\u00e7ekle\u015ftirmek i\u00e7in yo\u011fun bir \u00e7al\u0131\u015fma temposuna girdiklerini belirtti.<br \/>\nMersin\u2019de bulunan engelli vatanda\u015flar\u0131n sorunlar\u0131na \u00e7\u00f6z\u00fcm bulmak i\u00e7in durum tespiti yapt\u0131klar\u0131n\u0131 ve gerekli ad\u0131mlar\u0131 h\u0131zl\u0131 ve cesaretli bir \u015fekilde att\u0131klar\u0131n\u0131 kaydeden Kocamaz, \u201c2017 itibariyle T\u00fcrkiye&#8217;nin en kalabal\u0131k onuncu \u015fehri olan Mersin\u2019in n\u00fcfusu 1 milyon 773 bin 852, ilimizdeki engelli say\u0131s\u0131 ise 200 bin civar\u0131ndad\u0131r. Engelli vatanda\u015flar\u0131m\u0131z i\u00e7in att\u0131\u011f\u0131m\u0131z en \u00f6nemli ad\u0131mlardan biri, T\u00fcrkiye\u2019de bir ilk olarak Engelliler Dairesi Ba\u015fkanl\u0131\u011f\u0131n\u0131 kurmak oldu. Farkl\u0131 \u015fartlarda ya\u015f\u0131yor olmalar\u0131na ra\u011fmen hemen t\u00fcm engelli bireylerimizin kar\u015f\u0131la\u015ft\u0131\u011f\u0131 ortak sorunlar\u0131 tespit ettik. Sa\u011fl\u0131k, rehabilitasyon, destek ve yard\u0131m, eri\u015febilirlik, e\u011fitim ve istihdam konular\u0131nda yo\u011funla\u015ft\u0131\u011f\u0131n\u0131 g\u00f6rd\u00fc\u011f\u00fcm\u00fcz sorunlar\u0131n nas\u0131l \u00e7\u00f6z\u00fclebilece\u011fi konusunda h\u0131zl\u0131 bir politika belirleme s\u00fcrecine girerek tespitler yapt\u0131k\u201d dedi.<br \/>\n\u201cProjelerimizle \u00f6d\u00fcller ald\u0131k\u201d<br \/>\nYap\u0131lan tespitlerden sonra kollar\u0131 s\u0131vayarak \u00e7\u00f6z\u00fcm odakl\u0131 \u00e7al\u0131\u015ft\u0131klar\u0131n\u0131, engelli bireylere y\u00f6nelik pek \u00e7ok projeyi hayata ge\u00e7irdiklerini ve bu projelerle \u00f6d\u00fcl ald\u0131klar\u0131n\u0131 ifade eden Kocamaz, \u201cEngelli bireylerimiz i\u00e7in hizmet verecek Engelsiz Mersin Mesleki E\u011fitim Merkezinin in\u015fas\u0131na ba\u015flad\u0131k. Engelsiz binalar in\u015fa edilebilmesine \u00f6nc\u00fcl\u00fck ettik. Engelsiz Otel projesi kapsam\u0131nda, Mersin Turizm \u0130\u015fletmecileri Derne\u011fi ile protokol imzalad\u0131k. Engelsiz ibadethaneler, kald\u0131r\u0131mlar olu\u015fturduk. Engelli bireylerin bireysel ve toplumsal ya\u015famda kar\u015f\u0131la\u015ft\u0131klar\u0131 s\u0131k\u0131nt\u0131lar hakk\u0131nda halk\u0131m\u0131z\u0131n empati<br \/>\nyapabilmesi i\u00e7in fark\u0131ndal\u0131k olu\u015fturmaya y\u00f6nelik onlarca e\u011fitim, seminer ve k\u00fclt\u00fcrel etkinlik d\u00fczenledik. T\u00fcm bu hizmetlerimiz dolay\u0131s\u0131yla, D\u00fcnya Engelliler Vakf\u0131 ve D\u00fcnya Engelliler Birli\u011fi taraf\u0131ndan K\u00fcresel Sosyal Fark\u0131ndal\u0131k \u00d6d\u00fcl\u00fc ile taltif edildik. 14-16 Haziran 2016 tarihleri aras\u0131nda New York\u2019ta yap\u0131lan Birle\u015fmi\u015f Milletler Engelli Haklar\u0131 S\u00f6zle\u015fmesine Taraf Devletler 9. Toplant\u0131s\u0131\u2019nda ise Eri\u015filebilirlik \u00d6d\u00fcl\u00fcn\u00fc almaya hak kazand\u0131k\u201d diye konu\u015ftu.<br \/>\n\u201cMutlu engelli demek, mutlu toplum demektir\u201d<br \/>\n2017 y\u0131l\u0131 i\u00e7erisinde d\u00fczenleyecekleri Mersin Uluslararas\u0131 Engelsiz Sanat Festivali ile \u00e7e\u015fitli \u00fclkelere mensup engelli sanat\u00e7\u0131lar\u0131 Mersin\u2019de bulu\u015fturarak, d\u00fcnya genelinde bir ilke imza atacaklar\u0131n\u0131 belirten Ba\u015fkan Kocamaz, \u201c3 y\u0131ld\u0131r, engellilerimizin y\u00fcrekten payla\u015ft\u0131\u011f\u0131m\u0131z sorunlar\u0131na bir nebze olsun \u00e7\u00f6z\u00fcm \u00fcretmek, y\u00fczlerinde s\u0131ms\u0131cak bir tebess\u00fcm olu\u015fturmak azmiyle \u00e7al\u0131\u015f\u0131yoruz. G\u00f6remeyenlere g\u00f6z, konu\u015famayanlara dil, tutamayanlara el, i\u015fitemeyenlere kulak, y\u00fcr\u00fcyemeyenlere ayak olabilmek i\u00e7in gecemizi g\u00fcnd\u00fcz\u00fcm\u00fcze kat\u0131yoruz. Mersin\u2019de kader birli\u011fi etti\u011fimiz ve hayat\u0131m\u0131z\u0131n her an\u0131n\u0131 payla\u015ft\u0131\u011f\u0131m\u0131z engelli karde\u015flerimizin y\u00fcreklerine dokunan \u015fefkat, sevgi, \u0131\u015f\u0131k, k\u0131lavuz olmaya \u00e7al\u0131\u015f\u0131yoruz. Mersin\u2019i herkes i\u00e7in oldu\u011fu kadar, engelliler i\u00e7in de ya\u015fanabilir bir \u015fehir haline getirme \u00e7abas\u0131nday\u0131z. As\u0131l \u00f6nemli olan duyguda, d\u00fc\u015f\u00fcncede, umutta, insan\u0131 g\u00fczel k\u0131lan ve hayata ba\u011flayan her \u015feyde engellerin kald\u0131r\u0131lmas\u0131d\u0131r. Mutlu engelli demek ayn\u0131 zamanda mutlu toplum demektir\u201d ifadelerini kulland\u0131.<br \/>\nT\u00f6ren, Engelli Dostu \u0130\u015fletme unvan\u0131 almaya hak kazanan otel, seyahat acentesi ve i\u015fletmelere te\u015fekk\u00fcr belgesi ve flama takdim edilmesinin ard\u0131ndan, otel temsilcileri Mersin B\u00fcy\u00fck\u015fehir Belediye Ba\u015fkan\u0131 Burhanettin Kocamaz ile hat\u0131ra foto\u011fraf\u0131 \u00e7ektirdi. 10. Geleneksel Mersin Engelliler Haftas\u0131 \u015e\u00f6leni kapsam\u0131nda d\u00fczenlenen etkinlikler ise 16 May\u0131s\u2019a kadar devam edecek.<\/p>\n","protected":false},"excerpt":{"rendered":"<p>Mersin B\u00fcy\u00fck\u015fehir Belediyesi taraf\u0131ndan engelliler haftas\u0131 dolay\u0131s\u0131yla d\u00fczenlenen 10. Geleneksel Mersin Engelliler Haftas\u0131 \u015e\u00f6leni ba\u015flad\u0131. Mersin B\u00fcy\u00fck\u015fehir Belediyesi, engelli vatanda\u015flar\u0131n sorunlar\u0131na dikkat \u00e7ekmek ve toplumsal fark\u0131ndal\u0131k olu\u015fturmak \u00fczere 1992 y\u0131l\u0131ndan &hellip; <a href=\"https:\/\/akdenizolaygazetesi.com\/?p=1059\" class=\"more-link\">Devam\u0131n\u0131 Oku&#8230;<\/a><\/p>\n","protected":false},"author":1,"featured_media":0,"comment_status":"open","ping_status":"open","sticky":false,"template":"","format":"standard","meta":[],"categories":[],"tags":[],"_links":{"self":[{"href":"https:\/\/akdenizolaygazetesi.com\/index.php?rest_route=\/wp\/v2\/posts\/1059"}],"collection":[{"href":"https:\/\/akdenizolaygazetesi.com\/index.php?rest_route=\/wp\/v2\/posts"}],"about":[{"href":"https:\/\/akdenizolaygazetesi.com\/index.php?rest_route=\/wp\/v2\/types\/post"}],"author":[{"embeddable":true,"href":"https:\/\/akdenizolaygazetesi.com\/index.php?rest_route=\/wp\/v2\/users\/1"}],"replies":[{"embeddable":true,"href":"https:\/\/akdenizolaygazetesi.com\/index.php?rest_route=%2Fwp%2Fv2%2Fcomments&post=1059"}],"version-history":[{"count":0,"href":"https:\/\/akdenizolaygazetesi.com\/index.php?rest_route=\/wp\/v2\/posts\/1059\/revisions"}],"wp:attachment":[{"href":"https:\/\/akdenizolaygazetesi.com\/index.php?rest_route=%2Fwp%2Fv2%2Fmedia&parent=1059"}],"wp:term":[{"taxonomy":"category","embeddable":true,"href":"https:\/\/akdenizolaygazetesi.com\/index.php?rest_route=%2Fwp%2Fv2%2Fcategories&post=1059"},{"taxonomy":"post_tag","embeddable":true,"href":"https:\/\/akdenizolaygazetesi.com\/index.php?rest_route=%2Fwp%2Fv2%2Ftags&post=1059"}],"curies":[{"name":"wp","href":"https:\/\/api.w.org\/{rel}","templated":true}]}}