{"id":10598,"date":"2021-02-08T14:40:53","date_gmt":"2021-02-08T11:40:53","guid":{"rendered":"http:\/\/akdenizolaygazetesi.com\/?p=10598"},"modified":"2021-02-08T14:40:53","modified_gmt":"2021-02-08T11:40:53","slug":"basarir-hic-kimse-turkiye-cumhuriyeti-yargisini-bu-hale-dusurmemisti","status":"publish","type":"post","link":"https:\/\/akdenizolaygazetesi.com\/?p=10598","title":{"rendered":"BA\u015eARIR: \u201cH\u0130\u00c7 K\u0130MSE T\u00dcRK\u0130YE CUMHUR\u0130YET\u0130 YARGISINI BU HALE D\u00dc\u015e\u00dcRMEM\u0130\u015eT\u0130!\u201d"},"content":{"rendered":"<p>CHP Mersin Milletvekili ve TBMM Anayasa Komisyonu \u00dcyesi Ali Mahir Ba\u015far\u0131r, Bo\u011fazi\u00e7i Dayan\u0131\u015fma hesab\u0131n\u0131n y\u00f6neticisi oldu\u011fu iddia edilen Beyza Bulda\u011f\u2019\u0131n haks\u0131z yere 2 g\u00fcn i\u00e7erisinde tutuklanmas\u0131na ili\u015fkin bas\u0131n a\u00e7\u0131klamas\u0131 yay\u0131mlad\u0131.<\/p>\n<p>\u201cAD\u0130L YARGIYI ETK\u0130LEMEYE \u00c7ALI\u015eIYORLAR\u2019\u2019<\/p>\n<p>Gelecek Partisi Genel Ba\u015fkan Yard\u0131mc\u0131s\u0131 Sel\u00e7uk \u00d6zda\u011f\u2019a evinin \u00f6n\u00fcnde sald\u0131r\u0131 yapanlar\u0131n, Ankara Cumhuriyet Ba\u015fsavc\u0131l\u0131\u011f\u0131 taraf\u0131ndan y\u00fcr\u00fct\u00fclen soru\u015fturma kapsam\u0131nda g\u00f6zalt\u0131na al\u0131nd\u0131\u011f\u0131n\u0131 belirten CHP\u2019li Ba\u015far\u0131r, \u201cS\u00f6z konusu soru\u015fturmay\u0131 y\u00fcr\u00fcten Ankara Cumhuriyet Ba\u015fsavc\u0131 Vekili Alparslan Tufan hakk\u0131nda sosyal medya hesaplar\u0131ndan;  halen MHP Mersin Milletvekilli\u011fi yapan Olcay K\u0131lavuz, \u0130stanbul \u00dclk\u00fc Ocaklar\u0131 Ba\u015fkan\u0131 Emre \u00c7\u00f6mlek\u00e7i, Arnavutk\u00f6y \u00dclk\u00fc Ocaklar\u0131 Ba\u015fkan\u0131 Emrullah G\u00fcnay ve \u00dclk\u00fc Ocaklar\u0131 E\u011fitim ve K\u00fclt\u00fcr Vakf\u0131 Te\u015fkilatlardan Sorumlu Genel Ba\u015fkan Yard\u0131mc\u0131s\u0131 \u00d6mer \u015eanl\u0131\u2019n\u0131n tehdit ve hakaretlerde bulunduklar\u0131 ve adil yarg\u0131y\u0131 etkilemeye \u00e7al\u0131\u015ft\u0131klar\u0131 gerek\u00e7esiyle, 18 Ocak 2021 tarihinde su\u00e7 duyurusunda bulunmu\u015ftum. S\u00f6z konusu ki\u015filerin Twitter \u00fczerinden yapm\u0131\u015f olduklar\u0131 payla\u015f\u0131mlar yaz\u0131l\u0131 ve g\u00f6rsel bas\u0131nda da yer alm\u0131\u015ft\u0131.\u201d \u015feklinde konu\u015ftu.<\/p>\n<p>\u201cADALET S\u0130STEM\u0130 NE \u00dcZ\u00dcC\u00dcD\u00dcR K\u0130 HERKES \u0130\u00c7\u0130N E\u015e\u0130T \u00c7ALI\u015eMIYOR\u2019\u2019<\/p>\n<p>Yapm\u0131\u015f oldu\u011fu su\u00e7 duyurusundan bu zamana kadar 21 g\u00fcn ge\u00e7ti\u011fini hat\u0131rlatan CHP\u2019li Ba\u015far\u0131r, \u201cAradan 21 g\u00fcn ge\u00e7mesine ve su\u00e7 duyurusunda bulunmama ra\u011fmen k\u0131l\u0131n\u0131 k\u0131p\u0131rdatmayan yarg\u0131, hi\u00e7bir su\u00e7u olmayan olan Mimar Sinan \u00dcniversitesi \u00f6\u011frencisi Beyza Bulda\u011f\u2019a 2 g\u00fcn i\u00e7erisinde tutuklama karar\u0131 veriyor. Yap\u0131lan bu uygulamalar, yarg\u0131 sistemimizin ne kadar ki\u015filere ba\u011fl\u0131 olarak de\u011fi\u015fkenli\u011fe u\u011frad\u0131\u011f\u0131n\u0131n bir g\u00f6stergesidir. Ne yaz\u0131k ki T\u00fcrkiye Cumhuriyeti Yarg\u0131s\u0131 hi\u00e7 bu hale d\u00fc\u015f\u00fcr\u00fclmemi\u015fti. Kimilerinin i\u015fledikleri su\u00e7 alenen ortadayken harekete ge\u00e7meyen yarg\u0131 mensuplar\u0131, su\u00e7suz olanlar i\u00e7in mevcut konjonkt\u00fcre g\u00f6re 2 g\u00fcn i\u00e7erisinde tutuklama karar\u0131 verebiliyor. Adalet sistemi ne \u00fcz\u00fcc\u00fcd\u00fcr ki herkes i\u00e7in e\u015fit \u00e7al\u0131\u015fm\u0131yor\u201d ifadelerine yer verdi.<\/p>\n<p>\u201cYARGIDAK\u0130 KEYF\u0130L\u0130K AKIL ALMAZ B\u0130R BOYUTA ULA\u015eTI\u201d<\/p>\n<p>\u0130ktidar\u0131n keyfi maddeler yarat\u0131p \u00f6\u011frencileri tutuklad\u0131\u011f\u0131n\u0131 belirten CHP\u2019li Ba\u015far\u0131r: \u201c\u00d6\u011frenci karde\u015fimiz Bulda\u011f, \u2018Halk\u0131 kin nefret d\u00fc\u015fmanl\u0131\u011fa tahrik ve su\u00e7 i\u015flemeye tahrik su\u00e7lamas\u0131yla\u2019 sevk edildi\u011fi mahkemece tutukland\u0131. Bu T\u00fcrk yarg\u0131s\u0131 i\u00e7in son derece vahim bir karard\u0131r. Beyza Bulda\u011f\u2019\u0131n CMK 100 ve devam\u0131 maddeleri uyar\u0131nca tutuklanmas\u0131; Beyza\u2019n\u0131n i\u00e7indeki kin, nefret ve d\u00fc\u015fmanl\u0131\u011f\u0131 de\u011fil, iktidar\u0131n i\u00e7indeki kin, nefret ve d\u00fc\u015fmanl\u0131\u011f\u0131 g\u00f6stermektedir. \u2018Halk\u0131 kin, nefret, d\u00fc\u015fmanl\u0131\u011fa tahrik ve su\u00e7 i\u015flemeye tahrik\u2019 su\u00e7u, Ceza Muhakemeleri Kanunu madde 100\u2019deki katalog su\u00e7lardan olmamas\u0131na ra\u011fmen, Beyza \u00e7\u0131kt\u0131\u011f\u0131 mahkemece hak, hukuk bilmeyen bir hakim taraf\u0131ndan tutuklan\u0131yor. P\u0131r\u0131l p\u0131r\u0131l gen\u00e7ler, \u2018Tek Adam\u2019\u0131n siyasi h\u0131rs\u0131, egosu y\u00fcz\u00fcnden keyfi olarak tutuklan\u0131yor.\u2019\u2019 dedi.<\/p>\n<p>\u201cBUNUN ADI YARGININ S\u0130YASALLA\u015eMASIDIR\u2019\u2019\u2019<\/p>\n<p>S\u00f6zlerine \u00fclkedeki d\u00fc\u015f\u00fcnce \u00f6zg\u00fcrl\u00fc\u011f\u00fcn\u00fcn yitirildi\u011fini belirterek devam eden CHP\u2019li Ba\u015far\u0131r; \u201cBeyza Bulda\u011f\u2019a su\u00e7lamalar: Twitter\u2019da @boundayanisma hesab\u0131n\u0131 y\u00f6netti\u011fi iddias\u0131yla, \u201812.Cumhurba\u015fkan\u0131\u2019na A\u00e7\u0131k Mektup\u2019 yaz\u0131s\u0131 sebebiyle cumhurba\u015fkan\u0131na hakaret, di\u011fer payla\u015f\u0131mlar sebebiyle halk\u0131 kin, nefret, d\u00fc\u015fmanl\u0131\u011fa tahrik etme ve su\u00e7 i\u015flemeye tahrik etme. Tek delil ise Twitter\u2019daki@boundayanisma hesab\u0131 ile Beyza Bulda\u011f\u2019\u0131n telefon numaras\u0131n\u0131n son iki hanesinin 12 ile bitmesi. Cumhurba\u015fkan\u0131na siyasi ele\u015ftiriler sunmaktan ibaret bir a\u00e7\u0131k mektup yay\u0131nlan\u0131yor ve iki g\u00fcn sonra \u00f6\u011frencilerin evi bas\u0131l\u0131yor, tutuklamalar yap\u0131l\u0131yor. Bunun ad\u0131 \u2018yarg\u0131n\u0131n siyasalla\u015fmas\u0131\u2019d\u0131r. \u0130ktidar\u0131n Anayasa ve T\u00fcrk Ceza Kanunu\u2019nu hi\u00e7e sayan uygulamalar\u0131, \u2018Yeni Anayasa\u2019 s\u00f6ylemlerini de bo\u015f bir safsata haline getirmektedir.\u2019\u2019 diyerek s\u00f6zlerine son verdi.<\/p>\n","protected":false},"excerpt":{"rendered":"<p>CHP Mersin Milletvekili ve TBMM Anayasa Komisyonu \u00dcyesi Ali Mahir Ba\u015far\u0131r, Bo\u011fazi\u00e7i Dayan\u0131\u015fma hesab\u0131n\u0131n y\u00f6neticisi oldu\u011fu iddia edilen Beyza Bulda\u011f\u2019\u0131n haks\u0131z yere 2 g\u00fcn i\u00e7erisinde tutuklanmas\u0131na ili\u015fkin bas\u0131n a\u00e7\u0131klamas\u0131 yay\u0131mlad\u0131. &hellip; <a href=\"https:\/\/akdenizolaygazetesi.com\/?p=10598\" class=\"more-link\">Devam\u0131n\u0131 Oku&#8230;<\/a><\/p>\n","protected":false},"author":2,"featured_media":10599,"comment_status":"open","ping_status":"open","sticky":false,"template":"","format":"standard","meta":[],"categories":[34,1,2,3,6],"tags":[],"_links":{"self":[{"href":"https:\/\/akdenizolaygazetesi.com\/index.php?rest_route=\/wp\/v2\/posts\/10598"}],"collection":[{"href":"https:\/\/akdenizolaygazetesi.com\/index.php?rest_route=\/wp\/v2\/posts"}],"about":[{"href":"https:\/\/akdenizolaygazetesi.com\/index.php?rest_route=\/wp\/v2\/types\/post"}],"author":[{"embeddable":true,"href":"https:\/\/akdenizolaygazetesi.com\/index.php?rest_route=\/wp\/v2\/users\/2"}],"replies":[{"embeddable":true,"href":"https:\/\/akdenizolaygazetesi.com\/index.php?rest_route=%2Fwp%2Fv2%2Fcomments&post=10598"}],"version-history":[{"count":1,"href":"https:\/\/akdenizolaygazetesi.com\/index.php?rest_route=\/wp\/v2\/posts\/10598\/revisions"}],"predecessor-version":[{"id":10600,"href":"https:\/\/akdenizolaygazetesi.com\/index.php?rest_route=\/wp\/v2\/posts\/10598\/revisions\/10600"}],"wp:featuredmedia":[{"embeddable":true,"href":"https:\/\/akdenizolaygazetesi.com\/index.php?rest_route=\/wp\/v2\/media\/10599"}],"wp:attachment":[{"href":"https:\/\/akdenizolaygazetesi.com\/index.php?rest_route=%2Fwp%2Fv2%2Fmedia&parent=10598"}],"wp:term":[{"taxonomy":"category","embeddable":true,"href":"https:\/\/akdenizolaygazetesi.com\/index.php?rest_route=%2Fwp%2Fv2%2Fcategories&post=10598"},{"taxonomy":"post_tag","embeddable":true,"href":"https:\/\/akdenizolaygazetesi.com\/index.php?rest_route=%2Fwp%2Fv2%2Ftags&post=10598"}],"curies":[{"name":"wp","href":"https:\/\/api.w.org\/{rel}","templated":true}]}}