{"id":10601,"date":"2021-02-08T14:46:15","date_gmt":"2021-02-08T11:46:15","guid":{"rendered":"http:\/\/akdenizolaygazetesi.com\/?p=10601"},"modified":"2021-02-08T14:46:15","modified_gmt":"2021-02-08T11:46:15","slug":"mezitlide-yok-edilecek-tarim-alanlari-meclise-de-tasindi-acele-kamulastirma-kararinin-gerekceleri-ne","status":"publish","type":"post","link":"https:\/\/akdenizolaygazetesi.com\/?p=10601","title":{"rendered":"MEZ\u0130TL\u0130\u2019DE YOK ED\u0130LECEK TARIM ALANLARI MECL\u0130SE DE TA\u015eINDI..!    \u2018ACELE KAMULA\u015eTIRMA KARARININ GEREK\u00c7ELER\u0130 NE?\u2019"},"content":{"rendered":"<p>Mersin\u2019de  Mezitli il\u00e7esi, Davultepe mahallesi i\u00e7erisinde yer alan yakla\u015f\u0131k 400 d\u00f6n\u00fcml\u00fck birinci derece tar\u0131m arazisinin acele kamula\u015ft\u0131r\u0131lmas\u0131na karar verilmesi \u00fczerine, Davultepe Mahallesi\u2019ndeki \u00e7ift\u00e7ilerin, atalar\u0131ndan miras kalan topraklar \u00fczerinde tar\u0131m yaparak ge\u00e7imlerini sa\u011flamaya \u00e7al\u0131\u015fmakta oldu\u011fu bu karara pek \u00e7ok STK, kurum ve kurulu\u015f b\u00fcy\u00fck tepki g\u00f6stermeye devam ediyor. Son olarak HDP Mersin Milletvekili Dr. R\u0131dvan Turan da, Mersin Davultepe&#8217;deki tar\u0131m alan\u0131n\u0131n acil kamula\u015ft\u0131r\u0131lmas\u0131 karar\u0131n\u0131 meclis g\u00fcndemine ta\u015f\u0131d\u0131<\/p>\n<p>\u201c\u00c7\u0130FT\u00c7\u0130LER, TARIM ARAZ\u0130S\u0130 DI\u015eINDA YERLER OLMASINA RA\u011eMEN, B\u0130NLERCE NARENC\u0130YE A\u011eACININ KES\u0130LMES\u0130 KARARINA ANLAM VEREM\u0130YOR!\u2019\u2019<\/p>\n<p>Dr R\u0131dvan Turan, konuyla ilgili Cumhurba\u015fkan\u0131 Yard\u0131mc\u0131s\u0131 Fuat Oktay\u2019\u0131n yan\u0131tlamas\u0131 i\u00e7in soru \u00f6nergesi verdi.<\/p>\n<p>Mersin Milletvekili Turan, \u00f6nergesinde 05.01.2021 tarihli ve 3362 say\u0131l\u0131 Cumhurba\u015fkan\u0131 karar\u0131 ile Mersin ili, Mezitli il\u00e7esi, Davultepe Mahallesi i\u00e7erisinde yer alan yakla\u015f\u0131k 400 d\u00f6n\u00fcml\u00fck birinci derece tar\u0131m arazisinin acele kamula\u015ft\u0131r\u0131lmas\u0131na karar verildi\u011fini fakat Davultepe Mahallesi\u2019ndeki \u00e7ift\u00e7ilerin, atalar\u0131ndan miras kalan topraklar \u00fczerinde tar\u0131m yaparak ge\u00e7imlerini sa\u011flamaya \u00e7al\u0131\u015fmaktaolduklar\u0131n\u0131 ve bu karara tepki g\u00f6sterdiklerini ifade etti.<\/p>\n<p>Turan, \u201cBuradaki \u00e7ift\u00e7iler, kamula\u015ft\u0131rma karar\u0131n\u0131n tapulu topraklar \u00fczerindeki tasarruf hakk\u0131n\u0131n dikkate al\u0131nmadan verildi\u011fini belirtmektedir. \u00c7ift\u00e7iler, tar\u0131m arazisi d\u0131\u015f\u0131nda yerler olmas\u0131na ra\u011fmen, binlerce narenciye a\u011fac\u0131n\u0131n kesilmesiyle sonu\u00e7lanacak karar\u0131n verilmesine anlam verememektedir. \u00c7\u00fcnk\u00fc \u00e7ift\u00e7iler \u00fcrettikleri narenciyeleri ihra\u00e7 ederek \u00fclke ekonomisine \u00f6nemli oranda katk\u0131 sa\u011flamaktad\u0131r. Mezitli K\u00fc\u00e7\u00fck Sanayi Sitesi Kooperatifi ba\u015fkan\u0131 ve y\u00f6neticilerinin Mezitli il\u00e7esi ve Mersin B\u00fcy\u00fck\u015fehir meclis \u00fcyeleri olarak kendi sekt\u00f6rlerine ili\u015fkin karar almalar\u0131 5393 say\u0131l\u0131 Belediye Kanunu\u2019nun 27.maddesi ile \u00e7eli\u015fmektedir. 5393 say\u0131l\u0131 Belediye Kanunu\u2019nun 27. Maddesine g\u00f6re; \u2018belediye ba\u015fkan\u0131 ve meclis \u00fcyeleri, m\u00fcnhas\u0131ran kendileri, ikinci derece dahil kan ve kay\u0131n h\u0131s\u0131mlar\u0131 ve evlatl\u0131klar\u0131 ile ilgili i\u015flerin g\u00f6r\u00fc\u015f\u00fcld\u00fc\u011f\u00fc meclis toplant\u0131lar\u0131na kat\u0131lamazlar.\u2019 Fakat Mersin B\u00fcy\u00fck\u015fehir Belediye Meclisi taraf\u0131ndan Mezitli K\u00fc\u00e7\u00fck Sanayi Sitesi i\u00e7in tahsis edilen yer i\u00e7in al\u0131nan kararda Mezitli K\u00fc\u00e7\u00fck Sanayi Sitesi Kooperatifi, ba\u015fkan\u0131 ve y\u00f6neticilerin rol\u00fc oldu\u011fu iddia edilmektedir.\u2019\u2019 \u015feklinde konu\u015ftu.<\/p>\n<p>\u2018\u2019DAVULTEPE HALKI, KARARIN BELL\u0130 RANT ODAKLARINA H\u0130ZMET ETT\u0130\u011e\u0130N\u0130 D\u00dc\u015e\u00dcNMEKTED\u0130R\u2019\u2019<\/p>\n<p>Mersin Milletvekili Turan, \u00f6nergesinde Mersin\u2019in Davultepe Mahallesi\u2019nde kurulmas\u0131 planlanan Mezitli K\u00fc\u00e7\u00fck Sanayi Sitesi ile ekolojik ya\u015fam yok olaca\u011f\u0131n\u0131 ve yakla\u015f\u0131k 400 d\u00f6n\u00fcml\u00fck narenciye bah\u00e7esindeki binlerce a\u011fac\u0131n kesilece\u011fini belirterek, \u201cAl\u0131nan karar\u0131n elle tutulur hi\u00e7bir yan\u0131 yoktur. Kald\u0131 ki Davultepe mahalle sakinleri, al\u0131nan karar\u0131n belli rant odaklar\u0131na hizmet etti\u011fini d\u00fc\u015f\u00fcnmektedir. \u00c7\u00fcnk\u00fc kararlar, gizli bir \u015fekilde ve b\u00fcrokratik ili\u015fkilerle mahalle sakinleri bilgilendirilmeden al\u0131nm\u0131\u015ft\u0131r. Bah\u00e7eler, ge\u00e7en s\u00fcrede, tar\u0131m entegre b\u00f6lgesinden \u00e7\u0131kart\u0131larak kent servis alan\u0131 olarak tan\u0131mlanm\u0131\u015ft\u0131r. Dolay\u0131s\u0131yla hem Cumhurba\u015fkanl\u0131\u011f\u0131 taraf\u0131ndan hem de Mersin B\u00fcy\u00fck\u015fehir Meclisi taraf\u0131ndan Davultepe Mahallesi\u2019ndeki yakla\u015f\u0131k 400 d\u00f6n\u00fcml\u00fck arazinin tar\u0131m entegre b\u00f6lgesinden \u00e7\u0131kart\u0131lmas\u0131 karar\u0131n\u0131n bah\u00e7e sahiplerinin g\u00f6r\u00fc\u015f\u00fc al\u0131narak yeniden de\u011ferlendirilmesi gerekmektedir. Bahsi ge\u00e7en b\u00f6lgedeki bah\u00e7eler \u00fczerinden rant elde etmek isteyenlerin ortaya \u00e7\u0131kar\u0131lmas\u0131 ve haklar\u0131nda soru\u015fturma a\u00e7\u0131lmas\u0131 ise bir zorunluluktur.\u2019\u2019 \u015feklinde c\u00fcmleler kulland\u0131.<\/p>\n<p>HDP\u2019L\u0130 TURAN, CEVAPLANMASI \u0130STEM\u0130YLE \u00dc\u00c7 SORU SORDU<\/p>\n<p>HDP Mersin Milletvekili Dr. R\u0131dvan Turan \u00f6nergesinde \u015fu sorulara yer verdi:<\/p>\n<p>1) Bahsi ge\u00e7en yerlerdeki acele kamula\u015ft\u0131rma karar\u0131n\u0131n verilmesinin gerek\u00e7eleri nelerdir?<\/p>\n<p>2) B\u00f6lgedeki bah\u00e7e sahipleri ve Mersin\u2019in ekolojisi olumsuz y\u00f6nde etkilenece\u011finden karar\u0131 tekrardan g\u00f6zden ge\u00e7irmeyi d\u00fc\u015f\u00fcn\u00fcyor musunuz?<\/p>\n<p>3) 05.01.2021 tarihli ve 3362 say\u0131l\u0131 ald\u0131\u011f\u0131n\u0131z Cumhurba\u015fkan\u0131 karar\u0131n\u0131n yeniden d\u00fczenlenmesi i\u00e7in bah\u00e7e sahipleri ile temasa ge\u00e7meyi d\u00fc\u015f\u00fcn\u00fcyor musunuz?<\/p>\n","protected":false},"excerpt":{"rendered":"<p>Mersin\u2019de Mezitli il\u00e7esi, Davultepe mahallesi i\u00e7erisinde yer alan yakla\u015f\u0131k 400 d\u00f6n\u00fcml\u00fck birinci derece tar\u0131m arazisinin acele kamula\u015ft\u0131r\u0131lmas\u0131na karar verilmesi \u00fczerine, Davultepe Mahallesi\u2019ndeki \u00e7ift\u00e7ilerin, atalar\u0131ndan miras kalan topraklar \u00fczerinde tar\u0131m yaparak &hellip; <a href=\"https:\/\/akdenizolaygazetesi.com\/?p=10601\" class=\"more-link\">Devam\u0131n\u0131 Oku&#8230;<\/a><\/p>\n","protected":false},"author":2,"featured_media":10603,"comment_status":"open","ping_status":"open","sticky":false,"template":"","format":"standard","meta":[],"categories":[34,1,2,3,5,6],"tags":[],"_links":{"self":[{"href":"https:\/\/akdenizolaygazetesi.com\/index.php?rest_route=\/wp\/v2\/posts\/10601"}],"collection":[{"href":"https:\/\/akdenizolaygazetesi.com\/index.php?rest_route=\/wp\/v2\/posts"}],"about":[{"href":"https:\/\/akdenizolaygazetesi.com\/index.php?rest_route=\/wp\/v2\/types\/post"}],"author":[{"embeddable":true,"href":"https:\/\/akdenizolaygazetesi.com\/index.php?rest_route=\/wp\/v2\/users\/2"}],"replies":[{"embeddable":true,"href":"https:\/\/akdenizolaygazetesi.com\/index.php?rest_route=%2Fwp%2Fv2%2Fcomments&post=10601"}],"version-history":[{"count":1,"href":"https:\/\/akdenizolaygazetesi.com\/index.php?rest_route=\/wp\/v2\/posts\/10601\/revisions"}],"predecessor-version":[{"id":10604,"href":"https:\/\/akdenizolaygazetesi.com\/index.php?rest_route=\/wp\/v2\/posts\/10601\/revisions\/10604"}],"wp:featuredmedia":[{"embeddable":true,"href":"https:\/\/akdenizolaygazetesi.com\/index.php?rest_route=\/wp\/v2\/media\/10603"}],"wp:attachment":[{"href":"https:\/\/akdenizolaygazetesi.com\/index.php?rest_route=%2Fwp%2Fv2%2Fmedia&parent=10601"}],"wp:term":[{"taxonomy":"category","embeddable":true,"href":"https:\/\/akdenizolaygazetesi.com\/index.php?rest_route=%2Fwp%2Fv2%2Fcategories&post=10601"},{"taxonomy":"post_tag","embeddable":true,"href":"https:\/\/akdenizolaygazetesi.com\/index.php?rest_route=%2Fwp%2Fv2%2Ftags&post=10601"}],"curies":[{"name":"wp","href":"https:\/\/api.w.org\/{rel}","templated":true}]}}