{"id":10606,"date":"2021-02-08T19:08:23","date_gmt":"2021-02-08T16:08:23","guid":{"rendered":"http:\/\/akdenizolaygazetesi.com\/?p=10606"},"modified":"2021-02-08T19:08:23","modified_gmt":"2021-02-08T16:08:23","slug":"onel-mersin-kamuoyundan-ve-basin-mensuplarindan-ozur-dilemeli","status":"publish","type":"post","link":"https:\/\/akdenizolaygazetesi.com\/?p=10606","title":{"rendered":"\u00d6NEL, MERS\u0130N KAMUOYU\u2019NDAN VE BASIN MENSUPLARINDAN \u00d6Z\u00dcR D\u0130LEMEL\u0130"},"content":{"rendered":"<p>Mersin K\u00fc\u00e7\u00fck Sanayi Sitesi Kooperatif Ba\u015fkan\u0131 ve MHP Mezitli Belediye Meclis \u00dcyesi B\u00fcnyamin \u00d6nel, kayna\u011f\u0131 da belirsiz olarak yapt\u0131rd\u0131\u011f\u0131 bas\u0131n a\u00e7\u0131klamas\u0131nda, projeye ve tar\u0131m alanlar\u0131n\u0131n katledilmesine kar\u015f\u0131 \u00e7\u0131kan, \u00e7evre bilinci ile hareket eden vatanda\u015flar\u0131 ve gazetecileri lanetledi. A\u00e7\u0131klamada kullan\u0131lan a\u011f\u0131r s\u00f6zler Mersin kamuoyunda ve yerel bas\u0131nda b\u00fcy\u00fck tepkilere neden oldu.<\/p>\n<p>Bas\u0131n a\u00e7\u0131klamas\u0131n\u0131 yapan\u0131n da belli olmad\u0131\u011f\u0131, B\u00fcnyamin \u00d6nel\u2019i tamamen hakl\u0131 oldu\u011funu iddia eden bas\u0131n b\u00fcltenindeki o s\u00f6zler:  \u201cSay\u0131n B\u00fcnyamin \u00d6nel\u2019e ve y\u00f6netimine at\u0131l\u0131 su\u00e7lamalar\u0131n da ger\u00e7e\u011fi yans\u0131tmad\u0131\u011f\u0131n\u0131, kendisinin Mersin i\u00e7in \u00e7al\u0131\u015fan biri oldu\u011funu biliyor ve inan\u0131yoruz. Mezitli\u2019nin ve Mersin\u2019in gelece\u011finin bo\u015f iddialar \u00fczerinden karart\u0131lmas\u0131n\u0131 istemiyoruz. Bu noktada baz\u0131 yay\u0131n organlar\u0131nda \u00e7\u0131kan haberlerin yeterince ara\u015ft\u0131r\u0131lmadan, olay\u0131n tek bir taraf\u0131 incelenerek, iki tarafl\u0131 incelendi\u011fi zaman da sadece k\u0131s\u0131tl\u0131 bilgiler verilerek, kamuoyuna sunuldu\u011funu g\u00f6rmekteyiz. Dolay\u0131s\u0131yla bas\u0131n mensubu arkada\u015flar\u0131 da Mezitli\u2019de ara\u015ft\u0131rma yapmaya, mevcut sanayi sitesi ve apartman altlar\u0131ndaki esnaf\u0131n \u00e7al\u0131\u015fma ko\u015fullar\u0131n\u0131 g\u00f6rmeye, ayn\u0131 apartman\u0131 payla\u015fan ailelerin ya\u015fad\u0131klar\u0131 s\u0131k\u0131nt\u0131lar\u0131 dinlemeye davet ediyoruz. Tek bir isim \u00fczerinden yap\u0131lan karalamalar, Mersin\u2019e hi\u00e7bir katk\u0131 sa\u011flamayacakt\u0131r. Mezitli K\u00fc\u00e7\u00fck Sanayi Sitesi Kooperatif Ba\u015fkan\u0131 B\u00fcnyamin \u00d6nel ve y\u00f6netimine yap\u0131lan haks\u0131z giri\u015fimleri de bu vesileyle lanetliyoruz.\u201d<\/p>\n<p>TARIM ALANLARINI KORUMAK \u0130STEYENLER\u0130 VE BASIN MENSUPLARINI MI LANETL\u0130YORSUNUZ?<\/p>\n<p>Hi\u00e7bir \u00e7\u0131kar ve menfaat derdi olmadan, sadece tar\u0131m alanlar\u0131 ile narenciye ve zeytin a\u011fa\u00e7lar\u0131n\u0131n korunmas\u0131 i\u00e7in \u00e7abalayan de\u011ferli Mersinliler\u2019i ve bu a\u00e7\u0131klamalar\u0131 haber yapan, \u00e7al\u0131\u015fan bas\u0131n mensuplar\u0131n\u0131 lanetlemek ne demek? Bu kente sahip \u00e7\u0131kmakta olan insanlar\u0131m\u0131za ve gazetecilere kar\u015f\u0131 vicdans\u0131zca, seviyesizce yap\u0131lan \u00e7ok a\u011f\u0131r bir harekettir. Bas\u0131n\u0131n g\u00f6revi; herhangi bir konuda farkl\u0131 ses ve g\u00f6r\u00fc\u015fleri ayr\u0131m yapmadan objektif bir \u015fekilde kamuoyuna aktarmakt\u0131r. Kendiniz gibi d\u00fc\u015f\u00fcnm\u00fcyor diye hi\u00e7bir kimseyi lanetleyemezsiniz! Ayr\u0131ca konu \u00fczerinde kimin hakl\u0131 ve kimin haks\u0131z oldu\u011funa siz de\u011fil, Mersin kamuoyu ve ba\u011f\u0131ms\u0131z T\u00fcrk Yarg\u0131s\u0131 karar verecektir.<\/p>\n<p>MERS\u0130NL\u0130LER\u2019DEN VE BASIN MENSUPLARINDAN \u00d6Z\u00dcR D\u0130LEMEL\u0130D\u0130R!<\/p>\n<p>A\u00e7\u0131klamada, \u00e7evre ve tar\u0131m alanlar\u0131n\u0131 savunan Mersinliler\u2019e ve onlar\u0131n sesini duyuran bas\u0131n mensuplar\u0131na a\u00e7\u0131k bir \u015fekilde a\u011f\u0131r bir \u015fekilde hakaret edilmi\u015ftir. Kendilerini, \u2018lanetlemek\u2019 gibi \u00e7ok a\u015fa\u011f\u0131lay\u0131c\u0131 bir kelimenin neden kullan\u0131ld\u0131\u011f\u0131n\u0131 a\u00e7\u0131klamaya ve t\u00fcm Mersinliler\u2019den ve bas\u0131n mensuplar\u0131ndan \u00f6z\u00fcr dilemeye \u00e7a\u011f\u0131r\u0131yoruz.<\/p>\n","protected":false},"excerpt":{"rendered":"<p>Mersin K\u00fc\u00e7\u00fck Sanayi Sitesi Kooperatif Ba\u015fkan\u0131 ve MHP Mezitli Belediye Meclis \u00dcyesi B\u00fcnyamin \u00d6nel, kayna\u011f\u0131 da belirsiz olarak yapt\u0131rd\u0131\u011f\u0131 bas\u0131n a\u00e7\u0131klamas\u0131nda, projeye ve tar\u0131m alanlar\u0131n\u0131n katledilmesine kar\u015f\u0131 \u00e7\u0131kan, \u00e7evre bilinci &hellip; <a href=\"https:\/\/akdenizolaygazetesi.com\/?p=10606\" class=\"more-link\">Devam\u0131n\u0131 Oku&#8230;<\/a><\/p>\n","protected":false},"author":2,"featured_media":10607,"comment_status":"open","ping_status":"open","sticky":false,"template":"","format":"standard","meta":[],"categories":[34,1,2,3,5],"tags":[],"_links":{"self":[{"href":"https:\/\/akdenizolaygazetesi.com\/index.php?rest_route=\/wp\/v2\/posts\/10606"}],"collection":[{"href":"https:\/\/akdenizolaygazetesi.com\/index.php?rest_route=\/wp\/v2\/posts"}],"about":[{"href":"https:\/\/akdenizolaygazetesi.com\/index.php?rest_route=\/wp\/v2\/types\/post"}],"author":[{"embeddable":true,"href":"https:\/\/akdenizolaygazetesi.com\/index.php?rest_route=\/wp\/v2\/users\/2"}],"replies":[{"embeddable":true,"href":"https:\/\/akdenizolaygazetesi.com\/index.php?rest_route=%2Fwp%2Fv2%2Fcomments&post=10606"}],"version-history":[{"count":1,"href":"https:\/\/akdenizolaygazetesi.com\/index.php?rest_route=\/wp\/v2\/posts\/10606\/revisions"}],"predecessor-version":[{"id":10608,"href":"https:\/\/akdenizolaygazetesi.com\/index.php?rest_route=\/wp\/v2\/posts\/10606\/revisions\/10608"}],"wp:featuredmedia":[{"embeddable":true,"href":"https:\/\/akdenizolaygazetesi.com\/index.php?rest_route=\/wp\/v2\/media\/10607"}],"wp:attachment":[{"href":"https:\/\/akdenizolaygazetesi.com\/index.php?rest_route=%2Fwp%2Fv2%2Fmedia&parent=10606"}],"wp:term":[{"taxonomy":"category","embeddable":true,"href":"https:\/\/akdenizolaygazetesi.com\/index.php?rest_route=%2Fwp%2Fv2%2Fcategories&post=10606"},{"taxonomy":"post_tag","embeddable":true,"href":"https:\/\/akdenizolaygazetesi.com\/index.php?rest_route=%2Fwp%2Fv2%2Ftags&post=10606"}],"curies":[{"name":"wp","href":"https:\/\/api.w.org\/{rel}","templated":true}]}}