{"id":10609,"date":"2021-02-09T12:23:34","date_gmt":"2021-02-09T09:23:34","guid":{"rendered":"http:\/\/akdenizolaygazetesi.com\/?p=10609"},"modified":"2021-02-09T12:23:34","modified_gmt":"2021-02-09T09:23:34","slug":"yavru-kopek-baligi-denizdeki-atiklar-yuzunden-oldu","status":"publish","type":"post","link":"https:\/\/akdenizolaygazetesi.com\/?p=10609","title":{"rendered":"YAVRU K\u00d6PEK BALI\u011eI DEN\u0130ZDEK\u0130 ATIKLAR Y\u00dcZ\u00dcNDEN \u00d6LD\u00dc"},"content":{"rendered":"<p>B\u00fcy\u00fck\u015fehir Belediyesi \u00c7evre Koruma ve Kontrol Dairesi ile \u0130tfaiye Dairesi taraf\u0131ndan Erdemli Bal\u0131k\u00e7\u0131 Bar\u0131na\u011f\u0131\u2019nda \u201cDeniz Dibi Temizleme Faaliyeti\u201d ger\u00e7ekle\u015ftirildi. Ara\u00e7 lasti\u011fi, buzdolab\u0131 kompres\u00f6r\u00fc, al\u0131\u015fveri\u015f sepeti, \u00e7elik tel rulosu gibi at\u0131klar\u0131n \u00e7\u0131kt\u0131\u011f\u0131 temizlikte, denizin dibinde at\u0131l vaziyette bulunan a\u011flara tak\u0131lan ve \u00e7\u0131kamad\u0131\u011f\u0131 i\u00e7in \u00f6len Camg\u00f6z cinsi k\u00f6pek bal\u0131\u011f\u0131 yavrusu da bulundu. 1 haftad\u0131r s\u00fcren etkinlikte dal\u0131\u015f yapan bal\u0131k adamlar yakla\u015f\u0131k 15 metrek\u00fcp kadar yeri deniz olmayan at\u0131k \u00e7\u0131kard\u0131.<\/p>\n<p>Mersin B\u00fcy\u00fck\u015fehir Belediyesi ve Sahil G\u00fcvenlik Akdeniz B\u00f6lge Komutanl\u0131\u011f\u0131\u2019n\u0131n, kentte insan ve kara kaynakl\u0131 deniz kirlili\u011fine fark\u0131ndal\u0131k olu\u015fturmak amac\u0131yla d\u00fczenledi\u011fi \u201cDeniz Dibi Temizleme Faaliyeti\u201d bu kez de Erdemli Bal\u0131k\u00e7\u0131 Bar\u0131na\u011f\u0131\u2019nda ger\u00e7ekle\u015ftirildi. Ekipler, etkinlikte denizden insan kaynakl\u0131 at\u0131klar\u0131 \u00e7\u0131kard\u0131. Denizin dibinde at\u0131l vaziyette bulunan bal\u0131k a\u011flar\u0131na tak\u0131lan ve kurtulamad\u0131\u011f\u0131 i\u00e7in \u00f6len Camg\u00f6z cinsi k\u00f6pek bal\u0131\u011f\u0131 yavrusu ekipleri \u00fczd\u00fc. Ekipler ayr\u0131ca a\u011flara tak\u0131lan yengeci de canl\u0131 olarak kurtararak ya\u015fam alan\u0131 olan denize b\u0131rakt\u0131.<\/p>\n<p>Denizden buzdolab\u0131 kompres\u00f6r\u00fc de \u00e7\u0131kt\u0131<\/p>\n<p>2 dal\u0131\u015f ger\u00e7ekle\u015ftiren ekipler, ara\u00e7 lasti\u011fi, cam ve pet \u015fi\u015fe, buzdolab\u0131 kompres\u00f6r\u00fc, bal\u0131k a\u011f\u0131, al\u0131\u015fveri\u015f sepeti, \u00e7elik tel rulo gibi yeri deniz olmayan ve geri d\u00f6n\u00fc\u015f\u00fcme kazand\u0131r\u0131labilecek pek \u00e7ok at\u0131\u011f\u0131 denizin dibinden \u00e7\u0131kard\u0131.<\/p>\n<p>1 haftada 15 metrek\u00fcp \u00e7\u00f6p \u00e7\u0131kar\u0131ld\u0131<\/p>\n<p>Erdemli Su \u00dcr\u00fcnleri Kooperatifi\u2019nin de destek verdi\u011fi etkinlikte dalg\u0131\u00e7lardan ve teknik personelden olu\u015fan 15 ki\u015filik ekip \u00e7al\u0131\u015ft\u0131. Temizleme etkinli\u011fine 1 haftad\u0131r devam eden ekip yakla\u015f\u0131k 15 metrek\u00fcp \u00e7\u00f6p \u00e7\u0131kard\u0131.<\/p>\n<p>Denizde olu\u015fan kirlili\u011fi somut bir \u015fekilde vatanda\u015flar\u0131n g\u00f6rmesi i\u00e7in Erdemli Bal\u0131k\u00e7\u0131 Bar\u0131na\u011f\u0131\u2019nda ger\u00e7ekle\u015ftirilen deniz dibi dal\u0131\u015f ve deniz dibi temizli\u011fi devam edecek.<\/p>\n","protected":false},"excerpt":{"rendered":"<p>B\u00fcy\u00fck\u015fehir Belediyesi \u00c7evre Koruma ve Kontrol Dairesi ile \u0130tfaiye Dairesi taraf\u0131ndan Erdemli Bal\u0131k\u00e7\u0131 Bar\u0131na\u011f\u0131\u2019nda \u201cDeniz Dibi Temizleme Faaliyeti\u201d ger\u00e7ekle\u015ftirildi. Ara\u00e7 lasti\u011fi, buzdolab\u0131 kompres\u00f6r\u00fc, al\u0131\u015fveri\u015f sepeti, \u00e7elik tel rulosu gibi at\u0131klar\u0131n &hellip; <a href=\"https:\/\/akdenizolaygazetesi.com\/?p=10609\" class=\"more-link\">Devam\u0131n\u0131 Oku&#8230;<\/a><\/p>\n","protected":false},"author":2,"featured_media":10610,"comment_status":"open","ping_status":"open","sticky":false,"template":"","format":"standard","meta":[],"categories":[34,1,2,3,5],"tags":[],"_links":{"self":[{"href":"https:\/\/akdenizolaygazetesi.com\/index.php?rest_route=\/wp\/v2\/posts\/10609"}],"collection":[{"href":"https:\/\/akdenizolaygazetesi.com\/index.php?rest_route=\/wp\/v2\/posts"}],"about":[{"href":"https:\/\/akdenizolaygazetesi.com\/index.php?rest_route=\/wp\/v2\/types\/post"}],"author":[{"embeddable":true,"href":"https:\/\/akdenizolaygazetesi.com\/index.php?rest_route=\/wp\/v2\/users\/2"}],"replies":[{"embeddable":true,"href":"https:\/\/akdenizolaygazetesi.com\/index.php?rest_route=%2Fwp%2Fv2%2Fcomments&post=10609"}],"version-history":[{"count":1,"href":"https:\/\/akdenizolaygazetesi.com\/index.php?rest_route=\/wp\/v2\/posts\/10609\/revisions"}],"predecessor-version":[{"id":10611,"href":"https:\/\/akdenizolaygazetesi.com\/index.php?rest_route=\/wp\/v2\/posts\/10609\/revisions\/10611"}],"wp:featuredmedia":[{"embeddable":true,"href":"https:\/\/akdenizolaygazetesi.com\/index.php?rest_route=\/wp\/v2\/media\/10610"}],"wp:attachment":[{"href":"https:\/\/akdenizolaygazetesi.com\/index.php?rest_route=%2Fwp%2Fv2%2Fmedia&parent=10609"}],"wp:term":[{"taxonomy":"category","embeddable":true,"href":"https:\/\/akdenizolaygazetesi.com\/index.php?rest_route=%2Fwp%2Fv2%2Fcategories&post=10609"},{"taxonomy":"post_tag","embeddable":true,"href":"https:\/\/akdenizolaygazetesi.com\/index.php?rest_route=%2Fwp%2Fv2%2Ftags&post=10609"}],"curies":[{"name":"wp","href":"https:\/\/api.w.org\/{rel}","templated":true}]}}