{"id":1061,"date":"2020-11-04T18:21:38","date_gmt":"2020-11-04T15:21:38","guid":{"rendered":"http:\/\/mersinekonomipolitikagazetesi.com\/?p=1061"},"modified":"2020-11-04T18:21:38","modified_gmt":"2020-11-04T15:21:38","slug":"yazici-ve-aksudan-muzik-soleni","status":"publish","type":"post","link":"https:\/\/akdenizolaygazetesi.com\/?p=1061","title":{"rendered":"Yaz\u0131c\u0131 ve Aksu&#8217;dan m\u00fczik \u015f\u00f6leni"},"content":{"rendered":"<p>Mersin Uluslararas\u0131 M\u00fczik Festivali kapsam\u0131nda sahne alan orkestra \u015fefi ve piyanist \u0130brahim Yaz\u0131c\u0131 ile keman sanat\u00e7\u0131s\u0131 Berfin Aksu, J. Brahms, Musorgsky ve Faz\u0131l Say\u2019\u0131n eserlerini seslendirerek sanatseverlere m\u00fczik \u015f\u00f6leni sundu.<\/p>\n<p>Yaz\u0131c\u0131 ve Aksu, festival kapsam\u0131nda Mersin \u00dcniversitesi Nevit Kodall\u0131 Konser Salonunda unutulmaz bir konsere imza att\u0131. \u0130ki b\u00f6l\u00fcmden olu\u015fan konserin ilk b\u00f6l\u00fcm\u00fcnde, Musorgsky\u2019in &#8216;Bir Sergiden Tablolar&#8217; eseri seslendirirken, ikinci b\u00f6l\u00fcmde Faz\u0131l Say\u2019\u0131n keman ve piyano i\u00e7in sonat\u0131 ve Alman romantik d\u00f6nemin en \u00f6nemli bestecilerinden J. Brahms\u2019\u0131n keman ve piyano i\u00e7in sonat op 108 eseri seslendirildi.<br \/>\nSanatseverlerin yo\u011fun ilgisiyle kapal\u0131 gi\u015fe seslendirilen konserde, do\u011fum g\u00fcn\u00fc olmas\u0131 vesilesiyle Mersin Uluslararas\u0131 M\u00fczik Festivali Y\u00f6netim Kurulu Ba\u015fkan\u0131 Selma Ya\u011fc\u0131\u2019ya sanat\u00e7\u0131lar s\u00fcrpriz yaparak sahnede do\u011fum g\u00fcn\u00fcn\u00fc kutlad\u0131.<\/p>\n","protected":false},"excerpt":{"rendered":"<p>Mersin Uluslararas\u0131 M\u00fczik Festivali kapsam\u0131nda sahne alan orkestra \u015fefi ve piyanist \u0130brahim Yaz\u0131c\u0131 ile keman sanat\u00e7\u0131s\u0131 Berfin Aksu, J. Brahms, Musorgsky ve Faz\u0131l Say\u2019\u0131n eserlerini seslendirerek sanatseverlere m\u00fczik \u015f\u00f6leni sundu. &hellip; <a href=\"https:\/\/akdenizolaygazetesi.com\/?p=1061\" class=\"more-link\">Devam\u0131n\u0131 Oku&#8230;<\/a><\/p>\n","protected":false},"author":1,"featured_media":0,"comment_status":"open","ping_status":"open","sticky":false,"template":"","format":"standard","meta":[],"categories":[],"tags":[],"_links":{"self":[{"href":"https:\/\/akdenizolaygazetesi.com\/index.php?rest_route=\/wp\/v2\/posts\/1061"}],"collection":[{"href":"https:\/\/akdenizolaygazetesi.com\/index.php?rest_route=\/wp\/v2\/posts"}],"about":[{"href":"https:\/\/akdenizolaygazetesi.com\/index.php?rest_route=\/wp\/v2\/types\/post"}],"author":[{"embeddable":true,"href":"https:\/\/akdenizolaygazetesi.com\/index.php?rest_route=\/wp\/v2\/users\/1"}],"replies":[{"embeddable":true,"href":"https:\/\/akdenizolaygazetesi.com\/index.php?rest_route=%2Fwp%2Fv2%2Fcomments&post=1061"}],"version-history":[{"count":0,"href":"https:\/\/akdenizolaygazetesi.com\/index.php?rest_route=\/wp\/v2\/posts\/1061\/revisions"}],"wp:attachment":[{"href":"https:\/\/akdenizolaygazetesi.com\/index.php?rest_route=%2Fwp%2Fv2%2Fmedia&parent=1061"}],"wp:term":[{"taxonomy":"category","embeddable":true,"href":"https:\/\/akdenizolaygazetesi.com\/index.php?rest_route=%2Fwp%2Fv2%2Fcategories&post=1061"},{"taxonomy":"post_tag","embeddable":true,"href":"https:\/\/akdenizolaygazetesi.com\/index.php?rest_route=%2Fwp%2Fv2%2Ftags&post=1061"}],"curies":[{"name":"wp","href":"https:\/\/api.w.org\/{rel}","templated":true}]}}