{"id":1062,"date":"2020-11-04T18:21:38","date_gmt":"2020-11-04T15:21:38","guid":{"rendered":"http:\/\/mersinekonomipolitikagazetesi.com\/?p=1062"},"modified":"2020-11-04T18:21:38","modified_gmt":"2020-11-04T15:21:38","slug":"karayollari-guvenligi-ve-trafik-haftasi","status":"publish","type":"post","link":"https:\/\/akdenizolaygazetesi.com\/?p=1062","title":{"rendered":"Karayollar\u0131 G\u00fcvenli\u011fi ve Trafik Haftas\u0131"},"content":{"rendered":"<p>Karayollar\u0131 G\u00fcvenli\u011fi ve Trafik Haftas\u0131, Mersin Valisi \u00d6zdemir \u00c7akacak&#8217;\u0131n kat\u0131ld\u0131\u011f\u0131 t\u00f6renle kutland\u0131<\/p>\n<p>Mersin Valisi \u00d6zdemir \u00c7akacak, Karayolu Trafik G\u00fcvenli\u011fi Stratejisi ve Eylem Plan\u0131n\u0131n haz\u0131rland\u0131\u011f\u0131n\u0131 ve resmi gazetede yay\u0131nlanarak y\u00fcr\u00fcrl\u00fc\u011fe girdi\u011fini hat\u0131rlatarak, bu plan \u00e7er\u00e7evesinde 2020 y\u0131l\u0131na kadar meydana gelen trafik kazalar\u0131nda ger\u00e7ekle\u015fecek \u00f6l\u00fcmlerin y\u00fczde 50 oran\u0131nda azalt\u0131lmas\u0131n\u0131n hedeflendi\u011fini s\u00f6yledi.<br \/>\nToplumda trafik bilincinin olu\u015fturulmas\u0131, kazalar\u0131n en aza indirilmesi ve insanlar\u0131n g\u00fcvenli trafik ortam\u0131nda ya\u015famlar\u0131n\u0131 s\u00fcrd\u00fcrmeleri konusunda fark\u0131ndal\u0131k olu\u015fturmak amac\u0131yla her y\u0131l d\u00fczenlenen \u2018Karayollar\u0131 G\u00fcvenli\u011fi ve Trafik Haftas\u0131&#8217; etkinlikleri, Vali \u00d6zdemir \u00c7akacak\u2019\u0131n kat\u0131l\u0131m\u0131yla ger\u00e7ekle\u015ftirildi.<br \/>\nMersin Valili\u011fi himayesinde, B\u00fcy\u00fck\u015fehir Belediyesi, \u0130l Emniyet M\u00fcd\u00fcrl\u00fc\u011f\u00fc ve \u0130l Milli E\u011fitim M\u00fcd\u00fcrl\u00fc\u011f\u00fc i\u015fbirli\u011fiyle Toroslar il\u00e7esinde bulunan \u0130brahim Karao\u011flano\u011flu \u0130lkokulunda d\u00fczenlenen a\u00e7\u0131l\u0131\u015f program\u0131nda konu\u015fan \u00c7akacak, trafik sorununun t\u00fcm d\u00fcnyada oldu\u011fu gibi \u00fclkemiz ve Mersin&#8217;de de g\u00fcndemin en \u00f6n s\u0131ralar\u0131nda yer ald\u0131\u011f\u0131n\u0131 s\u00f6yledi. \u00c7akacak, trafik kazalar\u0131n\u0131n k\u00fcresel \u00f6l\u00e7ekte yayg\u0131nla\u015fmas\u0131, y\u00fcksek oranda \u00f6l\u00fcm ve yaralanma vakalar\u0131na sebebiyet vermesi neticesinde toplumsal ve ekonomik kay\u0131plar\u0131n \u00e7ok ciddi boyutlara ula\u015ft\u0131\u011f\u0131na i\u015faret etti.<br \/>\n\u201cKazalardaki \u00f6l\u00fcmlerin y\u00fczde 50 azalt\u0131lmas\u0131 hedefleniyor&#8221;<br \/>\nYa\u015fan\u0131lan bu durum ile birlikte trafik sorununun ulusal ve uluslararas\u0131 d\u00fczeyde ele al\u0131nmas\u0131n\u0131n ka\u00e7\u0131n\u0131lmaz bir hale geldi\u011fini vurgulayan Vali \u00c7akacak, bu kapsamda Ba\u015fbakan Binali Y\u0131ld\u0131r\u0131m ba\u015fkanl\u0131\u011f\u0131nda Karayolu Trafik G\u00fcvenli\u011fi Stratejisi ve Eylem Plan\u0131n\u0131n haz\u0131rland\u0131\u011f\u0131n\u0131 ve resmi gazetede yay\u0131nlanarak y\u00fcr\u00fcrl\u00fc\u011fe girdi\u011fini hat\u0131rlatt\u0131. Bu plan \u00e7er\u00e7evesinde 2020 y\u0131l\u0131na kadar meydana gelen trafik kazalar\u0131nda ger\u00e7ekle\u015fecek \u00f6l\u00fcmlerin y\u00fczde 50 oran\u0131nda azalt\u0131lmas\u0131n\u0131n hedeflendi\u011fine dikkat \u00e7eken \u00c7akacak, s\u00f6z konusu planda trafik sorunuyla topyekun m\u00fccadele noktas\u0131nda kamu kurumlar\u0131, yerel y\u00f6netimler, sivil toplum kurulu\u015flar\u0131, e\u011fitim kurumlar\u0131 ve medya gibi bir\u00e7ok payda\u015fa \u00f6nemli g\u00f6revler atfedildi\u011finin bilgisini payla\u015farak, \u201cBu do\u011frultuda devletimiz ve h\u00fck\u00fcmetimiz, vatanda\u015flar\u0131m\u0131z\u0131n can ve mal g\u00fcvenli\u011finin en \u00fcst d\u00fczeyde sa\u011flanmas\u0131 ve trafik ak\u0131\u015f\u0131n\u0131n \u00e7a\u011fda\u015f standartlarda s\u00fcrd\u00fcr\u00fclmesi i\u00e7in kal\u0131c\u0131 \u00e7\u00f6z\u00fcmleri hayata ge\u00e7irmeye devam etmektedir\u201d dedi.<br \/>\n\u201cKay\u0131plar\u0131n \u00f6nlenmesi amac\u0131yla duble yol ve otoyol hamlesi b\u00fcy\u00fck bir h\u0131zla devam ediyor\u201d<br \/>\nKonu\u015fmas\u0131n\u0131n devam\u0131nda, artan ara\u00e7 say\u0131s\u0131 ile birlikte bu ara\u00e7lar\u0131n belirli kurallar i\u00e7erisinde hareket etmesinin olas\u0131 can ve mal kay\u0131plar\u0131n\u0131n \u00f6nlenmesi a\u00e7\u0131s\u0131ndan b\u00fcy\u00fck \u00f6nem ta\u015f\u0131d\u0131\u011f\u0131n\u0131n alt\u0131n\u0131 \u00e7izen Vali \u00c7akacak, bu kapsamda karayollar\u0131n\u0131n standartlar\u0131n\u0131 \u00e7ok ileri noktalara ta\u015f\u0131yan duble yol ve otoyol hamlesinin \u00fclke genelinde b\u00fcy\u00fck bir h\u0131zla devam etti\u011fine dikkat \u00e7ekerek, yol standartlar\u0131n\u0131n artmas\u0131 yan\u0131nda gerek emniyet gerekse jandarma te\u015fkilat\u0131n\u0131n 24 saat esas\u0131na g\u00f6re \u00e7al\u0131\u015farak trafi\u011fin g\u00fcvenli bir \u015fekilde seyretmesi i\u00e7in yo\u011fun \u00e7aba sarf etti\u011fini s\u00f6yledi.<br \/>\nT\u00fcm tedbirlere ra\u011fmen kural ihlalleri nedeniyle meydana gelen trafik kazalar\u0131nda bir\u00e7ok insan\u0131n hayat\u0131n\u0131 kaybetti\u011fini veya sakatland\u0131\u011f\u0131n\u0131 dile getiren ve s\u00f6zlerini trafik kazalar\u0131 ile ilgili istatistiki bilgiler vererek s\u00fcrd\u00fcren Vali \u00c7akacak, d\u00fcnyada her y\u0131l meydana gelen trafik kazalar\u0131nda yakla\u015f\u0131k 1 milyon 250 bin insan\u0131n hayat\u0131n\u0131 kaybetti\u011fini, 50 milyondan fazla insan\u0131n da bu kazalar sonucunda yaraland\u0131\u011f\u0131n\u0131 s\u00f6yledi. 2016 y\u0131l\u0131nda \u00fclke genelinde meydana gelen yakla\u015f\u0131k 410 bin civar\u0131ndaki trafik kazas\u0131nda, yakla\u015f\u0131k 3 bin 500 vatanda\u015f\u0131n hayat\u0131n\u0131 kaybetti\u011fini ifade eden \u00c7akacak, 300 binden fazla vatanda\u015f\u0131n da yaraland\u0131\u011f\u0131n\u0131 belirterek, &#8220;Yine ilimizde 2016 y\u0131l\u0131nda meydana gelen 10 bin 213 trafik kazas\u0131nda 100\u2019e yak\u0131n vatanda\u015f\u0131m\u0131z hayat\u0131n\u0131 kaybetmi\u015f, 8 binin \u00fczerinde vatanda\u015f\u0131m\u0131z ise yaralanm\u0131\u015ft\u0131r. Bu durum \u00fclke ekonomisi ve insan kaynaklar\u0131 anlam\u0131nda \u00e7ok b\u00fcy\u00fck bir kay\u0131pt\u0131r\u201d ifadelerini kulland\u0131.<br \/>\n\u201cKazalar\u0131n hemen hemen y\u00fczde 95\u2019i insan hatalar\u0131ndan kaynaklanmaktad\u0131r\u201d<br \/>\nKonu\u015fmas\u0131nda, trafik kazalar\u0131nda hayat\u0131n\u0131 kaybeden vatanda\u015flar\u0131n say\u0131s\u0131nda ge\u00e7en y\u0131la nazaran y\u00fczde 20\u2019lik bir azalma ya\u015fand\u0131\u011f\u0131n\u0131n bilgisini veren \u00c7akacak, tek bir vatanda\u015f\u0131n dahi hayat\u0131n\u0131 kaybetmesinin kendilerini derin \u00fcz\u00fcnt\u00fcye bo\u011fdu\u011funu belirterek, kazalar\u0131n hemen hemen y\u00fczde 95\u2019inin insan hatalar\u0131ndan kaynakland\u0131\u011f\u0131n\u0131, bu y\u00fczden birey olarak trafik kurallar\u0131 konusunda \u00e7ok daha bilin\u00e7li olunmas\u0131 gerekti\u011finin alt\u0131n\u0131 \u00e7izdi.<br \/>\nB\u00fcy\u00fck\u015fehir Belediye Ba\u015fkan\u0131 Burhanettin Kocamaz ile Trafik Denetleme \u015eube M\u00fcd\u00fcr\u00fc Serdar Yavuz\u2019un da trafik g\u00fcvenli\u011finin sa\u011flanmas\u0131 ile ilgili konu\u015fma yapt\u0131\u011f\u0131 a\u00e7\u0131l\u0131\u015f program\u0131, y\u0131l\u0131n s\u00fcr\u00fcc\u00fclerine ve trafik g\u00f6revlilerine \u00f6d\u00fcllerinin verilmesiyle devam ederken, Vali \u00c7akacak taraf\u0131ndan B\u00fcy\u00fck\u015fehir Belediye Ba\u015fkan\u0131 Kocamaz\u2019a katk\u0131lar\u0131ndan dolay\u0131 plaket takdim edildi.<br \/>\n\u00d6d\u00fcl t\u00f6reninin ard\u0131ndan \u00f6\u011frenciler taraf\u0131ndan d\u00fczenlenen rond g\u00f6sterisi ve halk oyunlar\u0131 g\u00f6sterileri ile devam eden programda Vali \u00d6zdemir \u00c7akacak, B\u00fcy\u00fck\u015fehir Belediyesi taraf\u0131ndan \u00e7ocuklara trafik kurallar\u0131n\u0131n uygulamal\u0131 olarak \u00f6\u011fretilmesi amac\u0131yla okul alan\u0131na kurulan Trafik E\u011fitim Park\u0131\u2019n\u0131n a\u00e7\u0131l\u0131\u015f\u0131n\u0131 da ger\u00e7ekle\u015ftirdi.<br \/>\nA\u00e7\u0131l\u0131\u015f sonras\u0131nda, \u00f6\u011frencilerin trafik e\u011fitim park\u0131nda trafik polisleri e\u015fli\u011finde ak\u00fcl\u00fc arabalar ve motosikletlerle d\u00fczenlemi\u015f oldu\u011fu g\u00f6steri b\u00fcy\u00fck be\u011feni toplarken, program Vali \u00c7akacak ve protokol \u00fcyelerinin e\u011fitim park\u0131 yan\u0131nda \u0130l Emniyet M\u00fcd\u00fcrl\u00fc\u011f\u00fc ve \u0130l Jandarma Komutanl\u0131\u011f\u0131 taraf\u0131ndan kurulan stantlar ile \u00f6\u011frencilerin trafik konulu yapm\u0131\u015f oldu\u011fu resim sergisinin gezilmesiyle sona erdi.<\/p>\n","protected":false},"excerpt":{"rendered":"<p>Karayollar\u0131 G\u00fcvenli\u011fi ve Trafik Haftas\u0131, Mersin Valisi \u00d6zdemir \u00c7akacak&#8217;\u0131n kat\u0131ld\u0131\u011f\u0131 t\u00f6renle kutland\u0131 Mersin Valisi \u00d6zdemir \u00c7akacak, Karayolu Trafik G\u00fcvenli\u011fi Stratejisi ve Eylem Plan\u0131n\u0131n haz\u0131rland\u0131\u011f\u0131n\u0131 ve resmi gazetede yay\u0131nlanarak y\u00fcr\u00fcrl\u00fc\u011fe girdi\u011fini &hellip; <a href=\"https:\/\/akdenizolaygazetesi.com\/?p=1062\" class=\"more-link\">Devam\u0131n\u0131 Oku&#8230;<\/a><\/p>\n","protected":false},"author":1,"featured_media":0,"comment_status":"open","ping_status":"open","sticky":false,"template":"","format":"standard","meta":[],"categories":[],"tags":[],"_links":{"self":[{"href":"https:\/\/akdenizolaygazetesi.com\/index.php?rest_route=\/wp\/v2\/posts\/1062"}],"collection":[{"href":"https:\/\/akdenizolaygazetesi.com\/index.php?rest_route=\/wp\/v2\/posts"}],"about":[{"href":"https:\/\/akdenizolaygazetesi.com\/index.php?rest_route=\/wp\/v2\/types\/post"}],"author":[{"embeddable":true,"href":"https:\/\/akdenizolaygazetesi.com\/index.php?rest_route=\/wp\/v2\/users\/1"}],"replies":[{"embeddable":true,"href":"https:\/\/akdenizolaygazetesi.com\/index.php?rest_route=%2Fwp%2Fv2%2Fcomments&post=1062"}],"version-history":[{"count":0,"href":"https:\/\/akdenizolaygazetesi.com\/index.php?rest_route=\/wp\/v2\/posts\/1062\/revisions"}],"wp:attachment":[{"href":"https:\/\/akdenizolaygazetesi.com\/index.php?rest_route=%2Fwp%2Fv2%2Fmedia&parent=1062"}],"wp:term":[{"taxonomy":"category","embeddable":true,"href":"https:\/\/akdenizolaygazetesi.com\/index.php?rest_route=%2Fwp%2Fv2%2Fcategories&post=1062"},{"taxonomy":"post_tag","embeddable":true,"href":"https:\/\/akdenizolaygazetesi.com\/index.php?rest_route=%2Fwp%2Fv2%2Ftags&post=1062"}],"curies":[{"name":"wp","href":"https:\/\/api.w.org\/{rel}","templated":true}]}}