{"id":10627,"date":"2021-02-10T12:43:25","date_gmt":"2021-02-10T09:43:25","guid":{"rendered":"http:\/\/akdenizolaygazetesi.com\/?p=10627"},"modified":"2021-02-10T12:43:25","modified_gmt":"2021-02-10T09:43:25","slug":"buyuksehir-mersini-14-subat-icin-sevgiyle-renklendirdi","status":"publish","type":"post","link":"https:\/\/akdenizolaygazetesi.com\/?p=10627","title":{"rendered":"B\u00dcY\u00dcK\u015eEH\u0130R, MERS\u0130N\u2019\u0130 14 \u015eUBAT \u0130\u00c7\u0130N SEVG\u0130YLE RENKLEND\u0130RD\u0130"},"content":{"rendered":"<p>Mersin B\u00fcy\u00fck\u015fehir Belediyesi, kenti 14 \u015eubat Sevgililer G\u00fcn\u00fc\u2019ne \u00f6zel sevgi temal\u0131 fig\u00fcrlerle s\u00fcsledi. Park ve Bah\u00e7eler Dairesi\u2019nin marangozhanesinde tamam\u0131 ah\u015faptan \u00fcretilen fig\u00fcrler sevgi ve iyile\u015fme y\u0131l\u0131nda K\u00fclt\u00fcr Park ba\u015fta olmak \u00fczere kentin \u00e7e\u015fitli yerlerine yerle\u015ftirildi. Ekipler, ayn\u0131 \u00e7al\u0131\u015fmay\u0131 \u00d6zgecan Aslan Bar\u0131\u015f Meydan\u0131\u2019nda da ger\u00e7ekle\u015ftiriyor.<\/p>\n<p>Mersin B\u00fcy\u00fck\u015fehir Belediyesi, sevgi ve iyile\u015fme dileklerinin tutuldu\u011fu 2021 y\u0131l\u0131nda kenti 14 \u015eubat Sevgililer G\u00fcn\u00fc\u2019ne \u00f6zel sevgi temal\u0131 fig\u00fcrlerle s\u00fcsledi. Park ve Bah\u00e7eler Dairesi Ba\u015fkanl\u0131\u011f\u0131\u2019n\u0131n marangozhanesinde tamam\u0131 ah\u015faptan \u00fcretilen fig\u00fcrler, Adnan Menderes sahili boyunca K\u00fclt\u00fcr Park ba\u015fta olmak \u00fczere kentin \u00e7e\u015fitli yerlerine yerle\u015ftirildi. I\u015f\u0131l \u0131\u015f\u0131l parlayan \u0131\u015f\u0131kl\u0131 sevgi yolu ve hat\u0131ra panolar\u0131 ise en be\u011fenilen k\u00f6\u015felerden oldu.<\/p>\n<p>Sanat ekibi \u00e7izdi, ustalar \u00fcretti<\/p>\n<p>Park ve Bah\u00e7eler Dairesi Ba\u015fkanl\u0131\u011f\u0131\u2019n\u0131n marangozhanesinde 14 \u015eubat\u2019a \u00f6zel olarak haz\u0131rlanan fig\u00fcrler sanat ekibi taraf\u0131ndan \u00e7izildi. Ustalar ise 1 hafta s\u00fcren \u00e7al\u0131\u015fmayla ah\u015fap malzemelerden kalp fig\u00fcrleri, T\u00fcrk\u00e7e ve \u0130ngilizce \u2018A\u015fk\u2019 yaz\u0131s\u0131 ve yaz\u0131l\u0131 hat\u0131ra panolar\u0131 olmak \u00fczere 200 adedi a\u015fk\u0131n fig\u00fcr \u00fcretti.<\/p>\n<p>Led \u0131\u015f\u0131klarla bezenen ve K\u00fclt\u00fcr Park\u2019a yerle\u015ftirilen sevgi yolu ise geceyi ayd\u0131nlatarak Mersinliler\u2019e g\u00f6rsel \u015f\u00f6len sunuyor.<\/p>\n<p>\u00d6zgecan Aslan Bar\u0131\u015f Meydan\u0131 da s\u00fcsleniyor<\/p>\n<p>Ekipler, 14 \u015eubat\u2019a \u00f6zel fig\u00fcrleri ve s\u00fcslemeleri kad\u0131n \u00fcretici stantlar\u0131n\u0131n kurulaca\u011f\u0131 \u00d6zgecan Aslan Bar\u0131\u015f Meydan\u0131\u2019na da yerle\u015ftiriyor. Kad\u0131n ve Aile Hizmetleri Dairesi Ba\u015fkanl\u0131\u011f\u0131 koordinesinde kad\u0131n \u00fcreticiler i\u00e7in \u00d6zgecan Aslan Bar\u0131\u015f Meydan\u0131\u2019nda stant a\u00e7\u0131lacak. Kad\u0131nlar el eme\u011fi g\u00f6z nuru \u00fcr\u00fcnlerini 11-12 \u015eubat\u2019ta sergileme imk\u00e2n\u0131 bulacak.<\/p>\n","protected":false},"excerpt":{"rendered":"<p>Mersin B\u00fcy\u00fck\u015fehir Belediyesi, kenti 14 \u015eubat Sevgililer G\u00fcn\u00fc\u2019ne \u00f6zel sevgi temal\u0131 fig\u00fcrlerle s\u00fcsledi. Park ve Bah\u00e7eler Dairesi\u2019nin marangozhanesinde tamam\u0131 ah\u015faptan \u00fcretilen fig\u00fcrler sevgi ve iyile\u015fme y\u0131l\u0131nda K\u00fclt\u00fcr Park ba\u015fta olmak &hellip; <a href=\"https:\/\/akdenizolaygazetesi.com\/?p=10627\" class=\"more-link\">Devam\u0131n\u0131 Oku&#8230;<\/a><\/p>\n","protected":false},"author":2,"featured_media":10628,"comment_status":"open","ping_status":"open","sticky":false,"template":"","format":"standard","meta":[],"categories":[34,1,2,3,5],"tags":[],"_links":{"self":[{"href":"https:\/\/akdenizolaygazetesi.com\/index.php?rest_route=\/wp\/v2\/posts\/10627"}],"collection":[{"href":"https:\/\/akdenizolaygazetesi.com\/index.php?rest_route=\/wp\/v2\/posts"}],"about":[{"href":"https:\/\/akdenizolaygazetesi.com\/index.php?rest_route=\/wp\/v2\/types\/post"}],"author":[{"embeddable":true,"href":"https:\/\/akdenizolaygazetesi.com\/index.php?rest_route=\/wp\/v2\/users\/2"}],"replies":[{"embeddable":true,"href":"https:\/\/akdenizolaygazetesi.com\/index.php?rest_route=%2Fwp%2Fv2%2Fcomments&post=10627"}],"version-history":[{"count":1,"href":"https:\/\/akdenizolaygazetesi.com\/index.php?rest_route=\/wp\/v2\/posts\/10627\/revisions"}],"predecessor-version":[{"id":10629,"href":"https:\/\/akdenizolaygazetesi.com\/index.php?rest_route=\/wp\/v2\/posts\/10627\/revisions\/10629"}],"wp:featuredmedia":[{"embeddable":true,"href":"https:\/\/akdenizolaygazetesi.com\/index.php?rest_route=\/wp\/v2\/media\/10628"}],"wp:attachment":[{"href":"https:\/\/akdenizolaygazetesi.com\/index.php?rest_route=%2Fwp%2Fv2%2Fmedia&parent=10627"}],"wp:term":[{"taxonomy":"category","embeddable":true,"href":"https:\/\/akdenizolaygazetesi.com\/index.php?rest_route=%2Fwp%2Fv2%2Fcategories&post=10627"},{"taxonomy":"post_tag","embeddable":true,"href":"https:\/\/akdenizolaygazetesi.com\/index.php?rest_route=%2Fwp%2Fv2%2Ftags&post=10627"}],"curies":[{"name":"wp","href":"https:\/\/api.w.org\/{rel}","templated":true}]}}