{"id":10630,"date":"2021-02-10T12:55:23","date_gmt":"2021-02-10T09:55:23","guid":{"rendered":"http:\/\/akdenizolaygazetesi.com\/?p=10630"},"modified":"2021-02-10T12:55:23","modified_gmt":"2021-02-10T09:55:23","slug":"akdenizin-ureten-kadinlari-mersinlileri-kadin-emegi-diyarina-bekliyor","status":"publish","type":"post","link":"https:\/\/akdenizolaygazetesi.com\/?p=10630","title":{"rendered":"AKDEN\u0130Z\u2019\u0130N \u00dcRETEN KADINLARI, MERS\u0130NL\u0130LER\u0130 KADIN EME\u011e\u0130 D\u0130YARI&#8217;NA BEKL\u0130YOR"},"content":{"rendered":"<p>Akdeniz Belediyesi&#8217;nin de destekledi\u011fi; kad\u0131nlar\u0131n ekonomik hayata kat\u0131lmas\u0131nda \u00f6nemli rol<br \/>\noynayan Kad\u0131n Eme\u011fi Diyar\u0131\u2019ndaki \u00fcretici kad\u0131nlar, daha g\u00fc\u00e7l\u00fc bir \u015fekilde ayakta durmak ad\u0131na,<br \/>\nMersin halk\u0131n\u0131n kooperatiflerden al\u0131\u015fveri\u015f yapmalar\u0131 i\u00e7in destek \u00e7a\u011fr\u0131s\u0131 yapt\u0131. Ba\u015fkan M. Mustafa<br \/>\nG\u00fcltak da Kad\u0131n Eme\u011fi Diyar\u0131&#8217;na desteklerinin s\u00fcrece\u011fini s\u00f6yleyerek; &#8220;B\u00f6ylesi \u00f6nemli bir olu\u015fumda<br \/>\neme\u011fi ge\u00e7en ekip arkada\u015flar\u0131ma da \u00e7ok te\u015fekk\u00fcr ederim&#8221; dedi.<\/p>\n<p>\u00dcrettikleri \u00fcr\u00fcnler ile kent ve \u00fclkeye katma de\u011fer sa\u011flayan kooperatiflerin bulundu\u011fu Bah\u00e7eler<br \/>\nCaddesi ve Kuva-i Milliye Caddesi\u2019nin kesi\u015fti\u011fi yerde yer alan Akdeniz Belediyesi Kad\u0131n Eme\u011fi<br \/>\nDiyar\u0131\u2019nda; belediyenin de destekledi\u011fi \u00fc\u00e7 kooperatifin \u00fcyeleri faaliyet g\u00f6steriyor. Akdeniz Renkli<br \/>\nEller Kad\u0131n \u00dcretim ve \u0130\u015fletme Kooperatifi, Mersin Toprak Ana Kad\u0131n Giri\u015fim \u00dcretim \u0130\u015fletme<br \/>\nKooperatifi ile Umut Giri\u015fimciler \u00dcretim Kooperatifi\u2019ne tahsis edilen Diyar\u2019da kendi \u00fcrettikleri<br \/>\ng\u0131dalar\u0131n yan\u0131 s\u0131ra, el eme\u011fi g\u00f6z nuru eserlerini de sergileyip sat\u0131\u015fa sunan Akdenizli kad\u0131nlar,<br \/>\nduygular\u0131n\u0131 payla\u015ft\u0131. Kad\u0131n Eme\u011fi Diyar\u0131\u2019ndaki kad\u0131nlar, topluma \u00f6rnek olmak ve destek g\u00f6rmek<br \/>\nad\u0131na ya\u015fam hik\u00e2yelerini anlatt\u0131.<\/p>\n<p>&#8220;Ba\u015fkan G\u00fcltak&#8217;a y\u00fcrekten te\u015fekk\u00fcr ediyorum&#8221;<\/p>\n<p>Kad\u0131n Eme\u011fi Diyar\u0131&#8217;nda \u00fcr\u00fcnleri satmadan \u00f6nce evde oturdu\u011funu s\u00f6yleyen Nimet \u00d6zt\u00fcrk (43),<br \/>\n&#8220;Ben 4 \u00e7ocuk annesiyim. 35 ya\u015f\u0131mdan sonra ortaokulu bitirdim. A\u00e7\u0131ktan liseye yaz\u0131ld\u0131m. K\u0131z\u0131m ve<br \/>\no\u011flumla beraber liseyi bitirdim. Daha sonra \u00fcniversiteye ba\u015flad\u0131m. \u015eu an \u00f6n lisans ilahiyat<br \/>\nmezunuyum. Evde \u00fcretti\u011fimiz el i\u015flerimizi yemeklerimizi getirip burada de\u011ferlendiriyoruz.<br \/>\nAilemize de ekonomik katk\u0131da bulunuyoruz. \u00c7ocuklar\u0131m babalar\u0131na &#8216;araba al&#8217; diyorlard\u0131 \u015fimdi<br \/>\n&#8216;kafan\u0131z\u0131 yormay\u0131n seneye ben alaca\u011f\u0131m\u2019 diyorum. Burada \u00f6zg\u00fcvenimiz geli\u015fti. Daha yeni ba\u015flad\u0131k<br \/>\nama \u00fcmitliyiz. Vatanda\u015flar\u0131m\u0131z\u0131 al\u0131\u015fveri\u015f i\u00e7in buraya bekliyoruz. Ba\u015fkan\u0131m\u0131z Say\u0131n Mustafa<br \/>\nG\u00fcltak&#8217;a y\u00fcrekten te\u015fekk\u00fcr ediyorum&#8221; dedi.<\/p>\n<p>&#8220;Ekonomik \u00f6zg\u00fcrl\u00fc\u011f\u00fc olan kad\u0131n, daha g\u00fc\u00e7l\u00fc olur\u201d<\/p>\n<p>Engelli o\u011fluna katk\u0131 sunmak ad\u0131na kooperatifte \u00e7al\u0131\u015fmaya ba\u015flad\u0131\u011f\u0131n\u0131 belirten 61 ya\u015f\u0131ndaki Leyla<br \/>\nG\u00fcm\u00fc\u015fta\u015f ise; &#8220;Burada \u00e7ay, b\u00f6rek, kahve gibi \u015feyler yap\u0131yorum. Buras\u0131 bize terapi gibi geliyor. Her<br \/>\nya\u015fta kad\u0131n \u00e7al\u0131\u015f\u0131p didinmeli, kimseye muhta\u00e7 olmamal\u0131. Bir kad\u0131n\u0131n ekonomik \u00f6zg\u00fcrl\u00fc\u011f\u00fc oldu\u011fu<br \/>\nzaman daha g\u00fc\u00e7l\u00fc olur. Bu kooperatifler bize bunu sa\u011flad\u0131. Halk\u0131m\u0131zdan da buradan al\u0131\u015fveri\u015f<br \/>\nyap\u0131p bizleri desteklemelerini istiyoruz. Kad\u0131n g\u00fc\u00e7lenirse, T\u00fcrkiye de g\u00fc\u00e7lenir. G\u00fcltak Ba\u015fkan\u0131m\u0131za<br \/>\nte\u015fekk\u00fcr ediyoruz. Her \u015fey onun sayesinde oldu. Bizlerin yan\u0131nda oldu\u011fu i\u00e7in Allah ondan raz\u0131<br \/>\nolsun&#8221; \u015feklinde konu\u015ftu.<\/p>\n<p>&#8220;Kooperatifle tan\u0131\u015ft\u0131ktan sonra kendime olan \u00f6zg\u00fcvenim artt\u0131\u201d<\/p>\n<p>Bir \u00e7ocu\u011funu kaybettikten sonra hayat\u0131nda \u00e7ok \u015feyin de\u011fi\u015fti\u011fini dile getiren Aynur Karaku\u015f (43),<br \/>\n&#8220;Benim 6 \u00e7ocu\u011fum vard\u0131. 17 y\u0131l \u00f6nce bir evlad\u0131m\u0131 kaybettim. \u015eimdi 4 k\u0131z\u0131m 1 o\u011flum var. \u00d6nceden<br \/>\nev temizli\u011fine gidiyordum. Gururla, severek yap\u0131yordum. Ama kooperatifle tan\u0131\u015ft\u0131ktan sonra<br \/>\n\u00f6zg\u00fcvenim yerine geldi. A\u00e7\u0131ktan ortaokulu bitirdim, sonra liseye ge\u00e7i\u015f yapt\u0131m.<br \/>\nBurada tand\u0131r ekme\u011fi pi\u015firiyorum. Abajur, sepet, boncuk i\u015fleme yap\u0131yorum. E\u015fimden daha \u00e7ok<br \/>\nkazan\u0131yorum. Bir kad\u0131n, \u00e7ocuklar\u0131 ve gelece\u011fi i\u00e7in kendini kimseye muhta\u00e7 etmemeli. Ba\u015fkan\u0131m\u0131z<br \/>\nMustafa G\u00fcltak&#8217;a, bizlere bu imk\u00e2n\u0131 sundu\u011fu i\u00e7in \u00e7ok te\u015fekk\u00fcr ederiz. Vatanda\u015flar\u0131m\u0131zdan da<br \/>\nbizlere destek olmalar\u0131n\u0131 bekliyoruz&#8221; ifadelerini kulland\u0131.<\/p>\n<p>&#8220;Daha s\u0131cak ve g\u00fcvenli bir ortamda \u00e7al\u0131\u015fma imk\u00e2n\u0131 bulduk\u201d<\/p>\n<p>Ate\u015fli bir hastal\u0131k sonucu \u00e7ocuk felci ge\u00e7irdi\u011fini ve ortopedik engelli oldu\u011funu dile getiren Emine<br \/>\nAlev (45); Kad\u0131n Eme\u011fi Diyar\u0131 ile tan\u0131\u015fmadan \u00f6nce kendi \u00fcretti\u011fi \u00fcr\u00fcnleri evde satmaya \u00e7al\u0131\u015ft\u0131\u011f\u0131n\u0131<br \/>\ns\u00f6yledi. Alev; &#8220;Daha sonra pazarlarda yer buldum ama oralarda da sorun oldu. So\u011fukta<br \/>\nduruyorduk. Buras\u0131 a\u00e7\u0131l\u0131nca daha s\u0131cak bir ortamda ve g\u00fcvenli bir ortamda \u00e7al\u0131\u015fmaya ba\u015flad\u0131k. El<br \/>\n\u00f6rg\u00fcs\u00fc patik, kasnak, lif yap\u0131yorum. \u0130nsan\u0131n \u00f6zg\u00fcveni yerine geliyor. Engelli bir kad\u0131n olarak<br \/>\ntopluma daha yararl\u0131 oldu\u011fumu hissettim. Kendi \u00fcr\u00fcnlerimi te\u015fhir edip satabiliyorum. Ba\u015fkan\u0131m\u0131z<br \/>\nMustafa G\u00fcltak&#8217;a binlerce kez te\u015fekk\u00fcr ediyorum&#8221; dedi.<\/p>\n<p>&#8220;Allah Mustafa G\u00fcltak&#8217;tan raz\u0131 olsun&#8221;<\/p>\n<p>Emine Alev; &#8220;Benim i\u00e7in b\u00fct\u00fcn kad\u0131nlar g\u00fc\u00e7l\u00fcd\u00fcr ve b\u00fct\u00fcn kad\u0131nlar\u0131m\u0131z asl\u0131nda engellidir. Neden<br \/>\nbiliyor musunuz? Evleniyorlar, e\u015fleri taraf\u0131ndan i\u015f yapmak i\u00e7in engelleniyorlar. Bir yere<br \/>\ngidecekleri zaman engelleniyorlar. Fiziksel olmasa da ruhsal olarak engelleniyorlar. Bu da bir<br \/>\n\u015fiddettir. Bizlere sundu\u011fu kat\u0131klardan dolay\u0131 Say\u0131n Ba\u015fkan\u0131m\u0131z Mustafa G\u00fcltak&#8217;a \u00e7ok te\u015fekk\u00fcr<br \/>\nediyorum. Allah ondan raz\u0131 olsun. B\u00fct\u00fcn engelli karde\u015flerimiz ad\u0131na desteklerinin devam\u0131n\u0131<br \/>\ndiliyorum&#8221; diye konu\u015ftu.<\/p>\n","protected":false},"excerpt":{"rendered":"<p>Akdeniz Belediyesi&#8217;nin de destekledi\u011fi; kad\u0131nlar\u0131n ekonomik hayata kat\u0131lmas\u0131nda \u00f6nemli rol oynayan Kad\u0131n Eme\u011fi Diyar\u0131\u2019ndaki \u00fcretici kad\u0131nlar, daha g\u00fc\u00e7l\u00fc bir \u015fekilde ayakta durmak ad\u0131na, Mersin halk\u0131n\u0131n kooperatiflerden al\u0131\u015fveri\u015f yapmalar\u0131 i\u00e7in destek &hellip; <a href=\"https:\/\/akdenizolaygazetesi.com\/?p=10630\" class=\"more-link\">Devam\u0131n\u0131 Oku&#8230;<\/a><\/p>\n","protected":false},"author":2,"featured_media":10633,"comment_status":"open","ping_status":"open","sticky":false,"template":"","format":"standard","meta":[],"categories":[34,1,2,3,5],"tags":[],"_links":{"self":[{"href":"https:\/\/akdenizolaygazetesi.com\/index.php?rest_route=\/wp\/v2\/posts\/10630"}],"collection":[{"href":"https:\/\/akdenizolaygazetesi.com\/index.php?rest_route=\/wp\/v2\/posts"}],"about":[{"href":"https:\/\/akdenizolaygazetesi.com\/index.php?rest_route=\/wp\/v2\/types\/post"}],"author":[{"embeddable":true,"href":"https:\/\/akdenizolaygazetesi.com\/index.php?rest_route=\/wp\/v2\/users\/2"}],"replies":[{"embeddable":true,"href":"https:\/\/akdenizolaygazetesi.com\/index.php?rest_route=%2Fwp%2Fv2%2Fcomments&post=10630"}],"version-history":[{"count":1,"href":"https:\/\/akdenizolaygazetesi.com\/index.php?rest_route=\/wp\/v2\/posts\/10630\/revisions"}],"predecessor-version":[{"id":10634,"href":"https:\/\/akdenizolaygazetesi.com\/index.php?rest_route=\/wp\/v2\/posts\/10630\/revisions\/10634"}],"wp:featuredmedia":[{"embeddable":true,"href":"https:\/\/akdenizolaygazetesi.com\/index.php?rest_route=\/wp\/v2\/media\/10633"}],"wp:attachment":[{"href":"https:\/\/akdenizolaygazetesi.com\/index.php?rest_route=%2Fwp%2Fv2%2Fmedia&parent=10630"}],"wp:term":[{"taxonomy":"category","embeddable":true,"href":"https:\/\/akdenizolaygazetesi.com\/index.php?rest_route=%2Fwp%2Fv2%2Fcategories&post=10630"},{"taxonomy":"post_tag","embeddable":true,"href":"https:\/\/akdenizolaygazetesi.com\/index.php?rest_route=%2Fwp%2Fv2%2Ftags&post=10630"}],"curies":[{"name":"wp","href":"https:\/\/api.w.org\/{rel}","templated":true}]}}