{"id":10640,"date":"2021-02-10T14:43:08","date_gmt":"2021-02-10T11:43:08","guid":{"rendered":"http:\/\/akdenizolaygazetesi.com\/?p=10640"},"modified":"2021-02-10T14:43:08","modified_gmt":"2021-02-10T11:43:08","slug":"toroslarin-sporcusu-bocce-bransinda-yurt-disina-transfer-olan-ilk-turk-sporcu-oldu","status":"publish","type":"post","link":"https:\/\/akdenizolaygazetesi.com\/?p=10640","title":{"rendered":"TOROSLAR&#8217;IN SPORCUSU, BOCCE BRAN\u015eINDA YURT DI\u015eINA TRANSFER OLAN \u0130LK T\u00dcRK SPORCU OLDU"},"content":{"rendered":"<p>Toroslar Belediyesi Bocce Tak\u0131m\u0131&#8217;n\u0131n Milli Tak\u0131m oyuncusu Mehmet Can Yak\u0131n, yurt d\u0131\u015f\u0131na transfer olan ilk T\u00fcrk sporcu oldu.<\/p>\n<p>T\u00fcrkiye \u015eampiyonalar\u0131nda ve uluslararas\u0131 arenalarda ald\u0131\u011f\u0131 ba\u015far\u0131larla dikkat \u00e7eken Yak\u0131n, \u0130talya 1. Lig Seri A tak\u0131mlar\u0131mdan La Loanese tak\u0131m\u0131na transfer olarak bir ilki ger\u00e7ekle\u015ftirdi.<\/p>\n<p>23 ya\u015f\u0131ndaki sporcu Yak\u0131n, bu hafta gidece\u011fi \u0130talya yolculu\u011fu \u00f6ncesi ba\u015far\u0131s\u0131n\u0131 ve heyecan\u0131n\u0131 Toroslar Belediye Ba\u015fkan\u0131 Ats\u0131z Af\u015f\u0131n Y\u0131lmaz ile payla\u015ft\u0131. Antren\u00f6r\u00fc Niyazi Kutlay ile birlikte Ba\u015fkan Y\u0131lmaz&#8217;\u0131 ziyaret eden Yak\u0131n, desteklerinden dolay\u0131 Ba\u015fkan Y\u0131lmaz&#8217;a te\u015fekk\u00fcr etti.<\/p>\n<p>Ba\u015fkan Y\u0131lmaz&#8217;\u0131n spora ve sporcuya olan katk\u0131lar\u0131ndan dolay\u0131 mutluluk duydu\u011funu belirten Yak\u0131n, \u0130talya&#8217;da Toroslar&#8217;\u0131, Mersin&#8217;i ve T\u00fcrkiye&#8217;yi en iyi \u015fekilde temsil edece\u011fini s\u00f6yledi.<\/p>\n<p> Yak\u0131n; &#8220;Ba\u015far\u0131 \u0130\u00e7in Fedakarl\u0131k Gerekir&#8221;<\/p>\n<p>Milli Sporcu Yak\u0131n; &#8220;Elde etti\u011fim bu ba\u015far\u0131 eme\u011fin, disiplinli \u00e7al\u0131\u015fman\u0131n ve \u00f6zverinin eseridir. Ba\u015fkan\u0131m\u0131z Ats\u0131z Af\u015f\u0131n Y\u0131lmaz&#8217;a her t\u00fcrl\u00fc deste\u011finden dolay\u0131 te\u015fekk\u00fcr ederim&#8221; dedi.<\/p>\n<p>Antren\u00f6r Niyazi Kutlay da her zaman yanlar\u0131nda olan Ba\u015fkan Y\u0131lmaz&#8217;a te\u015fekk\u00fcr ederek; &#8220;Toroslar Belediyesi Bocce Tak\u0131m\u0131m\u0131z, elde etti\u011fi ba\u015far\u0131larla k\u00fcrs\u00fcden inmedi. Bran\u015f\u0131nda T\u00fcrkiye\u2019nin en iyi tak\u0131mlar\u0131ndan biri olma unvan\u0131n\u0131 koruyor. Milli Tak\u0131m sporcumuz Mehmet Can Yak\u0131n ise \u0130talya&#8217;da Toroslar\u0131m\u0131z\u0131 ve \u00dclkemizi temsil edecek. Burada 24 resmi ma\u00e7a \u00e7\u0131kacak. Bu ba\u015far\u0131 Milli Tak\u0131m\u0131m\u0131za da yans\u0131yacak. Gururluyuz&#8221; ifadelerini kulland\u0131.<\/p>\n<p>  Ba\u015fkan Y\u0131lmaz; &#8220;Yolun A\u00e7\u0131k Olsun Mehmet Can&#8221;<\/p>\n<p>Toroslar Belediye Ba\u015fkan\u0131 Ats\u0131z Af\u015f\u0131n Y\u0131lmaz, sporcular\u0131 Mehmet Can Yak\u0131n&#8217;\u0131n \u0130talya&#8217;ya transferinin T\u00fcrkiye&#8217;deki Bocce sporunun \u00f6n\u00fcn\u00fcn daha da a\u00e7\u0131lmas\u0131 noktas\u0131nda \u00f6nemli bir ba\u015far\u0131 oldu\u011funu s\u00f6yledi.<\/p>\n<p>Yak\u0131n&#8217;\u0131 tebrik ederek, hay\u0131rl\u0131 yolculuklar dileyen Ba\u015fkan Y\u0131lmaz; &#8220;Bocce sporunda ad\u0131n\u0131 T\u00fcrkiye&#8217;ye ve d\u00fcnyaya duyuran Milli Sporcumuz Mehmet Can Yak\u0131n&#8217;\u0131n bu ba\u015far\u0131s\u0131yla da gurur duyduk. Antren\u00f6r\u00fcm\u00fcz Niyazi Kutlay&#8217;\u0131n nezdinde kendisini y\u00fcrekten kutluyor, ba\u015far\u0131lar\u0131n\u0131n devam\u0131n\u0131 diliyorum. Toroslar Belediyesi olarak her zaman sporun ve sporcunun yan\u0131nda olaca\u011f\u0131z&#8221; \u015feklinde konu\u015ftu.<\/p>\n<p>&#8220;7 Kez T\u00fcrkiye \u015eampiyonlu\u011fu&#8217;ndan \u0130talya&#8217;ya&#8221;<\/p>\n<p>Toroslar Belediyesi Spor Kul\u00fcb\u00fc&#8217;n\u00fcn alt yap\u0131 b\u00fcnyesinde Bocce sporu ile tan\u0131\u015fan Yak\u0131n, klasmanlar\u0131nda 7 kez T\u00fcrkiye \u015fampiyonu oldu ve 8 T\u00fcrkiye rekoru k\u0131rd\u0131.<\/p>\n<p>G\u00fcncel volo basamak-role ve miks role rekorlar\u0131n\u0131 elinde bulunduran Yak\u0131n, Milli Tak\u0131m b\u00fcnyesinde yer al\u0131yor. \u0130talya&#8217;da yap\u0131lan \u00dcmitler ve Gen\u00e7ler D\u00fcnya Volo \u015eampiyonas\u0131&#8217;nda d\u00fcnya 3&#8217;\u00fcnc\u00fcl\u00fc\u011f\u00fc elde ederek T\u00fcrkiye&#8217;ye ilk defa volo basamak bran\u015f\u0131nda madalya getiren Milli Sporcu Yak\u0131n, Mersin\u2019de d\u00fczenlenen D\u00fcnya Erkekler Volo \u015eampiyonas\u0131&#8217;nda volo r\u00f6le erkekler d\u00fcnya 3&#8217;\u00fcnc\u00fcl\u00fc\u011f\u00fcn\u00fc elde ederek T\u00fcrkiye\u2019ye erkekler klasman\u0131nda yine ilk madalyay\u0131 getiren isim oldu.<\/p>\n<p>Toplamda 4 defa d\u00fcnya 3&#8217;\u00fcnc\u00fcl\u00fc\u011f\u00fc eden Yak\u0131n, bu ba\u015far\u0131lar\u0131n sonucunda \u0130talya Seri A ekiplerinden La Loanese tak\u0131m\u0131ndan transfer teklifi ald\u0131. Bu teklifi kabul ederek \u0130talya&#8217;da oynayacak olan ilk T\u00fcrk sporcu unvan\u0131na da kavu\u015facak olan Yak\u0131n, T\u00fcrkiye i\u00e7in bir ilk daha ger\u00e7ekle\u015ftirerek kariyerine \u0130talya seri A ekibinde devam edecek.<\/p>\n","protected":false},"excerpt":{"rendered":"<p>Toroslar Belediyesi Bocce Tak\u0131m\u0131&#8217;n\u0131n Milli Tak\u0131m oyuncusu Mehmet Can Yak\u0131n, yurt d\u0131\u015f\u0131na transfer olan ilk T\u00fcrk sporcu oldu. T\u00fcrkiye \u015eampiyonalar\u0131nda ve uluslararas\u0131 arenalarda ald\u0131\u011f\u0131 ba\u015far\u0131larla dikkat \u00e7eken Yak\u0131n, \u0130talya 1. &hellip; <a href=\"https:\/\/akdenizolaygazetesi.com\/?p=10640\" class=\"more-link\">Devam\u0131n\u0131 Oku&#8230;<\/a><\/p>\n","protected":false},"author":2,"featured_media":10642,"comment_status":"open","ping_status":"open","sticky":false,"template":"","format":"standard","meta":[],"categories":[34,1,2,3,5,10],"tags":[],"_links":{"self":[{"href":"https:\/\/akdenizolaygazetesi.com\/index.php?rest_route=\/wp\/v2\/posts\/10640"}],"collection":[{"href":"https:\/\/akdenizolaygazetesi.com\/index.php?rest_route=\/wp\/v2\/posts"}],"about":[{"href":"https:\/\/akdenizolaygazetesi.com\/index.php?rest_route=\/wp\/v2\/types\/post"}],"author":[{"embeddable":true,"href":"https:\/\/akdenizolaygazetesi.com\/index.php?rest_route=\/wp\/v2\/users\/2"}],"replies":[{"embeddable":true,"href":"https:\/\/akdenizolaygazetesi.com\/index.php?rest_route=%2Fwp%2Fv2%2Fcomments&post=10640"}],"version-history":[{"count":1,"href":"https:\/\/akdenizolaygazetesi.com\/index.php?rest_route=\/wp\/v2\/posts\/10640\/revisions"}],"predecessor-version":[{"id":10643,"href":"https:\/\/akdenizolaygazetesi.com\/index.php?rest_route=\/wp\/v2\/posts\/10640\/revisions\/10643"}],"wp:featuredmedia":[{"embeddable":true,"href":"https:\/\/akdenizolaygazetesi.com\/index.php?rest_route=\/wp\/v2\/media\/10642"}],"wp:attachment":[{"href":"https:\/\/akdenizolaygazetesi.com\/index.php?rest_route=%2Fwp%2Fv2%2Fmedia&parent=10640"}],"wp:term":[{"taxonomy":"category","embeddable":true,"href":"https:\/\/akdenizolaygazetesi.com\/index.php?rest_route=%2Fwp%2Fv2%2Fcategories&post=10640"},{"taxonomy":"post_tag","embeddable":true,"href":"https:\/\/akdenizolaygazetesi.com\/index.php?rest_route=%2Fwp%2Fv2%2Ftags&post=10640"}],"curies":[{"name":"wp","href":"https:\/\/api.w.org\/{rel}","templated":true}]}}