{"id":10654,"date":"2021-02-10T16:36:41","date_gmt":"2021-02-10T13:36:41","guid":{"rendered":"http:\/\/akdenizolaygazetesi.com\/?p=10654"},"modified":"2021-02-10T16:36:41","modified_gmt":"2021-02-10T13:36:41","slug":"mersin-iskur-ile-toroslar-belediyesi-irtibat-noktasi-protokolu-imzalandi","status":"publish","type":"post","link":"https:\/\/akdenizolaygazetesi.com\/?p=10654","title":{"rendered":"MERS\u0130N \u0130\u015eKUR \u0130LE TOROSLAR BELED\u0130YES\u0130 \u0130RT\u0130BAT NOKTASI PROTOKOL\u00dc \u0130MZALANDI"},"content":{"rendered":"<p>Mersin \u00c7al\u0131\u015fma ve \u0130\u015f Kurumu ile Toroslar Belediyesi aras\u0131nda yap\u0131lan protokol kapsam\u0131nda<br \/>\nbelediyede \u0130\u015eKUR Hizmet Noktas\u0131 olu\u015fturuldu. Toroslar il\u00e7esinde ya\u015fayan vatanda\u015flar\u0131n<br \/>\nistihdam f\u0131rsatlar\u0131na eri\u015fiminin artt\u0131r\u0131lmas\u0131n\u0131 hedefleyen protokol\u00fc Toroslar Belediye<br \/>\nBa\u015fkan\u0131 Ats\u0131z Af\u015f\u0131n Y\u0131lmaz ve Mersin \u0130\u015eKUR \u0130l M\u00fcd\u00fcr\u00fc Mustafa Kutlu imzalad\u0131.<\/p>\n<p>Vatanda\u015flar taraf\u0131ndan T\u00fcrkiye \u0130\u015f Kurumu (\u0130\u015eKUR) \u0130l M\u00fcd\u00fcrl\u00fc\u011f\u00fc&#8217;ne yap\u0131lacak ba\u015fvurular\u0131n<br \/>\nbelediyede olu\u015fturan Hizmet Noktas\u0131&#8217;nda do\u011frudan kabul edilece\u011fini, yap\u0131lan ba\u015fvurular\u0131n<br \/>\n\u0130\u015eKUR b\u00fcnyesinde de\u011ferlendirilece\u011fini s\u00f6yleyen \u0130\u015eKUR \u0130l M\u00fcd\u00fcr\u00fc Mustafa Kutlu, bu<br \/>\nhizmetin belediye b\u00fcnyesinde verilecek olmas\u0131n\u0131n i\u015f arayan vatanda\u015flar i\u00e7in b\u00fcy\u00fck kolayl\u0131k<br \/>\nve avantaj sa\u011flayaca\u011f\u0131n\u0131 ifade etti. \u0130\u015eKUR \u0130l M\u00fcd\u00fcrl\u00fc\u011f\u00fc&#8217;nde yap\u0131lan i\u015f ve i\u015flemlerin ayn\u0131s\u0131n\u0131n<br \/>\nbu hizmet noktas\u0131nda ger\u00e7ekle\u015ftirilebilece\u011fini ifade eden Toroslar Belediye Ba\u015fkan\u0131 Ats\u0131z<br \/>\nAf\u015f\u0131n Y\u0131lmaz ise hizmeti vatanda\u015f\u0131n aya\u011f\u0131na g\u00f6t\u00fcrmeyi ama\u00e7 edindiklerini ifade etti.<\/p>\n","protected":false},"excerpt":{"rendered":"<p>Mersin \u00c7al\u0131\u015fma ve \u0130\u015f Kurumu ile Toroslar Belediyesi aras\u0131nda yap\u0131lan protokol kapsam\u0131nda belediyede \u0130\u015eKUR Hizmet Noktas\u0131 olu\u015fturuldu. Toroslar il\u00e7esinde ya\u015fayan vatanda\u015flar\u0131n istihdam f\u0131rsatlar\u0131na eri\u015fiminin artt\u0131r\u0131lmas\u0131n\u0131 hedefleyen protokol\u00fc Toroslar Belediye Ba\u015fkan\u0131 &hellip; <a href=\"https:\/\/akdenizolaygazetesi.com\/?p=10654\" class=\"more-link\">Devam\u0131n\u0131 Oku&#8230;<\/a><\/p>\n","protected":false},"author":2,"featured_media":10655,"comment_status":"open","ping_status":"open","sticky":false,"template":"","format":"standard","meta":[],"categories":[8,34,1,2,3,5],"tags":[],"_links":{"self":[{"href":"https:\/\/akdenizolaygazetesi.com\/index.php?rest_route=\/wp\/v2\/posts\/10654"}],"collection":[{"href":"https:\/\/akdenizolaygazetesi.com\/index.php?rest_route=\/wp\/v2\/posts"}],"about":[{"href":"https:\/\/akdenizolaygazetesi.com\/index.php?rest_route=\/wp\/v2\/types\/post"}],"author":[{"embeddable":true,"href":"https:\/\/akdenizolaygazetesi.com\/index.php?rest_route=\/wp\/v2\/users\/2"}],"replies":[{"embeddable":true,"href":"https:\/\/akdenizolaygazetesi.com\/index.php?rest_route=%2Fwp%2Fv2%2Fcomments&post=10654"}],"version-history":[{"count":1,"href":"https:\/\/akdenizolaygazetesi.com\/index.php?rest_route=\/wp\/v2\/posts\/10654\/revisions"}],"predecessor-version":[{"id":10656,"href":"https:\/\/akdenizolaygazetesi.com\/index.php?rest_route=\/wp\/v2\/posts\/10654\/revisions\/10656"}],"wp:featuredmedia":[{"embeddable":true,"href":"https:\/\/akdenizolaygazetesi.com\/index.php?rest_route=\/wp\/v2\/media\/10655"}],"wp:attachment":[{"href":"https:\/\/akdenizolaygazetesi.com\/index.php?rest_route=%2Fwp%2Fv2%2Fmedia&parent=10654"}],"wp:term":[{"taxonomy":"category","embeddable":true,"href":"https:\/\/akdenizolaygazetesi.com\/index.php?rest_route=%2Fwp%2Fv2%2Fcategories&post=10654"},{"taxonomy":"post_tag","embeddable":true,"href":"https:\/\/akdenizolaygazetesi.com\/index.php?rest_route=%2Fwp%2Fv2%2Ftags&post=10654"}],"curies":[{"name":"wp","href":"https:\/\/api.w.org\/{rel}","templated":true}]}}