{"id":10657,"date":"2021-02-10T16:39:45","date_gmt":"2021-02-10T13:39:45","guid":{"rendered":"http:\/\/akdenizolaygazetesi.com\/?p=10657"},"modified":"2021-02-10T16:39:45","modified_gmt":"2021-02-10T13:39:45","slug":"millet-bahcesinin-3-etabi-olacak-kisla-alanina-yillardir-neden-bakim-yapilmiyor","status":"publish","type":"post","link":"https:\/\/akdenizolaygazetesi.com\/?p=10657","title":{"rendered":"M\u0130LLET BAH\u00c7ES\u0130\u2019N\u0130N 3. ETABI OLACAK KI\u015eLA ALANINA YILLARDIR NEDEN BAKIM YAPILMIYOR..!"},"content":{"rendered":"<p>Mersin Millet Bah\u00e7esi\u2019nin 3. etab\u0131 olacak olan K\u0131\u015fla alan\u0131 y\u0131llardan beri bak\u0131ms\u0131z ve \u00e7irkin bir halde. Vatanda\u015flar alan\u0131n sahipsiz b\u0131rak\u0131lmas\u0131na tepki g\u00f6steriyor.<\/p>\n<p>A\u011eA\u00c7LAR BAKIMSIZ VE KEND\u0130 KADER\u0130NE TERKED\u0130LM\u0130\u015e DURUMDA!<\/p>\n<p>\u00d6zellikle alanda y\u0131llardan beri bak\u0131ms\u0131z, y\u0131k\u0131lm\u0131\u015f ve kendi kaderine terk edilmi\u015f a\u011fa\u00e7lar ve yerdeki ot ve \u00e7al\u0131lar dikkat \u00e7ekmekte, kentimize yak\u0131\u015fmayan \u00e7irkin bir g\u00f6r\u00fcnt\u00fc olu\u015fturmu\u015f durumda. Vatanda\u015flar bu duruma tepki g\u00f6stererek \u015fehrin ortas\u0131ndaki bu k\u00f6t\u00fc manzaraya bir an \u00f6nce yetkililer taraf\u0131ndan el at\u0131lmas\u0131n\u0131 istiyorlar.<\/p>\n","protected":false},"excerpt":{"rendered":"<p>Mersin Millet Bah\u00e7esi\u2019nin 3. etab\u0131 olacak olan K\u0131\u015fla alan\u0131 y\u0131llardan beri bak\u0131ms\u0131z ve \u00e7irkin bir halde. Vatanda\u015flar alan\u0131n sahipsiz b\u0131rak\u0131lmas\u0131na tepki g\u00f6steriyor. A\u011eA\u00c7LAR BAKIMSIZ VE KEND\u0130 KADER\u0130NE TERKED\u0130LM\u0130\u015e DURUMDA! \u00d6zellikle &hellip; <a href=\"https:\/\/akdenizolaygazetesi.com\/?p=10657\" class=\"more-link\">Devam\u0131n\u0131 Oku&#8230;<\/a><\/p>\n","protected":false},"author":2,"featured_media":10658,"comment_status":"open","ping_status":"open","sticky":false,"template":"","format":"standard","meta":[],"categories":[34,1,2,3,5],"tags":[],"_links":{"self":[{"href":"https:\/\/akdenizolaygazetesi.com\/index.php?rest_route=\/wp\/v2\/posts\/10657"}],"collection":[{"href":"https:\/\/akdenizolaygazetesi.com\/index.php?rest_route=\/wp\/v2\/posts"}],"about":[{"href":"https:\/\/akdenizolaygazetesi.com\/index.php?rest_route=\/wp\/v2\/types\/post"}],"author":[{"embeddable":true,"href":"https:\/\/akdenizolaygazetesi.com\/index.php?rest_route=\/wp\/v2\/users\/2"}],"replies":[{"embeddable":true,"href":"https:\/\/akdenizolaygazetesi.com\/index.php?rest_route=%2Fwp%2Fv2%2Fcomments&post=10657"}],"version-history":[{"count":1,"href":"https:\/\/akdenizolaygazetesi.com\/index.php?rest_route=\/wp\/v2\/posts\/10657\/revisions"}],"predecessor-version":[{"id":10659,"href":"https:\/\/akdenizolaygazetesi.com\/index.php?rest_route=\/wp\/v2\/posts\/10657\/revisions\/10659"}],"wp:featuredmedia":[{"embeddable":true,"href":"https:\/\/akdenizolaygazetesi.com\/index.php?rest_route=\/wp\/v2\/media\/10658"}],"wp:attachment":[{"href":"https:\/\/akdenizolaygazetesi.com\/index.php?rest_route=%2Fwp%2Fv2%2Fmedia&parent=10657"}],"wp:term":[{"taxonomy":"category","embeddable":true,"href":"https:\/\/akdenizolaygazetesi.com\/index.php?rest_route=%2Fwp%2Fv2%2Fcategories&post=10657"},{"taxonomy":"post_tag","embeddable":true,"href":"https:\/\/akdenizolaygazetesi.com\/index.php?rest_route=%2Fwp%2Fv2%2Ftags&post=10657"}],"curies":[{"name":"wp","href":"https:\/\/api.w.org\/{rel}","templated":true}]}}