{"id":10669,"date":"2021-02-11T11:32:37","date_gmt":"2021-02-11T08:32:37","guid":{"rendered":"http:\/\/akdenizolaygazetesi.com\/?p=10669"},"modified":"2021-02-11T11:32:37","modified_gmt":"2021-02-11T08:32:37","slug":"buyuksehir-mevsimlik-tarim-iscilerine-destegini-surduruyor","status":"publish","type":"post","link":"https:\/\/akdenizolaygazetesi.com\/?p=10669","title":{"rendered":"B\u00dcY\u00dcK\u015eEH\u0130R, MEVS\u0130ML\u0130K TARIM \u0130\u015e\u00c7\u0130LER\u0130NE DESTE\u011e\u0130N\u0130 S\u00dcRD\u00dcR\u00dcYOR"},"content":{"rendered":"<p>Mersin B\u00fcy\u00fck\u015fehir Belediyesi, meyve ve sebze \u00fcretiminin \u00f6nemli bir par\u00e7as\u0131 olan mevsimlik tar\u0131m i\u015f\u00e7ilerinin ya\u015fam ko\u015fullar\u0131n\u0131n d\u00fczeltilmesi i\u00e7in desteklerine devam ediyor. Ekipler, Akdeniz \u0130l\u00e7esi Adanal\u0131o\u011flu-Limonlu Mahallesi s\u0131n\u0131rlar\u0131 i\u00e7erisinde kurulan \u00e7ad\u0131rlarda ya\u015fayan ve b\u00f6lgede bulunan tarlalarda emek harcayan mevsimlik tar\u0131m i\u015f\u00e7isi ailelere yatak, battaniye ve yatak \u00f6rt\u00fcs\u00fc da\u011f\u0131t\u0131m\u0131 ger\u00e7ekle\u015ftirdi.<\/p>\n<p>Mersin B\u00fcy\u00fck\u015fehir Belediyesi, Birle\u015fmi\u015f Milletler M\u00fclteciler Y\u00fcksek Komiserli\u011fi (UNHCR) taraf\u0131ndan uygulamaya konulan Suriyeli mevsimlik tar\u0131m i\u015f\u00e7ilerinin ya\u015fam alanlar\u0131n\u0131n iyile\u015ftirilmesi \u00e7al\u0131\u015fmalar\u0131na destek olmaya devam ediyor.<\/p>\n<p>Maya E\u011fitim K\u00fclt\u00fcr Ara\u015ft\u0131rma Yard\u0131mla\u015fma ve Dayan\u0131\u015fma Derne\u011fi\u2019nin de yerel ortak olarak dahil oldu\u011fu proje kapsam\u0131nda, UNHCR taraf\u0131ndan \u00e7o\u011funlu\u011funu Suriyeli mevsimlik tar\u0131m i\u015f\u00e7ilerinin olu\u015fturdu\u011fu aileler i\u00e7in g\u00f6nderilen 33 \u00e7ad\u0131r\u0131n kurulmas\u0131nda altyap\u0131 deste\u011fi veren B\u00fcy\u00fck\u015fehir Belediyesi, kendisinin temin etti\u011fi 2 ortak ya\u015fam alan\u0131 \u00e7ad\u0131r\u0131n da kurulumunu sa\u011flam\u0131\u015ft\u0131. B\u00fcy\u00fck\u015fehir, g\u00f6nderilen e\u015fyalar\u0131n da\u011f\u0131t\u0131m\u0131 i\u00e7in de katk\u0131s\u0131n\u0131 s\u00fcrd\u00fcrmeye devam ediyor.<\/p>\n<p>Yatak, battaniye ve yatak \u00f6rt\u00fcs\u00fc da\u011f\u0131t\u0131ld\u0131<\/p>\n<p>B\u00fcy\u00fck\u015fehir Belediyesi Sosyal Hizmetler Dairesi Ba\u015fkanl\u0131\u011f\u0131 ekipleri ile projenin yerel orta\u011f\u0131 Maya Derne\u011fi ekipleri, Akdeniz \u0130l\u00e7esi Adanal\u0131o\u011flu-Limonlu Mahallesi s\u0131n\u0131rlar\u0131 i\u00e7erisinde kurulan \u00e7ad\u0131rlarda ya\u015fayan ve b\u00f6lgede bulunan seralarda veya tarlalarda hasat, budama, ot alma veya \u00e7apalama i\u015flerinde \u00e7al\u0131\u015fan \u00e7o\u011funlu\u011funu Suriyeliler\u2019in olu\u015fturdu\u011fu mevsimlik tar\u0131m i\u015f\u00e7isi ailelere yatak, battaniye ve yatak \u00f6rt\u00fcs\u00fc da\u011f\u0131t\u0131m\u0131 ger\u00e7ekle\u015ftirdi. 45 tar\u0131m i\u015f\u00e7isi aileye, her birinden iki\u015fer tane olacak \u015fekilde battaniye, yatak ve yatak \u00f6rt\u00fcs\u00fc verilirken, kalabal\u0131k ailelere ise daha fazla e\u015fya yard\u0131m\u0131 yap\u0131ld\u0131.<\/p>\n<p>Ge\u00e7ti\u011fimiz g\u00fcnlerde \u00e7ad\u0131rlar\u0131n kuruldu\u011fu alana malzeme d\u00f6kerek \u00e7amur olu\u015fumunu engelleyen B\u00fcy\u00fck\u015fehir Belediyesi, Suriyeli tar\u0131m i\u015f\u00e7ilerinin sa\u011fl\u0131k kontrollerini yap\u0131p, hijyen kiti ve 150 koli s\u00fct da\u011f\u0131t\u0131m\u0131 ger\u00e7ekle\u015ftirmi\u015fti.<\/p>\n<p>So\u011fuk havalarda art\u0131k \u00fc\u015f\u00fcmeyecekler<\/p>\n<p>So\u011fuk k\u0131\u015f g\u00fcnlerinde \u00f6zellikle gece saatlerinde havan\u0131n so\u011fumas\u0131ndan dolay\u0131 s\u0131k\u0131nt\u0131 ya\u015fad\u0131klar\u0131n\u0131 kaydeden mevsimlik tar\u0131m i\u015f\u00e7isi aileler, e\u015fya da\u011f\u0131t\u0131m\u0131ndan dolay\u0131 duyduklar\u0131 memnuniyeti dile getirdi. E\u015fi ve \u00e7ocuklar\u0131yla birlikte da\u011f\u0131t\u0131m\u0131 yap\u0131lan \u00e7ad\u0131rda ya\u015fayan ve yard\u0131mlar\u0131n d\u00fczenli olarak geldi\u011fini ifade eden Suriyeli mevsimlik tar\u0131m i\u015f\u00e7ilerinden Yusuf H\u00fcseyin, \u201cBattaniye getirdiler, \u00e7ar\u015faf da var. Te\u015fekk\u00fcr ederim\u201d diye konu\u015ftu.<\/p>\n<p>\u0130mar El H\u00fcseyin, e\u015fya yard\u0131mdan dolay\u0131 duydu\u011fu memnuniyeti dile getirerek, \u201cSize \u00e7ok te\u015fekk\u00fcr ediyoruz bize yard\u0131m etti\u011finiz i\u00e7in. Burada tarlalarda, seralarda \u00e7al\u0131\u015f\u0131yoruz. On ki\u015fi ayn\u0131 \u00e7ad\u0131rda oturuyoruz iki aile. Biz bu yard\u0131mlardan dolay\u0131 Ba\u015fkan\u2019a \u00e7ok te\u015fekk\u00fcr ediyoruz, \u00e7ok memnunuz\u201d dedi.<\/p>\n<p>Muhammet Ali de, \u201cBiz burada tarlalarda, seralarda \u00e7al\u0131\u015f\u0131yoruz. Battaniye, malzeme hepsini getirdiler, te\u015fekk\u00fcr ederim\u201d ifadelerine yer verdi.<\/p>\n","protected":false},"excerpt":{"rendered":"<p>Mersin B\u00fcy\u00fck\u015fehir Belediyesi, meyve ve sebze \u00fcretiminin \u00f6nemli bir par\u00e7as\u0131 olan mevsimlik tar\u0131m i\u015f\u00e7ilerinin ya\u015fam ko\u015fullar\u0131n\u0131n d\u00fczeltilmesi i\u00e7in desteklerine devam ediyor. Ekipler, Akdeniz \u0130l\u00e7esi Adanal\u0131o\u011flu-Limonlu Mahallesi s\u0131n\u0131rlar\u0131 i\u00e7erisinde kurulan \u00e7ad\u0131rlarda &hellip; <a href=\"https:\/\/akdenizolaygazetesi.com\/?p=10669\" class=\"more-link\">Devam\u0131n\u0131 Oku&#8230;<\/a><\/p>\n","protected":false},"author":2,"featured_media":10670,"comment_status":"open","ping_status":"open","sticky":false,"template":"","format":"standard","meta":[],"categories":[34,1,2,3,5],"tags":[],"_links":{"self":[{"href":"https:\/\/akdenizolaygazetesi.com\/index.php?rest_route=\/wp\/v2\/posts\/10669"}],"collection":[{"href":"https:\/\/akdenizolaygazetesi.com\/index.php?rest_route=\/wp\/v2\/posts"}],"about":[{"href":"https:\/\/akdenizolaygazetesi.com\/index.php?rest_route=\/wp\/v2\/types\/post"}],"author":[{"embeddable":true,"href":"https:\/\/akdenizolaygazetesi.com\/index.php?rest_route=\/wp\/v2\/users\/2"}],"replies":[{"embeddable":true,"href":"https:\/\/akdenizolaygazetesi.com\/index.php?rest_route=%2Fwp%2Fv2%2Fcomments&post=10669"}],"version-history":[{"count":1,"href":"https:\/\/akdenizolaygazetesi.com\/index.php?rest_route=\/wp\/v2\/posts\/10669\/revisions"}],"predecessor-version":[{"id":10671,"href":"https:\/\/akdenizolaygazetesi.com\/index.php?rest_route=\/wp\/v2\/posts\/10669\/revisions\/10671"}],"wp:featuredmedia":[{"embeddable":true,"href":"https:\/\/akdenizolaygazetesi.com\/index.php?rest_route=\/wp\/v2\/media\/10670"}],"wp:attachment":[{"href":"https:\/\/akdenizolaygazetesi.com\/index.php?rest_route=%2Fwp%2Fv2%2Fmedia&parent=10669"}],"wp:term":[{"taxonomy":"category","embeddable":true,"href":"https:\/\/akdenizolaygazetesi.com\/index.php?rest_route=%2Fwp%2Fv2%2Fcategories&post=10669"},{"taxonomy":"post_tag","embeddable":true,"href":"https:\/\/akdenizolaygazetesi.com\/index.php?rest_route=%2Fwp%2Fv2%2Ftags&post=10669"}],"curies":[{"name":"wp","href":"https:\/\/api.w.org\/{rel}","templated":true}]}}