{"id":10672,"date":"2021-02-11T11:38:02","date_gmt":"2021-02-11T08:38:02","guid":{"rendered":"http:\/\/akdenizolaygazetesi.com\/?p=10672"},"modified":"2021-02-11T11:38:02","modified_gmt":"2021-02-11T08:38:02","slug":"kadin-ureticiler-bu-kez-standlarini-tarsusta-acti","status":"publish","type":"post","link":"https:\/\/akdenizolaygazetesi.com\/?p=10672","title":{"rendered":"KADIN \u00dcRET\u0130C\u0130LER BU KEZ STANDLARINI TARSUS\u2019TA A\u00c7TI"},"content":{"rendered":"<p>Kad\u0131n \u00fcreticiler, Mersin B\u00fcy\u00fck\u015fehir Belediyesi\u2019nin \u00f6nc\u00fcl\u00fc\u011f\u00fcnde \u201814 \u015eubat Sevgililer G\u00fcn\u00fc\u2019 \u00f6ncesinde Tarsus K\u00fclt\u00fcr Park\u0131\u2019nda kurduklar\u0131 stantlarda bir araya geldi. Kad\u0131nlar, el eme\u011fi g\u00f6z nuru \u00fcr\u00fcnlerini sergiledi, sat\u0131\u015f yaparak ev ekonomilerine katk\u0131 sa\u011flad\u0131. Ba\u015fkan Se\u00e7er ve Mersinden Kad\u0131n Kooperatifi Ba\u015fkan\u0131 e\u015fi Meral Se\u00e7er de kad\u0131n \u00fcreticileri yaln\u0131z b\u0131rakmad\u0131.<\/p>\n<p>Stantlar\u0131 tek tek gezen Ba\u015fkan Se\u00e7er, kad\u0131nlar\u0131n sadece ekonomik anlamda de\u011fil her alanda desteklenmesi gerekti\u011fini ifade ederek, \u201cG\u00f6revde kald\u0131\u011f\u0131m\u0131z s\u00fcre i\u00e7erisinde kad\u0131nlara \u00e7ok farkl\u0131 yollar a\u00e7aca\u011f\u0131z. Kad\u0131nlar\u0131n sorunu sadece para de\u011fil. Kad\u0131nlar\u0131n e\u011fitim deste\u011finden hukuki deste\u011fe, psikolojik deste\u011fe, bir\u00e7ok deste\u011fe ihtiyac\u0131 var\u201d diye konu\u015ftu.<\/p>\n<p>Mersin B\u00fcy\u00fck\u015fehir Belediyesi\u2019nin \u00f6nc\u00fcl\u00fc\u011f\u00fcnde \u201814 \u015eubat Sevgililer G\u00fcn\u00fc\u2019 i\u00e7in Tarsus K\u00fclt\u00fcr Park\u0131\u2019nda kurulan stantlarda kad\u0131n \u00fcreticiler bir araya geldi. El eme\u011fi g\u00f6z nuru \u00fcr\u00fcnlerini sergileyip, sat\u0131\u015flar\u0131n\u0131 yaparak ev ekonomilerine katk\u0131 sa\u011flayan kad\u0131nlar\u0131 B\u00fcy\u00fck\u015fehir Belediye Ba\u015fkan\u0131 Vahap Se\u00e7er ve e\u015fi Meral Se\u00e7er yaln\u0131z b\u0131rakmad\u0131. Mersin\u2019in bir\u00e7ok il\u00e7esinden 191 kad\u0131n \u00fcreticinin kat\u0131ld\u0131\u011f\u0131 ve 57 stand\u0131n a\u00e7\u0131ld\u0131\u011f\u0131 Pazar, Tarsus\u2019ta b\u00fcy\u00fck ilgi g\u00f6rd\u00fc.<\/p>\n<p>B\u00fcy\u00fck\u015fehir Belediyesi Tar\u0131msal ve Veteriner Hizmetleri Dairesi ile Kad\u0131n ve Aile Hizmetleri Dairesi\u2019nin \u00f6nc\u00fcl\u00fc\u011f\u00fcnde Tarsus K\u00fclt\u00fcr Park\u0131\u2019nda stant a\u00e7an kad\u0131nlar, 11-12 \u015eubat\u2019ta ise \u00d6zgecan Aslan Bar\u0131\u015f Meydan\u0131\u2019nda \u00fcr\u00fcnlerini sergileyecek. Stantlarda sergilenen y\u00f6resel \u00fcr\u00fcnleri inceleyen Ba\u015fkan Se\u00e7er, B\u00fcy\u00fck\u015fehir Belediyesi\u2019nin deste\u011fi ile kad\u0131n \u00fcreticilerin olu\u015fturdu\u011fu bu \u00e7al\u0131\u015fmalar\u0131n \u00e7ok de\u011ferli oldu\u011funu vurgulad\u0131. Do\u011fdu\u011fu kent olan Tarsus\u2019un, b\u00f6lgenin en kadim kenti oldu\u011funu s\u00f6yleyen Ba\u015fkan Se\u00e7er, etkinlik alan\u0131n\u0131 gezerken eski an\u0131lar\u0131n\u0131n canland\u0131\u011f\u0131n\u0131 belirtti.<\/p>\n<p>\u201cMersin\u2019in her il\u00e7esinden kad\u0131n \u00fcreticiler var\u201d<\/p>\n<p>Etkinli\u011fe Mersin\u2019in her il\u00e7esinden kad\u0131n \u00fcreticilerin kat\u0131ld\u0131\u011f\u0131n\u0131 ifade eden Se\u00e7er, \u201cBurada Mut\u2019un, G\u00fclnar\u2019\u0131n, Tarsus\u2019un, \u00c7aml\u0131yayla\u2019n\u0131n ya da di\u011fer b\u00f6lgelerin kendine ait \u00f6zellikleri, g\u00fczellikleri, el eme\u011fi g\u00f6z nuru \u00fcr\u00fcnleri, bitkisel \u00fcr\u00fcnleri, hayvansal \u00fcr\u00fcnleri, bunlar\u0131n g\u0131daya d\u00f6n\u00fc\u015fm\u00fc\u015f \u015fekli; hepsi var. Buran\u0131n vatanda\u015flar\u0131m\u0131z a\u00e7\u0131s\u0131ndan da \u00f6nemli bir \u00e7al\u0131\u015fma oldu\u011funu s\u00f6yleyebilirim. \u015eehir hayat\u0131ndan bunalan, \u015fehirdeki ya\u015fam \u015fartlar\u0131ndan dolay\u0131 tamamen haz\u0131r g\u0131da almak zorunda kalan insanlar i\u00e7in de b\u00f6yle k\u00f6yde \u00fcretilen ya da y\u00f6resel baz\u0131 \u00fcr\u00fcnlerin sunulmas\u0131n\u0131n onlar a\u00e7\u0131s\u0131ndan da bulunmaz bir nimet diye d\u00fc\u015f\u00fcn\u00fcyorum. Hem sa\u011fl\u0131kl\u0131 olmas\u0131, hem do\u011fal olmas\u0131 bir\u00e7o\u011fu da Ata tohumlar\u0131ndan \u00fcretiliyor. Bu da farkl\u0131 lezzet sunuyor, farkl\u0131 bir \u00e7e\u015fitlilik ortaya koyuyor\u201d diye konu\u015ftu.<\/p>\n<p>\u201cKad\u0131nlara pozitif ayr\u0131mc\u0131l\u0131k yapt\u0131k, yapmaya da devam edece\u011fiz\u201d<\/p>\n<p>Kad\u0131nlar\u0131n T\u00fcrk toplumu i\u00e7erisinde \u00e7ok \u00f6nemli bir yere sahip oldu\u011funu vurgulayan Se\u00e7er, \u015fu ifadeleri kulland\u0131:<\/p>\n<p>\u201cKad\u0131n\u0131n T\u00fcrk toplumunda \u00e7ok farkl\u0131 bir yeri var. Biz hep yak\u0131n tarihte ulusal Kurtulu\u015f m\u00fccadelesi ile \u00f6v\u00fcn\u00fcr\u00fcz, orada da kad\u0131nlar\u0131 konu\u015furuz. Kad\u0131nlar\u0131n verdi\u011fi katk\u0131lar\u0131 konu\u015furuz. Onun i\u00e7in g\u00f6revde kald\u0131\u011f\u0131m\u0131z s\u00fcre i\u00e7erisinde kad\u0131nlara \u00e7ok farkl\u0131 yollar a\u00e7aca\u011f\u0131z. Her \u015fey para de\u011fil, her \u015fey ekonomi de\u011fil. Mutlaka \u00e7ok \u00f6nemlidir para; \u00f6nemlidir ekonomi. Bir\u00e7ok ihtiyac\u0131n\u0131z\u0131 kar\u015f\u0131lars\u0131n\u0131z. Ama kad\u0131nlar\u0131n sorunu sadece para de\u011fil. Kad\u0131nlar\u0131n e\u011fitim deste\u011finden hukuki deste\u011fe, psikolojik deste\u011fe kadar bir\u00e7ok deste\u011fe ihtiyac\u0131 var. Biz onun i\u00e7in Kad\u0131n Dairesi\u2019ni olu\u015fturduk. Kad\u0131n Dairesi \u00e7ok de\u011ferli \u00e7al\u0131\u015fmalar, \u00e7ok de\u011ferli projeler ortaya koyuyor. Bir\u00e7ok dernekle, bir\u00e7ok sivil toplum \u00f6rg\u00fct\u00fc ile i\u015fbirli\u011fi yap\u0131yor. \u2018Daha fazla ne yapabiliriz, onlara nas\u0131l dokunabiliriz?\u2019 bu \u00e7aba i\u00e7erisindeyiz. \u0130\u015fte burada olu\u015fturulan etkinlik de bu \u00e7abalardan yaln\u0131zca bir tanesi. \u00c7al\u0131\u015fma hayat\u0131nda da biz belediyemizde bir\u00e7ok \u00f6nemli noktalarda kad\u0131nlar\u0131n artmas\u0131 konusunda pozitif ayr\u0131mc\u0131l\u0131k yapt\u0131k, yapmaya da devam edece\u011fiz. Bu ortam\u0131 haz\u0131rlayan \u00e7al\u0131\u015fma arkada\u015flar\u0131ma te\u015fekk\u00fcr ediyorum.\u201d<\/p>\n<p>\u201cBize b\u00f6yle bir olanak sa\u011flad\u0131\u011f\u0131 i\u00e7in Ba\u015fkan\u0131m\u0131z\u2019a te\u015fekk\u00fcrlerimizi iletiyoruz\u201d<\/p>\n<p>Etkinli\u011fe kat\u0131larak, stant a\u00e7an kad\u0131nlar, ev ekonomilerine katk\u0131 sa\u011flaman\u0131n mutlulu\u011funu ya\u015f\u0131yor. Stant a\u00e7an kad\u0131nlardan Medine Kurnaz, \u201cBize b\u00f6yle bir olanak sa\u011flad\u0131\u011f\u0131 i\u00e7in Mersin B\u00fcy\u00fck\u015fehir Belediye Ba\u015fkan\u0131m\u0131z\u2019a te\u015fekk\u00fcrlerimizi iletiyoruz. Tarihi Tarsus Park\u0131\u2019nday\u0131z, kat\u0131l\u0131m olduk\u00e7a iyi. Allah emek harcayan t\u00fcm ablalar\u0131m\u0131z\u0131n emeklerini kabul etsin. H\u0131z\u0131r ay\u0131 i\u00e7erisindeyiz, herkesin evine bolluk bereket getirmesini diliyorum\u201d diye konu\u015ftu.<\/p>\n<p>\u201c\u00c7ocu\u011fum okudu\u011fu i\u00e7in bu i\u015fi yap\u0131yorum\u201d<\/p>\n<p>Etkinli\u011fe G\u00fclnar\u2019dan kat\u0131lan \u015eerife \u00dcnl\u00fc ise \u00e7ocu\u011funu okutman\u0131n \u00e7abas\u0131 i\u00e7erisinde oldu\u011funu ifade ederek, \u201c\u00c7ocu\u011fum okudu\u011fu i\u00e7in bu i\u015fi yap\u0131yorum. B\u00fcy\u00fck\u015fehir Belediyesi sayesinde sat\u0131\u015f yap\u0131yorum. \u0130lk kez geldim Tarsus\u2019a. \u0130lgi iyi, memnunuz. Ortam \u00e7ok g\u00fczel\u201d dedi.<\/p>\n<p>\u201cHem eme\u011fimizi sergiliyoruz, hem de b\u00fct\u00e7emize katk\u0131 sa\u011fl\u0131yoruz\u201d<\/p>\n<p>Kendisine tahsis edilen stantta tablolar\u0131n\u0131 ve di\u011fer sanatsal eserlerini satan \u00dcmran Y\u0131ld\u0131r\u0131m ise \u201c\u00d6ncelikle Mersin B\u00fcy\u00fck\u015fehir Belediyemiz\u2019e ve Ba\u015fkan\u0131m\u0131z Say\u0131n Vahap Se\u00e7er\u2019e te\u015fekk\u00fcrlerimi iletiyorum b\u00f6yle bir imk\u00e2n\u0131 sunduklar\u0131 i\u00e7in. \u00dcretici kad\u0131nlar\u0131m\u0131za b\u00f6yle bir olanak sa\u011flamalar\u0131 ger\u00e7ekten \u00e7ok g\u00fczel. Hem eme\u011fimizi sergiliyoruz hem yapt\u0131\u011f\u0131m\u0131z \u00e7al\u0131\u015fmalar\u0131 sergiliyoruz hem de b\u00fct\u00e7emize katk\u0131 sa\u011fl\u0131yoruz. Gayet g\u00fczel, yer \u00e7ok g\u00fczel, imk\u00e2nlar \u00e7ok g\u00fczel. Ya\u011fl\u0131boya, karakalem \u00e7al\u0131\u015fmas\u0131 yap\u0131yorum ve sanat\u0131n bir\u00e7ok dal\u0131yla ilgileniyorum; tablolar, k\u00e2\u011f\u0131t r\u00f6lyefler. Bunlar\u0131 sergileme imk\u00e2n\u0131 buldu\u011fumuz i\u00e7in ger\u00e7ekten \u00e7ok mutluyum\u201d diye konu\u015ftu.<\/p>\n","protected":false},"excerpt":{"rendered":"<p>Kad\u0131n \u00fcreticiler, Mersin B\u00fcy\u00fck\u015fehir Belediyesi\u2019nin \u00f6nc\u00fcl\u00fc\u011f\u00fcnde \u201814 \u015eubat Sevgililer G\u00fcn\u00fc\u2019 \u00f6ncesinde Tarsus K\u00fclt\u00fcr Park\u0131\u2019nda kurduklar\u0131 stantlarda bir araya geldi. Kad\u0131nlar, el eme\u011fi g\u00f6z nuru \u00fcr\u00fcnlerini sergiledi, sat\u0131\u015f yaparak ev ekonomilerine &hellip; <a href=\"https:\/\/akdenizolaygazetesi.com\/?p=10672\" class=\"more-link\">Devam\u0131n\u0131 Oku&#8230;<\/a><\/p>\n","protected":false},"author":2,"featured_media":10673,"comment_status":"open","ping_status":"open","sticky":false,"template":"","format":"standard","meta":[],"categories":[34,1,2,3,5],"tags":[],"_links":{"self":[{"href":"https:\/\/akdenizolaygazetesi.com\/index.php?rest_route=\/wp\/v2\/posts\/10672"}],"collection":[{"href":"https:\/\/akdenizolaygazetesi.com\/index.php?rest_route=\/wp\/v2\/posts"}],"about":[{"href":"https:\/\/akdenizolaygazetesi.com\/index.php?rest_route=\/wp\/v2\/types\/post"}],"author":[{"embeddable":true,"href":"https:\/\/akdenizolaygazetesi.com\/index.php?rest_route=\/wp\/v2\/users\/2"}],"replies":[{"embeddable":true,"href":"https:\/\/akdenizolaygazetesi.com\/index.php?rest_route=%2Fwp%2Fv2%2Fcomments&post=10672"}],"version-history":[{"count":1,"href":"https:\/\/akdenizolaygazetesi.com\/index.php?rest_route=\/wp\/v2\/posts\/10672\/revisions"}],"predecessor-version":[{"id":10674,"href":"https:\/\/akdenizolaygazetesi.com\/index.php?rest_route=\/wp\/v2\/posts\/10672\/revisions\/10674"}],"wp:featuredmedia":[{"embeddable":true,"href":"https:\/\/akdenizolaygazetesi.com\/index.php?rest_route=\/wp\/v2\/media\/10673"}],"wp:attachment":[{"href":"https:\/\/akdenizolaygazetesi.com\/index.php?rest_route=%2Fwp%2Fv2%2Fmedia&parent=10672"}],"wp:term":[{"taxonomy":"category","embeddable":true,"href":"https:\/\/akdenizolaygazetesi.com\/index.php?rest_route=%2Fwp%2Fv2%2Fcategories&post=10672"},{"taxonomy":"post_tag","embeddable":true,"href":"https:\/\/akdenizolaygazetesi.com\/index.php?rest_route=%2Fwp%2Fv2%2Ftags&post=10672"}],"curies":[{"name":"wp","href":"https:\/\/api.w.org\/{rel}","templated":true}]}}