{"id":10679,"date":"2021-02-11T12:40:13","date_gmt":"2021-02-11T09:40:13","guid":{"rendered":"http:\/\/akdenizolaygazetesi.com\/?p=10679"},"modified":"2021-02-11T12:40:13","modified_gmt":"2021-02-11T09:40:13","slug":"iyi-parti-heyetinden-baskan-secere-ziyaret","status":"publish","type":"post","link":"https:\/\/akdenizolaygazetesi.com\/?p=10679","title":{"rendered":"\u0130Y\u0130 PART\u0130 HEYET\u0130NDEN BA\u015eKAN SE\u00c7ER\u2019E Z\u0130YARET"},"content":{"rendered":"<p>Ba\u015fkan Se\u00e7er, aralar\u0131nda \u0130Y\u0130 Parti Genel Ba\u015fkan Yard\u0131mc\u0131s\u0131 \u015eenol Sunat\u2019\u0131n ba\u015fkanl\u0131\u011f\u0131ndaki<br \/>\n\u0130Y\u0130 Parti heyetini a\u011f\u0131rlad\u0131. Se\u00e7er, \u201cBug\u00fcn sizleri burada g\u00f6rmekten Mersin B\u00fcy\u00fck\u015fehir<br \/>\nBelediye Ba\u015fkan\u0131 olarak mutluluk duyuyorum\u201d dedi. \u0130ki farkl\u0131 parti \u00e7at\u0131s\u0131 alt\u0131nda olunsa da<br \/>\nasl\u0131nda ortak bir paydalar\u0131n\u0131n oldu\u011funu belirten Se\u00e7er, \u201cBiz Atat\u00fcrk milliyet\u00e7isi insanlar\u0131z.<br \/>\nBiz adaletten, hukuktan, demokrasiden, insan haklar\u0131ndan, refah toplumundan yana<br \/>\ntav\u0131r koyan siyaset\u00e7ileriz\u201d diye konu\u015ftu.<\/p>\n<p>\u0130Y\u0130 Parti milletvekillerinin TBMM g\u00fcndemine ili\u015fkin yapt\u0131klar\u0131 konu\u015fmalar\u0131 dinleyen Ba\u015fkan<br \/>\nSe\u00e7er, \u201cSiz parlamentoda ne ya\u015f\u0131yorsan\u0131z bir ba\u015fka versiyonunu biz burada B\u00fcy\u00fck\u015fehir<br \/>\nMeclisi\u2019nde ya\u015f\u0131yoruz; ya da orada hangi uygulamalar\u0131 izliyorsan\u0131z, T\u00fcrkiye genelinde;<br \/>\nbir versiyonunu da Mersin \u00f6l\u00e7e\u011finde bizler bunlar\u0131 derinden ya\u015f\u0131yoruz. Ama m\u00fccadele<br \/>\nedece\u011fiz. \u00dclkemizi kalk\u0131nd\u0131racak olan, daha iyi bir gelecek haz\u0131rlayacak olan bizim<br \/>\nfedak\u00e2rca \u00e7al\u0131\u015fmam\u0131z olacak\u201d ifadelerini kulland\u0131.<\/p>\n<p>Ba\u015fkan Se\u00e7er\u2019e heyet ad\u0131na te\u015fekk\u00fcrlerini ileten Genel Ba\u015fkan Yard\u0131mc\u0131s\u0131 Sunat da \u201c\u00c7ok<br \/>\nte\u015fekk\u00fcr ediyoruz Say\u0131n Ba\u015fkan. Bizi kabul etti\u011finiz i\u00e7in, ba\u015far\u0131lar diliyoruz. G\u00fczel<br \/>\nhizmetlerinizin devam etmesini diliyoruz\u201d diye konu\u015ftu.<\/p>\n<p>\u0130Y\u0130 Parti Genel Ba\u015fkan Yard\u0131mc\u0131s\u0131 \u015eenol Sunat\u2019\u0131n da aralar\u0131nda bulundu\u011fu \u0130Y\u0130 Parti heyeti<br \/>\nMersin B\u00fcy\u00fck\u015fehir Belediye Ba\u015fkan\u0131 Vahap Se\u00e7er\u2019i makam\u0131nda ziyaret etti.<\/p>\n<p>\u0130Y\u0130 Parti heyetinde; Genel Ba\u015fkan Yard\u0131mc\u0131s\u0131 \u015eenol Sunat, Merkez Disiplin Kurulu (MDK)<br \/>\n\u00dcyesi S\u00fcleyman \u00c7etin, Genel \u0130dare Kurulu (G\u0130K) \u00dcyeleri \u00dcmm\u00fc G\u00fcls\u00fcm Paksoy ve Mehmet<br \/>\nT\u00fcre, \u0130l Ba\u015fkan\u0131 Mehmet Dutar, Ankara Milletvekili \u0130brahim Oral, Trabzon Milletvekili<br \/>\nH\u00fcseyin \u00d6rs, Mersin Milletvekilleri Behi\u00e7 \u00c7elik ve Hakan S\u0131dal\u0131, B\u00fcy\u00fck\u015fehir Belediye<br \/>\nMeclis \u00dcyeleri ve il y\u00f6neticileri yer ald\u0131. Ziyaret heyetini Ba\u015fkan Se\u00e7er ile birlikte Mersin<br \/>\nB\u00fcy\u00fck\u015fehir Belediyesi Ba\u015fkan Vekili G\u00fclcan K\u0131\u015f kabul etti.<\/p>\n<p>Ziyarette Ba\u015fkan Se\u00e7er\u2019e heyet ad\u0131na te\u015fekk\u00fcrlerini ileten \u0130Y\u0130 Parti \u0130l Ba\u015fkan\u0131 Mehmet Dutar,<br \/>\nheyetin \u00fc\u00e7 g\u00fcn s\u00fcrecek programlar\u0131 bulundu\u011funu hat\u0131rlatt\u0131.<\/p>\n<p>Ziyaret kapsam\u0131nda Mersin\u2019e gelen Genel Ba\u015fkan Yard\u0131mc\u0131s\u0131 ve Ba\u015fkan Se\u00e7er\u2019in<br \/>\nmilletvekilli\u011fi d\u00f6neminde mesai arkada\u015f\u0131 olan Sunat da heyet ad\u0131na te\u015fekk\u00fcr etti. Sunat, \u201c\u00c7ok<br \/>\nte\u015fekk\u00fcr ediyoruz Say\u0131n Ba\u015fkan. Bizi kabul etti\u011finiz i\u00e7in. Ba\u015far\u0131lar diliyoruz. G\u00fczel<br \/>\nhizmetlerinizin devam etmesini diliyoruz\u201d diye konu\u015ftu.<\/p>\n<p>Heyette bulunan milletvekilleri de Ba\u015fkan Se\u00e7er\u2019e kabul\u00fcnden ve Mersin\u2019e yapt\u0131\u011f\u0131<br \/>\nhizmetlerden dolay\u0131 te\u015fekk\u00fcr etti.<\/p>\n<p>\u201cRefah toplumundan yana tav\u0131r koyan siyaset\u00e7ileriz\u201d<\/p>\n<p>Yap\u0131lan ziyaretten dolay\u0131 mutlulu\u011funu dile getiren Ba\u015fkan Se\u00e7er de \u201cDaha \u00f6nce Behi\u00e7<br \/>\nvekilimiz, \u015eenol vekilimiz ile ayn\u0131 \u00e7at\u0131 alt\u0131nda 23 d\u00f6nemde \u00fclkemize katk\u0131 sunmaya<br \/>\n\u00e7al\u0131\u015ft\u0131k. Tabi o zaman ki ko\u015fullarda, o zaman ki meclis aritmeti\u011finde ve T\u00fcrkiye&#8217;nin g\u00fcndeminde omuz omuza iktidara kar\u015f\u0131 m\u00fccadele eden iki partinin mensuplar\u0131yd\u0131k.<br \/>\nAma i\u015fte g\u00f6rd\u00fc\u011f\u00fcn\u00fcz gibi \u00fczerinden ge\u00e7en zaman dilimi i\u00e7erisinde T\u00fcrkiye&#8217;de siyasal<br \/>\ndengeler de\u011fi\u015fti, Meclis aritmeti\u011fi de\u011fi\u015fti, Meclis\u2019te temsil edilen siyasi partiler<br \/>\nfarkl\u0131la\u015ft\u0131. Bug\u00fcn sizleri burada g\u00f6rmekten Mersin B\u00fcy\u00fck\u015fehir Belediye Ba\u015fkan\u0131 olarak<br \/>\nmutluluk duyuyorum. O g\u00fcn de asl\u0131nda ortak paydam\u0131z ayn\u0131yd\u0131. Bizim temel<br \/>\nprensiplerimiz \u00e7ok net. Biz Atat\u00fcrk\u00e7\u00fc insanlar\u0131z. Biz milliyet\u00e7i insanlar\u0131z. Biz Atat\u00fcrk<br \/>\nmilliyet\u00e7isi insanlar\u0131z. Biz adaletten, hukuktan, demokrasiden, insan haklar\u0131ndan, refah<br \/>\ntoplumundan yana tav\u0131r koyan siyaset\u00e7ileriz\u201d dedi.<\/p>\n<p>\u201cGenel Ba\u015fkan Ak\u015fener, partili partisiz herkesin sayg\u0131s\u0131n\u0131 kazanm\u0131\u015f bir siyaset\u00e7i\u201d<\/p>\n<p>Farkl\u0131 siyasi \u00e7at\u0131lar alt\u0131nda T\u00fcrkiye ad\u0131na m\u00fccadeleler s\u00fcrd\u00fcr\u00fclse de iki parti olarak bir arada<br \/>\nolman\u0131n \u00e7imento g\u00f6revi g\u00f6ren temel bir prensip oldu\u011funu s\u00f6yleyen Se\u00e7er, \u201cT\u00fcrkiye&#8217;nin bu<br \/>\niki siyasi yap\u0131ya \u00e7ok ihtiyac\u0131 oldu\u011funu g\u00f6r\u00fcyorum, bir siyaset\u00e7i olarak. Bu hassasiyetle<br \/>\ng\u00f6rev yap\u0131yorum. Bu hassasiyetle \u00e7ok de\u011ferli Say\u0131n Genel Ba\u015fkan\u2019\u0131n \u00e7al\u0131\u015fmalar\u0131n\u0131 ki;<br \/>\nSay\u0131n Genel Ba\u015fkan Meral Ak\u015fener, o d\u00f6nemde de parlamentoda da Meclis<br \/>\nBa\u015fkanvekili se\u00e7ildi, \u00e7ok sayg\u0131 duydum. Ben iki d\u00f6nem \u00e7al\u0131\u015ft\u0131m kendisiyle. Meclis<br \/>\nk\u00fcrs\u00fcs\u00fcnde meclisi son derece adaletli y\u00f6netirdi. \u00c7ok adil y\u00f6netirdi. Partili, partisiz<br \/>\nherkesin sayg\u0131s\u0131n\u0131 kazanm\u0131\u015f bir siyaset\u00e7i. Bug\u00fcn de benim a\u00e7\u0131mdan ayn\u0131. Ge\u00e7ti\u011fimiz<br \/>\nzaman i\u00e7erisinde Say\u0131n Ba\u015fkan, milletvekili arkada\u015flar\u0131m\u0131zla birlikte beni ziyaret<br \/>\nettiler. \u00c7ok da mutlu oldum. \u0130l te\u015fkilat\u0131n\u0131zla da son derece diyaloglar\u0131m\u0131z s\u0131cak, son<br \/>\nderece samimi, son derece birbirimize yard\u0131mc\u0131 olan tav\u0131r i\u00e7erisindeyiz\u201d diye konu\u015ftu.<\/p>\n<p>\u201c\u00dclkemizi kalk\u0131nd\u0131racak olan bizim fedak\u00e2rca \u00e7al\u0131\u015fmam\u0131z olacak\u201d<\/p>\n<p>Heyet i\u00e7erisinde yer alan ve birlikte TBMM\u2019de mesai y\u00fcr\u00fctt\u00fc\u011f\u00fc vekillerin de ender g\u00f6r\u00fclecek<br \/>\nkimliklere sahip oldu\u011funu dile getiren Se\u00e7er, \u201c\u00c7ok farkl\u0131 bir alan siyaset. Bu a\u00e7\u0131dan da<br \/>\nb\u00f6yle rahat \u00e7al\u0131\u015fmaktan mutluluk duyuyorum. Tabii ki il\u00e7e te\u015fkilatlar\u0131m\u0131z, il<br \/>\ny\u00f6neticilerimiz, ba\u015fkan yard\u0131mc\u0131lar\u0131m\u0131z, Anamur eski Belediye Ba\u015fkan\u0131m\u0131z Say\u0131n T\u00fcre<br \/>\nbir\u00e7o\u011funu hem siyaset, hem de sosyal hayattan tan\u0131r\u0131m. Yine meclis \u00fcyelerimiz. Her<br \/>\nzaman yan\u0131mdalar, her zaman destek\u00e7imler, her zaman gelirler, giderler; b\u00f6lgeleriyle<br \/>\nilgili, belediyenin hizmetleri ile ilgili katk\u0131 sunmaya \u00e7al\u0131\u015f\u0131yorlar. Bu da benim i\u00e7in<br \/>\n\u00f6nemlidir, de\u011ferlidir. \u00c7\u00fcnk\u00fc burada bir siyasal realite; farkl\u0131 tabanlara hitap ediyoruz.<br \/>\nOnlar\u0131n bak\u0131\u015f a\u00e7\u0131s\u0131 farkl\u0131 olabiliyor, bana \u00e7ok katk\u0131 sunabiliyor. Dolay\u0131s\u0131yla hepsine \u00e7ok<br \/>\nte\u015fekk\u00fcr ediyorum. Bunu da Say\u0131n Genel Ba\u015fkan\u0131m\u0131za iletmenizi rica ediyorum.<br \/>\nB\u00fcy\u00fck\u015fehir Belediyesi olarak, Belediye Ba\u015fkan\u0131 olarak, Mersin&#8217;de te\u015fkilatlar\u0131n\u0131zla<br \/>\nhuzur i\u00e7erisinde \u00e7al\u0131\u015f\u0131yoruz\u201d \u015feklinde konu\u015ftu.<\/p>\n<p>T\u00fcrkiye\u2019nin zor bir s\u00fcre\u00e7ten ge\u00e7ti\u011fini s\u00f6zlerine ekleyen Ba\u015fkan Se\u00e7er, zorlu s\u00fcreci m\u00fccadele<br \/>\nederek atlatacaklar\u0131n\u0131 belirterek, \u201cZor bir s\u00fcre\u00e7, bunu s\u00f6ylememize gerek yok. Say\u0131n<br \/>\nvekillerimiz de, say\u0131n ba\u015fkanlar da bunu s\u00f6yledi. Siz parlamentoda ne ya\u015f\u0131yorsan\u0131z bir<br \/>\nba\u015fka versiyonunu biz burada B\u00fcy\u00fck\u015fehir Meclisi\u2019nde ya\u015f\u0131yoruz; ya da orada hangi<br \/>\nuygulamalar\u0131 izliyorsan\u0131z, T\u00fcrkiye genelinde bir versiyonunu da Mersin \u00f6l\u00e7e\u011finde bizler<br \/>\nbunlar\u0131 derinden ya\u015f\u0131yoruz. Ama m\u00fccadele edece\u011fiz. Say\u0131n vekilimizin s\u00f6yledi\u011fi gibi<br \/>\n\u00e7al\u0131\u015fmak gerekiyor. \u00dclkemizi kalk\u0131nd\u0131racak olan, daha iyi bir gelecek haz\u0131rlayacak olan<br \/>\nbizim fedak\u00e2rca \u00e7al\u0131\u015fmam\u0131z olacak. Buraya geldi\u011finiz i\u00e7in tekrardan te\u015fekk\u00fcr<br \/>\nediyorum. \u00c7al\u0131\u015fmalar\u0131n\u0131zda da ba\u015far\u0131lar diliyorum\u201d dedi.<\/p>\n","protected":false},"excerpt":{"rendered":"<p>Ba\u015fkan Se\u00e7er, aralar\u0131nda \u0130Y\u0130 Parti Genel Ba\u015fkan Yard\u0131mc\u0131s\u0131 \u015eenol Sunat\u2019\u0131n ba\u015fkanl\u0131\u011f\u0131ndaki \u0130Y\u0130 Parti heyetini a\u011f\u0131rlad\u0131. Se\u00e7er, \u201cBug\u00fcn sizleri burada g\u00f6rmekten Mersin B\u00fcy\u00fck\u015fehir Belediye Ba\u015fkan\u0131 olarak mutluluk duyuyorum\u201d dedi. \u0130ki farkl\u0131 &hellip; <a href=\"https:\/\/akdenizolaygazetesi.com\/?p=10679\" class=\"more-link\">Devam\u0131n\u0131 Oku&#8230;<\/a><\/p>\n","protected":false},"author":2,"featured_media":10680,"comment_status":"open","ping_status":"open","sticky":false,"template":"","format":"standard","meta":[],"categories":[34,1,2,3,5,6],"tags":[],"_links":{"self":[{"href":"https:\/\/akdenizolaygazetesi.com\/index.php?rest_route=\/wp\/v2\/posts\/10679"}],"collection":[{"href":"https:\/\/akdenizolaygazetesi.com\/index.php?rest_route=\/wp\/v2\/posts"}],"about":[{"href":"https:\/\/akdenizolaygazetesi.com\/index.php?rest_route=\/wp\/v2\/types\/post"}],"author":[{"embeddable":true,"href":"https:\/\/akdenizolaygazetesi.com\/index.php?rest_route=\/wp\/v2\/users\/2"}],"replies":[{"embeddable":true,"href":"https:\/\/akdenizolaygazetesi.com\/index.php?rest_route=%2Fwp%2Fv2%2Fcomments&post=10679"}],"version-history":[{"count":1,"href":"https:\/\/akdenizolaygazetesi.com\/index.php?rest_route=\/wp\/v2\/posts\/10679\/revisions"}],"predecessor-version":[{"id":10681,"href":"https:\/\/akdenizolaygazetesi.com\/index.php?rest_route=\/wp\/v2\/posts\/10679\/revisions\/10681"}],"wp:featuredmedia":[{"embeddable":true,"href":"https:\/\/akdenizolaygazetesi.com\/index.php?rest_route=\/wp\/v2\/media\/10680"}],"wp:attachment":[{"href":"https:\/\/akdenizolaygazetesi.com\/index.php?rest_route=%2Fwp%2Fv2%2Fmedia&parent=10679"}],"wp:term":[{"taxonomy":"category","embeddable":true,"href":"https:\/\/akdenizolaygazetesi.com\/index.php?rest_route=%2Fwp%2Fv2%2Fcategories&post=10679"},{"taxonomy":"post_tag","embeddable":true,"href":"https:\/\/akdenizolaygazetesi.com\/index.php?rest_route=%2Fwp%2Fv2%2Ftags&post=10679"}],"curies":[{"name":"wp","href":"https:\/\/api.w.org\/{rel}","templated":true}]}}