{"id":10682,"date":"2021-02-11T13:31:25","date_gmt":"2021-02-11T10:31:25","guid":{"rendered":"http:\/\/akdenizolaygazetesi.com\/?p=10682"},"modified":"2021-02-11T13:31:25","modified_gmt":"2021-02-11T10:31:25","slug":"akdeniz-belediye-personeline-kisisel-verilerin-korunmasi-kanunu-egitimi","status":"publish","type":"post","link":"https:\/\/akdenizolaygazetesi.com\/?p=10682","title":{"rendered":"AKDEN\u0130Z BELED\u0130YE PERSONEL\u0130NE K\u0130\u015e\u0130SEL VER\u0130LER\u0130N KORUNMASI KANUNU E\u011e\u0130T\u0130M\u0130"},"content":{"rendered":"<p>Akdeniz Belediyesi\u2019nde birim m\u00fcd\u00fcrler ve belediye personellerine y\u00f6nelik olarak, Ki\u015fisel Verilerin<br \/>\nKorunmas\u0131 Kanunu (KVKK) kapsam\u0131nda e\u011fitim semineri verildi.<\/p>\n<p>Akdeniz Belediyesi, b\u00fcnyesinde \u00e7al\u0131\u015fan y\u00f6neticilere ve personellere y\u00f6nelik e\u011fitimlerini<br \/>\ns\u00fcrd\u00fcr\u00fcyor. Bu kapsamda, \u00c7ukurova Belediyeler Birli\u011fi&#8217;ne ba\u011fl\u0131 Avukat \u0130layda Kaya taraf\u0131ndan,<br \/>\nbelediyenin birim m\u00fcd\u00fcrleri ile personellerine y\u00f6nelik olarak ki\u015fisel verilerin korunmas\u0131 kanunu<br \/>\nhakk\u0131nda e\u011fitim semineri d\u00fczenlendi.<br \/>\nAkdeniz Belediyesi Konferans Salonu&#8217;nda ger\u00e7ekle\u015fen etkinlikte, KVKK\u2019n\u0131n ne denli \u00f6nemli ve<br \/>\nyararl\u0131 oldu\u011funa dikkat \u00e7ekilerek, sonu\u00e7lar\u0131n\u0131n neler do\u011furabilece\u011fine dair vurgu yap\u0131ld\u0131.<br \/>\nE\u011fitimde ayr\u0131ca, ki\u015fisel verilere ili\u015fkin temel kavramlar, veri i\u015fleme \u015fartlar\u0131, a\u00e7\u0131k r\u0131za, veri<br \/>\nsorumlusunun y\u00fck\u00fcml\u00fcl\u00fckleri, yapt\u0131r\u0131mlar ve ki\u015filerin haklar\u0131 konular\u0131nda ayr\u0131nt\u0131l\u0131 bilgiler<br \/>\nanlat\u0131ld\u0131. <\/p>\n<p>Kanunun yapt\u0131r\u0131mlar\u0131 geni\u015fledi<\/p>\n<p>Kat\u0131l\u0131mc\u0131lar\u0131n sorular\u0131n\u0131 da yan\u0131tlayan Av. \u0130layda Kaya, ba\u015fta \u00f6zel hayat\u0131n gizlili\u011fi, ki\u015filerin temel<br \/>\nhak ve \u00f6zg\u00fcrl\u00fcklerini korumak ve ki\u015fisel verilerin i\u015flenmesinde uyulmas\u0131 gereken usul ve<br \/>\nesaslar\u0131n \u00f6neminde de\u011findi. Kaya, pek \u00e7ok alanda ki\u015fisel verilerin korunmas\u0131 kanunun<br \/>\nkapsamlar\u0131n\u0131n ve yapt\u0131r\u0131mlar\u0131n\u0131n geni\u015fletildi\u011fine i\u015faret ederek, ki\u015fisel bilgilerin \u00f6zenle<br \/>\nsaklanmas\u0131 ve o ki\u015finin r\u0131zas\u0131 d\u0131\u015f\u0131nda \u00fc\u00e7\u00fcnc\u00fc ki\u015filerle payla\u015f\u0131lmamas\u0131 gerekti\u011finin de alt\u0131n\u0131 \u00e7izdi.<\/p>\n<p>Ba\u015fkan G\u00fcltak; &#8220;KVKK&#8217;y\u0131 eksiksiz uygulamay\u0131 ama\u00e7lamaktay\u0131z&#8221;<\/p>\n<p>Ki\u015fisel verilerin korunmas\u0131n\u0131n b\u00fcy\u00fck \u00f6nem arz etti\u011finden s\u00f6z eden Akdeniz Belediye Ba\u015fkan\u0131 M.<br \/>\nMustafa G\u00fcltak ise, yapt\u0131\u011f\u0131 a\u00e7\u0131klamada; \u201cKVKK uyumla\u015ft\u0131rma konusunun yasal zorunluluk haline<br \/>\ngelmesi, bu kanun ile ilgili di\u011fer mevzuatta cezai ve idari anlamda a\u011f\u0131r yapt\u0131r\u0131mlar\u0131n s\u00f6z konusu<br \/>\nolmas\u0131, konunun ehemmiyeti nedenleri ile \u00c7ukurova Belediyeler Birli\u011fi taraf\u0131ndan verilen bu<br \/>\ne\u011fitim kurumumuz ad\u0131na olduk\u00e7a \u00f6nemlidir. E\u011fitim sayesinde, belediyemiz b\u00fcnyesinde bu<br \/>\nfark\u0131ndal\u0131\u011f\u0131n olu\u015fturulmas\u0131n\u0131 \u00f6nemsiyoruz. Bu e\u011fitimle beraber vatanda\u015f\u0131m\u0131za sundu\u011fumuz<br \/>\nhizmetlerde de Ki\u015fisel Verilerin Korunmas\u0131 Kanunu&#8217;na dair usullerin eksiksiz uygulanmas\u0131n\u0131<br \/>\nama\u00e7lamaktay\u0131z&#8221; ifadelerini kulland\u0131.<\/p>\n","protected":false},"excerpt":{"rendered":"<p>Akdeniz Belediyesi\u2019nde birim m\u00fcd\u00fcrler ve belediye personellerine y\u00f6nelik olarak, Ki\u015fisel Verilerin Korunmas\u0131 Kanunu (KVKK) kapsam\u0131nda e\u011fitim semineri verildi. Akdeniz Belediyesi, b\u00fcnyesinde \u00e7al\u0131\u015fan y\u00f6neticilere ve personellere y\u00f6nelik e\u011fitimlerini s\u00fcrd\u00fcr\u00fcyor. Bu kapsamda, &hellip; <a href=\"https:\/\/akdenizolaygazetesi.com\/?p=10682\" class=\"more-link\">Devam\u0131n\u0131 Oku&#8230;<\/a><\/p>\n","protected":false},"author":2,"featured_media":10685,"comment_status":"open","ping_status":"open","sticky":false,"template":"","format":"standard","meta":[],"categories":[34,1,2,3,5],"tags":[],"_links":{"self":[{"href":"https:\/\/akdenizolaygazetesi.com\/index.php?rest_route=\/wp\/v2\/posts\/10682"}],"collection":[{"href":"https:\/\/akdenizolaygazetesi.com\/index.php?rest_route=\/wp\/v2\/posts"}],"about":[{"href":"https:\/\/akdenizolaygazetesi.com\/index.php?rest_route=\/wp\/v2\/types\/post"}],"author":[{"embeddable":true,"href":"https:\/\/akdenizolaygazetesi.com\/index.php?rest_route=\/wp\/v2\/users\/2"}],"replies":[{"embeddable":true,"href":"https:\/\/akdenizolaygazetesi.com\/index.php?rest_route=%2Fwp%2Fv2%2Fcomments&post=10682"}],"version-history":[{"count":1,"href":"https:\/\/akdenizolaygazetesi.com\/index.php?rest_route=\/wp\/v2\/posts\/10682\/revisions"}],"predecessor-version":[{"id":10686,"href":"https:\/\/akdenizolaygazetesi.com\/index.php?rest_route=\/wp\/v2\/posts\/10682\/revisions\/10686"}],"wp:featuredmedia":[{"embeddable":true,"href":"https:\/\/akdenizolaygazetesi.com\/index.php?rest_route=\/wp\/v2\/media\/10685"}],"wp:attachment":[{"href":"https:\/\/akdenizolaygazetesi.com\/index.php?rest_route=%2Fwp%2Fv2%2Fmedia&parent=10682"}],"wp:term":[{"taxonomy":"category","embeddable":true,"href":"https:\/\/akdenizolaygazetesi.com\/index.php?rest_route=%2Fwp%2Fv2%2Fcategories&post=10682"},{"taxonomy":"post_tag","embeddable":true,"href":"https:\/\/akdenizolaygazetesi.com\/index.php?rest_route=%2Fwp%2Fv2%2Ftags&post=10682"}],"curies":[{"name":"wp","href":"https:\/\/api.w.org\/{rel}","templated":true}]}}