{"id":10687,"date":"2021-02-11T16:41:20","date_gmt":"2021-02-11T13:41:20","guid":{"rendered":"http:\/\/akdenizolaygazetesi.com\/?p=10687"},"modified":"2021-02-11T16:41:20","modified_gmt":"2021-02-11T13:41:20","slug":"babam-kan-bagisi-ile-hayat-buldu","status":"publish","type":"post","link":"https:\/\/akdenizolaygazetesi.com\/?p=10687","title":{"rendered":"&#8220;BABAM, KAN BA\u011eI\u015eI \u0130LE HAYAT BULDU&#8221;"},"content":{"rendered":"<p>K\u0131z\u0131lay&#8217;\u0131n Kan Ba\u011f\u0131\u015f\u0131 Kampanyas\u0131na Destek Veren Toroslar Belediyesi&#8217;nden Toplumsal Dayan\u0131\u015fma \u00c7a\u011fr\u0131s\u0131<\/p>\n<p>Toroslar Belediyesi&#8217;nin, T\u00fcrk K\u0131z\u0131lay\u0131 Mersin \u015eubesi ile birlikte d\u00fczenlendi\u011fi kan ba\u011f\u0131\u015f\u0131 kampanyas\u0131na destek veren il\u00e7e sakini Cavidan Karaka\u015f; &#8220;Babam, kan ba\u011f\u0131\u015f\u0131 ile hayat buldu&#8221; dedi.<\/p>\n<p>T\u00fcrk K\u0131z\u0131lay\u0131&#8217;n\u0131n &#8220;\u0130yi ki Vars\u0131n Kan Dostum&#8221; kampanyas\u0131, Toroslar&#8217;da duygusal anlara sahne oldu. Kan ba\u011f\u0131\u015f\u0131 kampanyas\u0131na, belediye personeli ve vatanda\u015flar yo\u011fun ilgi g\u00f6sterdi.<\/p>\n<p>\u0130l\u00e7e Sakini Karaka\u015f; &#8220;\u0130nsan Ba\u015f\u0131na Gelmeden \u00d6nemini Bilemiyor&#8221;<\/p>\n<p>Toroslar Belediyesi Ana Hizmet Binas\u0131 yan\u0131nda, &#8220;Senin 15 Dakikan, Ba\u015fkas\u0131n\u0131n Bir \u00d6mr\u00fc Olsun&#8221; slogan\u0131yla pandemi kurallar\u0131 \u00e7er\u00e7evesinde yap\u0131lan kampanyaya kan vererek destekte bulunan il\u00e7e sakini Cavidan Karaka\u015f; &#8220;\u0130nsan ba\u015f\u0131na gelmeden \u00f6nemini bilemiyor. Sa\u011fl\u0131kl\u0131 olan herkesin kan ba\u011f\u0131\u015f\u0131nda bulunmas\u0131 hayati \u00f6nem ta\u015f\u0131yor. Babam, K\u0131z\u0131lay&#8217;a verilen kan ba\u011f\u0131\u015f\u0131 ile kurtuldu. Ben de bu kampanyaya destek vermekten b\u00fcy\u00fck mutluluk duydum&#8221; ifadelerini kulland\u0131.<\/p>\n<p>Karaka\u015f; &#8220;Bir g\u00fcn hepimizin kana ihtiyac\u0131 olabilir. 15 dakikan\u0131z\u0131 ay\u0131rarak kan verebilirsiniz&#8221; diyerek, herkesi kan ba\u011f\u0131\u015f\u0131nda bulunmaya davet etti.<\/p>\n<p>Toroslar Belediye Ba\u015fkan\u0131 Ats\u0131z Af\u015f\u0131n Y\u0131lmaz&#8217;\u0131n destekleriyle babas\u0131na acil kan\u0131 bulduklar\u0131n\u0131 vurgulayan Karaka\u015f; &#8220;Belirli d\u00f6nemlerde kan ba\u011f\u0131\u015f\u0131nda bulunuyorum. Bir bu\u00e7uk y\u0131l \u00f6nce babam \u00e7ok a\u011f\u0131r bir ameliyat ge\u00e7irdi ve 8 \u00fcnite kana ihtiyac\u0131m\u0131z vard\u0131. B Rh negatif kan \u00e7ok zor bulunuyor. \u00c7ok fazla aray\u0131\u015fa girdik. \u00c7ok \u015f\u00fck\u00fcr o d\u00f6nemi atlatt\u0131k ama babam iki ay \u00f6nce de mide kanamas\u0131 ge\u00e7irdi. Daha \u00f6nce kan verenlere ula\u015fmaya \u00e7al\u0131\u015ft\u0131k. Kimisi ila\u00e7 kulland\u0131\u011f\u0131n\u0131 belirtti kimisi de Covid ge\u00e7irmi\u015fti. Mersin&#8217;den ve il d\u0131\u015f\u0131ndan haber vermedi\u011fimiz kimse kalmad\u0131. Bu s\u00fcre\u00e7te 5 ki\u015fiye ula\u015fabildik. Kan, parayla sat\u0131n al\u0131nabilen bir \u015fey de\u011fil. \u0130nsan\u0131n v\u00fccudunda olan bir \u015feyi bulmak inan\u0131n \u00e7ok zormu\u015f. Ba\u015fkan\u0131m\u0131z Ats\u0131z Af\u015f\u0131n Y\u0131lmaz&#8217;dan da Allah raz\u0131 olsun. Belediye personeline duyuruldu. Herkes kan vermek istedi. Ger\u00e7ekten kan ba\u011f\u0131\u015f\u0131\u011f\u0131 hayat kurtar\u0131yor. Bizzat ya\u015fad\u0131\u011f\u0131m\u0131z i\u00e7in s\u00f6yl\u00fcyorum. Bu konuda herkesin bilin\u00e7lenmesi ve te\u015fvik edilmesi \u00f6nemli. Bu insanl\u0131k vazifesi. Kan vererek ba\u015fkalar\u0131n\u0131n hayat\u0131na umut olmak \u00e7ok kutsal bir g\u00f6rev. B\u00f6yle bir kampanyaya destek verdi\u011fi i\u00e7in Toroslar Belediye Ba\u015fkan\u0131m\u0131z Say\u0131n Ats\u0131z Af\u015f\u0131n Y\u0131lmaz&#8217;a te\u015fekk\u00fcr ediyorum&#8221; \u015feklinde konu\u015ftu.<\/p>\n","protected":false},"excerpt":{"rendered":"<p>K\u0131z\u0131lay&#8217;\u0131n Kan Ba\u011f\u0131\u015f\u0131 Kampanyas\u0131na Destek Veren Toroslar Belediyesi&#8217;nden Toplumsal Dayan\u0131\u015fma \u00c7a\u011fr\u0131s\u0131 Toroslar Belediyesi&#8217;nin, T\u00fcrk K\u0131z\u0131lay\u0131 Mersin \u015eubesi ile birlikte d\u00fczenlendi\u011fi kan ba\u011f\u0131\u015f\u0131 kampanyas\u0131na destek veren il\u00e7e sakini Cavidan Karaka\u015f; &#8220;Babam, &hellip; <a href=\"https:\/\/akdenizolaygazetesi.com\/?p=10687\" class=\"more-link\">Devam\u0131n\u0131 Oku&#8230;<\/a><\/p>\n","protected":false},"author":2,"featured_media":10688,"comment_status":"open","ping_status":"open","sticky":false,"template":"","format":"standard","meta":[],"categories":[34,1,2,3,5,9],"tags":[],"_links":{"self":[{"href":"https:\/\/akdenizolaygazetesi.com\/index.php?rest_route=\/wp\/v2\/posts\/10687"}],"collection":[{"href":"https:\/\/akdenizolaygazetesi.com\/index.php?rest_route=\/wp\/v2\/posts"}],"about":[{"href":"https:\/\/akdenizolaygazetesi.com\/index.php?rest_route=\/wp\/v2\/types\/post"}],"author":[{"embeddable":true,"href":"https:\/\/akdenizolaygazetesi.com\/index.php?rest_route=\/wp\/v2\/users\/2"}],"replies":[{"embeddable":true,"href":"https:\/\/akdenizolaygazetesi.com\/index.php?rest_route=%2Fwp%2Fv2%2Fcomments&post=10687"}],"version-history":[{"count":1,"href":"https:\/\/akdenizolaygazetesi.com\/index.php?rest_route=\/wp\/v2\/posts\/10687\/revisions"}],"predecessor-version":[{"id":10689,"href":"https:\/\/akdenizolaygazetesi.com\/index.php?rest_route=\/wp\/v2\/posts\/10687\/revisions\/10689"}],"wp:featuredmedia":[{"embeddable":true,"href":"https:\/\/akdenizolaygazetesi.com\/index.php?rest_route=\/wp\/v2\/media\/10688"}],"wp:attachment":[{"href":"https:\/\/akdenizolaygazetesi.com\/index.php?rest_route=%2Fwp%2Fv2%2Fmedia&parent=10687"}],"wp:term":[{"taxonomy":"category","embeddable":true,"href":"https:\/\/akdenizolaygazetesi.com\/index.php?rest_route=%2Fwp%2Fv2%2Fcategories&post=10687"},{"taxonomy":"post_tag","embeddable":true,"href":"https:\/\/akdenizolaygazetesi.com\/index.php?rest_route=%2Fwp%2Fv2%2Ftags&post=10687"}],"curies":[{"name":"wp","href":"https:\/\/api.w.org\/{rel}","templated":true}]}}