{"id":1069,"date":"2020-11-04T18:21:39","date_gmt":"2020-11-04T15:21:39","guid":{"rendered":"http:\/\/mersinekonomipolitikagazetesi.com\/?p=1069"},"modified":"2020-11-04T18:21:39","modified_gmt":"2020-11-04T15:21:39","slug":"mersinde-feto-zanlisi-3-kisi-tutuklandi","status":"publish","type":"post","link":"https:\/\/akdenizolaygazetesi.com\/?p=1069","title":{"rendered":"Mersin&#8217;de FET\u00d6 zanl\u0131s\u0131 3 ki\u015fi tutukland\u0131"},"content":{"rendered":"<p>Mersin&#8217;de FET\u00d6\/PDY soru\u015fturmas\u0131 kapsam\u0131nda &#8217;emniyet personelinden sorumlu mahrem yap\u0131lanmas\u0131&#8217; i\u00e7erisinde yer ald\u0131klar\u0131 iddias\u0131yla adliyeye sevk edilen 3 ki\u015fi tutukland\u0131.<\/p>\n<p>Edinilen bilgiye g\u00f6re, Mersin Cumhuriyet Ba\u015fsavc\u0131l\u0131\u011f\u0131nca y\u00fcr\u00fct\u00fclen FET\u00d6\/PDY soru\u015fturmas\u0131 kapsam\u0131nda, ter\u00f6r \u00f6rg\u00fct\u00fcn\u00fcn emniyet personelinden sorumlu muharrem yap\u0131lanmas\u0131 i\u00e7erisinde yer ald\u0131klar\u0131 iddias\u0131yla g\u00f6zalt\u0131na al\u0131nan \u015e.S., \u0130.D. ve M.S., bug\u00fcn adliyeye sevk edildi.<br \/>\n\u015e\u00fcpheliler \u00e7\u0131kar\u0131ld\u0131klar\u0131 mahkemece tutuklanarak cezaevine sevk edildi.<\/p>\n","protected":false},"excerpt":{"rendered":"<p>Mersin&#8217;de FET\u00d6\/PDY soru\u015fturmas\u0131 kapsam\u0131nda &#8217;emniyet personelinden sorumlu mahrem yap\u0131lanmas\u0131&#8217; i\u00e7erisinde yer ald\u0131klar\u0131 iddias\u0131yla adliyeye sevk edilen 3 ki\u015fi tutukland\u0131. Edinilen bilgiye g\u00f6re, Mersin Cumhuriyet Ba\u015fsavc\u0131l\u0131\u011f\u0131nca y\u00fcr\u00fct\u00fclen FET\u00d6\/PDY soru\u015fturmas\u0131 kapsam\u0131nda, ter\u00f6r &hellip; <a href=\"https:\/\/akdenizolaygazetesi.com\/?p=1069\" class=\"more-link\">Devam\u0131n\u0131 Oku&#8230;<\/a><\/p>\n","protected":false},"author":1,"featured_media":0,"comment_status":"open","ping_status":"open","sticky":false,"template":"","format":"standard","meta":[],"categories":[],"tags":[],"_links":{"self":[{"href":"https:\/\/akdenizolaygazetesi.com\/index.php?rest_route=\/wp\/v2\/posts\/1069"}],"collection":[{"href":"https:\/\/akdenizolaygazetesi.com\/index.php?rest_route=\/wp\/v2\/posts"}],"about":[{"href":"https:\/\/akdenizolaygazetesi.com\/index.php?rest_route=\/wp\/v2\/types\/post"}],"author":[{"embeddable":true,"href":"https:\/\/akdenizolaygazetesi.com\/index.php?rest_route=\/wp\/v2\/users\/1"}],"replies":[{"embeddable":true,"href":"https:\/\/akdenizolaygazetesi.com\/index.php?rest_route=%2Fwp%2Fv2%2Fcomments&post=1069"}],"version-history":[{"count":0,"href":"https:\/\/akdenizolaygazetesi.com\/index.php?rest_route=\/wp\/v2\/posts\/1069\/revisions"}],"wp:attachment":[{"href":"https:\/\/akdenizolaygazetesi.com\/index.php?rest_route=%2Fwp%2Fv2%2Fmedia&parent=1069"}],"wp:term":[{"taxonomy":"category","embeddable":true,"href":"https:\/\/akdenizolaygazetesi.com\/index.php?rest_route=%2Fwp%2Fv2%2Fcategories&post=1069"},{"taxonomy":"post_tag","embeddable":true,"href":"https:\/\/akdenizolaygazetesi.com\/index.php?rest_route=%2Fwp%2Fv2%2Ftags&post=1069"}],"curies":[{"name":"wp","href":"https:\/\/api.w.org\/{rel}","templated":true}]}}