{"id":10691,"date":"2021-02-12T12:23:19","date_gmt":"2021-02-12T09:23:19","guid":{"rendered":"http:\/\/akdenizolaygazetesi.com\/?p=10691"},"modified":"2021-02-12T12:23:19","modified_gmt":"2021-02-12T09:23:19","slug":"tesiste-calisacak-25-kadin-egitimden-geciyor","status":"publish","type":"post","link":"https:\/\/akdenizolaygazetesi.com\/?p=10691","title":{"rendered":"TES\u0130STE \u00c7ALI\u015eACAK 25 KADIN E\u011e\u0130T\u0130MDEN GE\u00c7\u0130YOR"},"content":{"rendered":"<p>Birle\u015fmi\u015f Milletler Uluslararas\u0131 G\u00f6\u00e7 \u00d6rg\u00fct\u00fc ile Mersin B\u00fcy\u00fck\u015fehir Belediyesi aras\u0131nda imzalanan protokol ile yap\u0131m\u0131na ba\u015flanan ve Mersinden Kad\u0131n Kooperatifi\u2019nin payda\u015f oldu\u011fu G\u0131da Kurutma Tesisi projesinde istihdam edilecek 25 kad\u0131n \u2018Kurutulmu\u015f Sebze ve Meyve Operat\u00f6rl\u00fc\u011f\u00fc\u2019 e\u011fitimi al\u0131yor. \u0130\u015eKUR arac\u0131l\u0131\u011f\u0131yla verilen e\u011fitimin sonunda yap\u0131lacak s\u0131nav\u0131 ba\u015far\u0131 ile tamamlayan kad\u0131nlar sertifikalar\u0131n\u0131 alarak, tesis faaliyete ge\u00e7ti\u011finde \u00e7al\u0131\u015fmaya ba\u015flayacak.<\/p>\n<p>\u00dcr\u00fcnlerin markala\u015fmas\u0131, pazarlanmas\u0131 ve sat\u0131\u015f\u0131 i\u00e7in destek verecek olan Mersinden Kad\u0131n Kooperatifi\u2019nin Ba\u015fkan\u0131 Meral Se\u00e7er, \u201cHem kad\u0131nlar\u0131m\u0131z hem de k\u00fc\u00e7\u00fck \u00e7ift\u00e7ilerimiz taraf\u0131ndan \u00fcretilen \u00fcr\u00fcnlerimizin bu tesiste kurutulmas\u0131 ve katma de\u011ferli bir \u015fekilde ulusal ve uluslararas\u0131 bir alanda tan\u0131t\u0131lmas\u0131 \u00e7ok \u00f6nemli\u201d diye konu\u015ftu. B\u00fcy\u00fck\u015fehir Belediyesi Tar\u0131msal ve Veteriner Hizmetleri Dairesi Ba\u015fkan\u0131 Salim Serdar G\u00f6k\u00e7ek de \u201c\u00dcr\u00fcnlerimize katma de\u011fer ve daha iyi pazarlama imk\u00e2nlar\u0131 sa\u011flayacak bu projeyi B\u00fcy\u00fck\u015fehir Belediyesi olarak \u00e7ok \u00f6nemsiyoruz\u201d dedi.<\/p>\n<p>Birle\u015fmi\u015f Milletler Uluslararas\u0131 G\u00f6\u00e7 \u00d6rg\u00fct\u00fc taraf\u0131ndan Mersin Hal Kompleksi i\u00e7erisinde k\u0131sa s\u00fcre \u00f6nce yap\u0131m\u0131na ba\u015flanan G\u0131da Kurutma Tesisi\u2019nde istihdam edilecek kad\u0131nlar e\u011fitim almaya ba\u015flad\u0131. \u2018Kurutulmu\u015f Sebze ve Meyve Operat\u00f6rl\u00fc\u011f\u00fc\u2019 e\u011fitimi alan kad\u0131nlar, e\u011fitim sonras\u0131 mesleki sertifika sahibi olacak. Kongre ve Sergi Saray\u0131\u2019nda ba\u015flayan e\u011fitime Mersinden Kad\u0131n Kooperatifi Ba\u015fkan\u0131 Meral Se\u00e7er ile Mersin B\u00fcy\u00fck\u015fehir Belediyesi Tar\u0131msal ve Veteriner Hizmetleri Dairesi Ba\u015fkan\u0131 Salim Serdar G\u00f6k\u00e7ek de kat\u0131ld\u0131.<\/p>\n<p>E\u011fitim 1000 saat s\u00fcrecek, kad\u0131nlar sertifika alacak<\/p>\n<p>Tesiste 13\u2019\u00fc m\u00fclteci olmak \u00fczere toplam 25 kad\u0131n istihdam edilecek. Yakla\u015f\u0131k 700 metrekare b\u00fcy\u00fckl\u00fc\u011f\u00fcnde, 100 bin dolarl\u0131k maliyete sahip olan ve i\u00e7erisinde depo, dinlenme alan\u0131, y\u0131kama, do\u011frama ve paketleme odas\u0131n\u0131n bulunaca\u011f\u0131 tesiste istihdam edilecek kad\u0131nlar, 1000 saat s\u00fcrecek e\u011fitimi almaya ba\u015flad\u0131. \u2018Kurutulmu\u015f Sebze ve Meyve Operat\u00f6rl\u00fc\u011f\u00fc\u2019 e\u011fitimi, Mersin \u0130\u015eKUR, Mersin Halk E\u011fitim Merkezi ve Ak\u015fam Sanat Okulu i\u015fbirli\u011fi ile veriliyor. E\u011fitimin ard\u0131ndan yap\u0131lacak s\u0131nav\u0131 ba\u015far\u0131 ile tamamlayan kad\u0131nlara sertifika verilecek.<\/p>\n<p>Serdar G\u00f6k\u00e7ek: \u201c\u00dcr\u00fcnlerimize katma de\u011fer sa\u011flayacak bu projeyi \u00e7ok \u00f6nemsiyoruz\u201d<\/p>\n<p>Tar\u0131msal ve Veteriner Hizmetleri Dairesi Ba\u015fkan\u0131 Salim Serdar G\u00f6k\u00e7ek, G\u0131da Kurutma Tesisi Projesi\u2019nin hem kad\u0131nlara ek gelir sa\u011flamas\u0131 hem de Mersin\u2019in \u00fcr\u00fcnlerinin tan\u0131t\u0131lmas\u0131na katk\u0131 sa\u011flamas\u0131 a\u00e7\u0131s\u0131ndan \u00f6nem verdikleri bir proje oldu\u011funu ifade ederek, \u201cMersin tar\u0131m\u0131n ba\u015fkenti; 0 rak\u0131mdan yakla\u015f\u0131k 2 bin-3 bin rak\u0131mlara kadar \u00e7ok subtropik olmad\u0131ktan sonra her \u00fcr\u00fcn\u00fcn yeti\u015febilece\u011fi \u00e7ok \u00f6nemli bir \u015fehirde ya\u015f\u0131yoruz. \u0130limizde yakla\u015f\u0131k 87 \u00e7e\u015fide yak\u0131n \u00fcr\u00fcn yeti\u015fmekte. Her ne kadar ya\u015f meyve-sebze diyar\u0131 olarak ge\u00e7sek de \u00fcr\u00fcnlerimize katma de\u011fer ve daha iyi pazarlama imk\u00e2nlar\u0131 sa\u011flayacak bu projeyi B\u00fcy\u00fck\u015fehir Belediyesi olarak \u00e7ok \u00f6nemsiyoruz. Gerek \u00fcr\u00fcnlerimize katma de\u011fer sa\u011flanmas\u0131 gerekse siz de\u011ferli han\u0131mefendilere evleri i\u00e7in ek gelir kayna\u011f\u0131 olmas\u0131 a\u00e7\u0131s\u0131ndan \u00f6nemsedi\u011fimiz bu projede bizlere destek olan Uluslararas\u0131 G\u00f6\u00e7 \u00d6rg\u00fct\u00fc\u2019ne Mersin \u0130\u015eKUR M\u00fcd\u00fcrl\u00fc\u011f\u00fcm\u00fcz\u2019e, Halk E\u011fitim M\u00fcd\u00fcrl\u00fc\u011f\u00fcm\u00fcz\u2019e ve Mersinden Kad\u0131n Kooperatifimiz\u2019e \u00e7ok te\u015fekk\u00fcr ediyorum\u201d dedi.<\/p>\n<p>Meral Se\u00e7er: \u201cBu projede markala\u015fmaya ve kad\u0131nlar\u0131m\u0131zla birlikte \u00e7al\u0131\u015fmaya \u00f6nem veriyoruz\u201d<\/p>\n<p>Mersinden Kad\u0131n Kooperatifi Ba\u015fkan\u0131 Meral Se\u00e7er, kooperatif olarak projede yer almaktan dolay\u0131 olduk\u00e7a mutlu olduklar\u0131n\u0131 ifade ederek, \u201cMersin B\u00fcy\u00fck\u015fehir Belediyesi ve Uluslararas\u0131 G\u00f6\u00e7 \u00d6rg\u00fct\u00fc\u2019n\u00fcn ortakla\u015fa ger\u00e7ekle\u015ftirdi\u011fi G\u00fcne\u015f Enerjili Sebze ve Meyve Kurutma Tesisi projesinde Mersinden Kad\u0131n Kooperatifi olarak sizlerle birlikte olmaktan dolay\u0131 \u00e7ok mutluyuz. Kentimizde hem kad\u0131n istihdam\u0131n\u0131n art\u0131r\u0131lmas\u0131 hem de b\u00f6lgemizdeki \u00fcr\u00fcnlerin katma de\u011fere d\u00f6n\u00fc\u015ft\u00fcr\u00fclmesi a\u00e7\u0131s\u0131ndan kad\u0131nlar\u0131m\u0131zla birlikte \u00e7al\u0131\u015fmak bizim i\u00e7in \u00e7ok k\u0131ymetli\u201d diye konu\u015ftu.<\/p>\n<p>Mersin\u2019in \u00e7ok bereketli topraklara sahip, pek \u00e7ok \u00fcr\u00fcn\u00fcn yeti\u015fti\u011fi bir b\u00f6lge oldu\u011funu ifade eden Se\u00e7er,  kurulacak tesis ile bu \u00fcr\u00fcnlerin katma de\u011ferinin artaca\u011f\u0131n\u0131 s\u00f6yledi. Se\u00e7er, \u201cBu \u00fcr\u00fcnlerin katma de\u011fere d\u00f6n\u00fc\u015ft\u00fcr\u00fclmesi, ulusal ve uluslararas\u0131 alanda tan\u0131t\u0131m\u0131n\u0131n sa\u011flamas\u0131 maksad\u0131yla Mersinden Kad\u0131n Kooperatifi olarak biz bu projede markala\u015fmaya ve kad\u0131nlar\u0131m\u0131zla birlikte \u00e7al\u0131\u015fmaya \u00e7ok \u00f6nem veriyoruz. Bunun kentimizin de tan\u0131n\u0131rl\u0131\u011f\u0131n\u0131 ve bilinirli\u011fini artt\u0131raca\u011f\u0131n\u0131 d\u00fc\u015f\u00fcn\u00fcyoruz. G\u00fcne\u015f enerjisiyle \u00e7al\u0131\u015facak olmas\u0131 da tesisin k\u0131ymetini bir kat daha art\u0131rmakta\u201d ifadelerine yer verdi.<\/p>\n<p>\u201cKatma de\u011ferli \u00fcr\u00fcnlerle kad\u0131nlar\u0131m\u0131za destek olaca\u011f\u0131z\u201d<\/p>\n<p>Meral Se\u00e7er, proje i\u00e7in bir araya gelen Uluslararas\u0131 G\u00f6\u00e7 \u00d6rg\u00fct\u00fc, Mersin B\u00fcy\u00fck\u015fehir Belediyesi ve payda\u015f kurumlara te\u015fekk\u00fcr ederek, \u201cHep birlikte \u00e7ok \u00e7al\u0131\u015faca\u011f\u0131z, ileriye gitmek i\u00e7in ne gerekiyorsa yapaca\u011f\u0131z. G\u00fczel \u00fcr\u00fcnlerle, katma de\u011ferli \u00fcr\u00fcnlerle hem kad\u0131nlar\u0131m\u0131za destek olaca\u011f\u0131z hem de Mersinimiz\u2019in hem ulusal hem de uluslararas\u0131 alanda tan\u0131t\u0131m\u0131n\u0131 sa\u011flayaca\u011f\u0131z. Birlikte g\u00fczel \u015feyler yapaca\u011f\u0131z\u201d dedi.<\/p>\n<p>E\u011fitim sonras\u0131 yap\u0131lacak s\u0131navda ba\u015far\u0131 g\u00f6stermesi halinde G\u0131da Kurutma Tesisi\u2019nde \u00e7al\u0131\u015facak olan 2 \u00e7ocuk annesi Nurcan Baykara, \u201cPandemiden dolay\u0131 i\u015f bulmakta zorluk \u00e7ektim. B\u00fcy\u00fck\u015fehir Belediyemiz\u2019in biz kad\u0131n \u00fcreticilere destekte bulundu\u011fu G\u0131da Kurutma Tesisi Projesi\u2019nden haberim oldu. Bir umutla Mersin B\u00fcy\u00fck\u015fehir Belediyemizin \u2018Kurutulmu\u015f Sebze ve Meyve Operat\u00f6rl\u00fc\u011f\u00fc\u2019 e\u011fitimine ba\u015fvurdum ve kabul edildim. Belediyemizin biz kad\u0131n \u00fcreticilere ve kad\u0131nlara verdi\u011fi de\u011ferden dolay\u0131 Say\u0131n Ba\u015fkan\u0131m Vahap Se\u00e7er\u2019e, de\u011ferli e\u015fi Meral Han\u0131m\u2019a, daire ba\u015fkanlar\u0131ma ve personellerine te\u015fekk\u00fcr ederim\u201d diye konu\u015ftu.<\/p>\n","protected":false},"excerpt":{"rendered":"<p>Birle\u015fmi\u015f Milletler Uluslararas\u0131 G\u00f6\u00e7 \u00d6rg\u00fct\u00fc ile Mersin B\u00fcy\u00fck\u015fehir Belediyesi aras\u0131nda imzalanan protokol ile yap\u0131m\u0131na ba\u015flanan ve Mersinden Kad\u0131n Kooperatifi\u2019nin payda\u015f oldu\u011fu G\u0131da Kurutma Tesisi projesinde istihdam edilecek 25 kad\u0131n \u2018Kurutulmu\u015f &hellip; <a href=\"https:\/\/akdenizolaygazetesi.com\/?p=10691\" class=\"more-link\">Devam\u0131n\u0131 Oku&#8230;<\/a><\/p>\n","protected":false},"author":2,"featured_media":10692,"comment_status":"open","ping_status":"open","sticky":false,"template":"","format":"standard","meta":[],"categories":[34,1,2,3,5],"tags":[],"_links":{"self":[{"href":"https:\/\/akdenizolaygazetesi.com\/index.php?rest_route=\/wp\/v2\/posts\/10691"}],"collection":[{"href":"https:\/\/akdenizolaygazetesi.com\/index.php?rest_route=\/wp\/v2\/posts"}],"about":[{"href":"https:\/\/akdenizolaygazetesi.com\/index.php?rest_route=\/wp\/v2\/types\/post"}],"author":[{"embeddable":true,"href":"https:\/\/akdenizolaygazetesi.com\/index.php?rest_route=\/wp\/v2\/users\/2"}],"replies":[{"embeddable":true,"href":"https:\/\/akdenizolaygazetesi.com\/index.php?rest_route=%2Fwp%2Fv2%2Fcomments&post=10691"}],"version-history":[{"count":1,"href":"https:\/\/akdenizolaygazetesi.com\/index.php?rest_route=\/wp\/v2\/posts\/10691\/revisions"}],"predecessor-version":[{"id":10693,"href":"https:\/\/akdenizolaygazetesi.com\/index.php?rest_route=\/wp\/v2\/posts\/10691\/revisions\/10693"}],"wp:featuredmedia":[{"embeddable":true,"href":"https:\/\/akdenizolaygazetesi.com\/index.php?rest_route=\/wp\/v2\/media\/10692"}],"wp:attachment":[{"href":"https:\/\/akdenizolaygazetesi.com\/index.php?rest_route=%2Fwp%2Fv2%2Fmedia&parent=10691"}],"wp:term":[{"taxonomy":"category","embeddable":true,"href":"https:\/\/akdenizolaygazetesi.com\/index.php?rest_route=%2Fwp%2Fv2%2Fcategories&post=10691"},{"taxonomy":"post_tag","embeddable":true,"href":"https:\/\/akdenizolaygazetesi.com\/index.php?rest_route=%2Fwp%2Fv2%2Ftags&post=10691"}],"curies":[{"name":"wp","href":"https:\/\/api.w.org\/{rel}","templated":true}]}}