{"id":10694,"date":"2021-02-12T12:26:25","date_gmt":"2021-02-12T09:26:25","guid":{"rendered":"http:\/\/akdenizolaygazetesi.com\/?p=10694"},"modified":"2021-02-12T12:26:25","modified_gmt":"2021-02-12T09:26:25","slug":"danimarkanin-ankara-buyukelcisi-annan-baskan-seceri-ziyaret-etti","status":"publish","type":"post","link":"https:\/\/akdenizolaygazetesi.com\/?p=10694","title":{"rendered":"DAN\u0130MARKA\u2019NIN ANKARA B\u00dcY\u00dcKEL\u00c7\u0130S\u0130 ANNAN, BA\u015eKAN SE\u00c7ER\u2019\u0130 Z\u0130YARET ETT\u0130"},"content":{"rendered":"<p>Ba\u015fkan Se\u00e7er, Danimarka\u2019n\u0131n Ankara B\u00fcy\u00fckel\u00e7isi Danny Annan ile Danimarka Mersin Fahri Konsolosu Jozef Atat\u2019\u0131 misafir etti. Danimarka\u2019n\u0131n T\u00fcrkiye ve Mersin\u2019le ili\u015fkilerinin de\u011ferlendirildi\u011fi ziyarette konu\u015fan Ba\u015fkan Se\u00e7er, Annan\u2019a Mersin\u2019i iyi tan\u0131mas\u0131 ve izlemesi \u00f6nerisinde bulundu. Se\u00e7er, \u201c\u00dclkenizle yap\u0131lacak olan her t\u00fcrl\u00fc i\u015f birli\u011finde Mersin\u2019i \u00f6nceleyin. Bu bir belediye ba\u015fkan\u0131ndan \u00f6te bir dost tavsiyesi. Ger\u00e7ekten ba\u015far\u0131l\u0131 olursunuz. \u00c7ok istikbal vadeden bir kent. Mersin e\u011fer Danimarka ile i\u015f birli\u011fi yapacaksa ki; buna altyap\u0131s\u0131 haz\u0131r. Bir; lojistik, iki; tar\u0131m ve g\u0131da konusunda \u00e7ok \u00f6nemli potansiyeller i\u00e7erdi\u011fini s\u00f6yleyebilirim\u201d dedi.<\/p>\n<p>Mersin\u2019i daha modern, \u00e7a\u011fda\u015f ve e\u011fitim seviyesi y\u00fcksek bir kent yapmak istedi\u011fini de aktaran Ba\u015fkan Se\u00e7er, \u201c\u00c7ok zengin de var, \u00e7ok fakir de var. Bu makas\u0131 kapatmak i\u00e7in ben de gayret sarf ediyorum. Onun i\u00e7in i\u015f alanlar\u0131n\u0131n yarat\u0131lmas\u0131na katk\u0131 sunmak istiyorum. B\u00fct\u00fcn bu s\u00f6ylediklerimi, en az\u0131ndan bir k\u0131sm\u0131n\u0131 ba\u015farabilirsem belirli s\u00fcreler i\u00e7erisinde Mersin\u2019i hayal bile edemiyorum, \u00e7ok daha g\u00fczel, \u00e7ok daha geli\u015fmi\u015f bir kent olacakt\u0131r\u201d ifadelerine yer verdi. Se\u00e7er, Mersin\u2019in \u00e7ok de\u011ferli tar\u0131m topraklar\u0131na sahip oldu\u011funu da belirterek, \u201cYakla\u015f\u0131k olarak Mersin\u2019in 1.5 milyar avroluk bir tar\u0131msal \u00fcretim kapasitesi var. Bir\u00e7ok insan\u0131n da tar\u0131mla ge\u00e7indi\u011fi bir kent oldu\u011funu d\u00fc\u015f\u00fcn\u00fcrseniz, Mersin\u2019e tar\u0131m kenti de diyebilirsiniz\u201d dedi.<\/p>\n<p>Mersin B\u00fcy\u00fck\u015fehir Belediye Ba\u015fkan\u0131 Vahap Se\u00e7er, Danimarka\u2019n\u0131n Ankara B\u00fcy\u00fckel\u00e7isi Danny Annan ve Danimarka Mersin Fahri Konsolosu Jozef Atat\u2019\u0131 a\u011f\u0131rlad\u0131. Ziyarette Danimarka\u2019n\u0131n T\u00fcrkiye ve Mersin\u2019le ticari i\u015f birli\u011fi ve Mersin Liman\u0131\u2019n\u0131n potansiyeli de\u011ferlendirildi. Annan\u2019a Mersin\u2019i iyi tan\u0131mas\u0131 ve izlemesi \u00f6nerisinde bulunan Se\u00e7er, \u201c\u00dclkenizle yap\u0131lacak olan her t\u00fcrl\u00fc i\u015f birli\u011finde Mersin\u2019i \u00f6nceleyin. \u00c7ok istikbal vadeden bir kent. Mersin e\u011fer Danimarka ile i\u015f birli\u011fi yapacaksa ki; buna altyap\u0131s\u0131 haz\u0131r. Bir; lojistik, iki; tar\u0131m ve g\u0131da konusunda \u00e7ok \u00f6nemli potansiyeller i\u00e7erdi\u011fini s\u00f6yleyebilirim\u201d dedi.<\/p>\n<p>Danny Annan: \u201cB\u00f6ylesine \u00f6nemli bir liman\u0131n oldu\u011fu \u015fehri ziyaret etmek \u00e7ok \u00f6nemli\u201d<\/p>\n<p>Ziyarette konu\u015fan Annan, Ba\u015fkan Se\u00e7er\u2019e te\u015fekk\u00fcr ederek, \u201cBeni kabul etti\u011finiz ve bu g\u00fczel \u015fehrinizde beni a\u011f\u0131rlad\u0131\u011f\u0131n\u0131z i\u00e7in \u00e7ok te\u015fekk\u00fcr ediyorum\u201d dedi. Annan, Ba\u015fkan Se\u00e7er\u2019in odas\u0131nda bulunan Mersin foto\u011fraf\u0131n\u0131 i\u015faret ederek, \u201cE\u011fer bu arkada g\u00f6rd\u00fc\u011f\u00fcm\u00fcz yer Mersin\u2019in bir resmi ise tarih i\u00e7inde Mersin\u2019in ger\u00e7ekten \u00e7ok geli\u015fmi\u015f oldu\u011funu anl\u0131yorum\u201d ifadelerine yer verdi. Liman\u0131 ile deniz yolu ta\u015f\u0131mac\u0131l\u0131\u011f\u0131nda olduk\u00e7a \u00f6nemli bir yere sahip olan Mersin\u2019i ziyaret etmekten duydu\u011fu memnuniyeti dile getiren Annan,  \u201cMersin\u2019e gelip b\u00f6ylesine \u00f6nemli bir liman\u0131n oldu\u011fu \u015fehri ziyaret etmek de \u00e7ok \u00f6nemli. Liman benim d\u00fc\u015f\u00fcnd\u00fc\u011f\u00fcmden \u00e7ok daha b\u00fcy\u00fckm\u00fc\u015f. Orada konteyner vin\u00e7lerini g\u00f6r\u00fcnce bunu anlad\u0131m\u201d diye konu\u015ftu.<\/p>\n<p>\u201cG\u0131da ve tar\u0131m sekt\u00f6r\u00fcnde \u00e7ok b\u00fcy\u00fck bir i\u015f birli\u011fi potansiyeli oldu\u011funu d\u00fc\u015f\u00fcn\u00fcyorum\u201d<\/p>\n<p>Annan, 5 ay \u00f6nce geldi\u011fi T\u00fcrkiye\u2019yi biraz daha yak\u0131ndan tan\u0131maya \u00e7al\u0131\u015ft\u0131\u011f\u0131n\u0131 ifade ederek, \u201cBunu yaparken de ayn\u0131 zamanda Danimarka ve T\u00fcrkiye aras\u0131nda i\u015f olanaklar\u0131 nedir, ticaret olanaklar\u0131 nedir?  Biraz da bunu \u00f6\u011frenmeye \u00e7al\u0131\u015f\u0131yorum. Tabi Mersin\u2019le ilgili \u015fu anda k\u0131s\u0131tl\u0131 bir bilgiye sahibim ama yine de tabi deniz ta\u015f\u0131mac\u0131l\u0131\u011f\u0131n\u0131n f\u0131rsatlar olan bir sekt\u00f6r oldu\u011funu biliyorum. Danimarka d\u00fcnyan\u0131n 5. en b\u00fcy\u00fck konteyner ta\u015f\u0131mac\u0131l\u0131\u011f\u0131 yapan \u00fclkesi ve \u00e7ok g\u00fc\u00e7l\u00fc bir filoya sahip. Danimarka&#8217;n\u0131n bu sekt\u00f6rde faaliyet g\u00f6steren g\u00fc\u00e7l\u00fc \u015firketleri de Mersin Liman\u0131\u2019nda zaten aktivitede bulunuyorlar\u201d dedi.<\/p>\n<p>Annan, Danimarka ve Mersin aras\u0131nda g\u0131da ve tar\u0131m alan\u0131nda i\u015f birli\u011fi i\u00e7in potansiyelin var oldu\u011funun alt\u0131n\u0131 \u00e7izerek, s\u00f6zlerine \u015fu \u015fekilde devam etti:<\/p>\n<p>\u201cHen\u00fcz Danimarka ve Mersin aras\u0131nda i\u015f birli\u011fi g\u00f6remedi\u011fim bir alan var; o da g\u0131da ve tar\u0131m sekt\u00f6r\u00fc. Ben bu sekt\u00f6rde \u00e7ok b\u00fcy\u00fck bir i\u015f birli\u011fi potansiyeli oldu\u011funu d\u00fc\u015f\u00fcn\u00fcyorum. Covid-19 k\u00fcresel salg\u0131n\u0131n\u0131n durumuna ba\u011fl\u0131 olarak sonbahar aylar\u0131nda Danimarka\u2019dan bir i\u015f heyetinin T\u00fcrkiye\u2019ye gelmesi \u00fczerine \u00e7al\u0131\u015f\u0131yoruz. Gelen bu heyet tar\u0131m ve g\u0131da sekt\u00f6r\u00fc ile ilgilenecek. Yap\u0131lacak ziyaret ile bu sekt\u00f6rdeki ikili i\u015f birli\u011fimizin daha da geli\u015ftirilmesini \u00fcmit ediyorum. Tabii asl\u0131nda \u015fu anda Danimarka ve T\u00fcrkiye aras\u0131nda g\u0131da ve tar\u0131m sekt\u00f6r\u00fcnde zaten olduk\u00e7a yak\u0131n bir i\u015f birli\u011fi var. Bu alanda faaliyet g\u00f6steren belli ba\u015fl\u0131 Danimarkal\u0131 \u015firketler T\u00fcrkiye pazar\u0131nda yer al\u0131yorlar. T\u00fcrkiye\u2019nin \u00fcretti\u011fi \u00fcr\u00fcnler de Danimarka\u2019ya ihra\u00e7 ediliyor. Danimarka i\u00e7in T\u00fcrkiye \u00f6nemli bir pazar. Danimarka\u2019n\u0131n ihracat\u0131 a\u00e7\u0131s\u0131ndan T\u00fcrkiye 16. en b\u00fcy\u00fck pazar durumunda. Ama ben daha b\u00fcy\u00fck bir potansiyeli oldu\u011funu d\u00fc\u015f\u00fcn\u00fcyorum. Bu sebeple zaten Mersin&#8217;i ziyaret etmek istedim.\u201d<\/p>\n<p>Se\u00e7er, \u201cMersin\u2019i daha modern, \u00e7a\u011fda\u015f, e\u011fitim seviyesi y\u00fcksek bir kent yapmak istiyorum\u201d<\/p>\n<p>Ba\u015fkan Se\u00e7er, Mersin\u2019in \u00e7ok h\u0131zl\u0131 geli\u015fme g\u00f6steren bir kent oldu\u011funu, bunda liman\u0131n da etkisinin bulundu\u011funu belirterek, \u201cMersin 16 bin kilometrekare alan \u00fczerine kurulu ve ya\u015fayan insan say\u0131s\u0131 g\u00f6\u00e7menlerle beraber yakla\u015f\u0131k olarak 2 milyon 200 bin civar\u0131nda. Bunun yakla\u015f\u0131k olarak 1.3 milyonu merkezde ya\u015f\u0131yor. Mersin, sizin de \u00fclkenizin \u00f6nemli lokomotif sekt\u00f6rlerinden bir tanesi olan lojistik konusunda \u00e7ok iddial\u0131 bir yer\u201d dedi.  Danimarka\u2019n\u0131n Ankara B\u00fcy\u00fckel\u00e7isi Danny Annan\u2019a Mersin\u2019i iyi tan\u0131mas\u0131 ve izlemesi \u00f6nerisinde bulunan Se\u00e7er, \u015funlar\u0131 s\u00f6yledi:<\/p>\n<p>\u201c\u00dclkenizle yap\u0131lacak olan her t\u00fcrl\u00fc i\u015f birli\u011finde Mersin\u2019i \u00f6nceleyin. Bu bir belediye ba\u015fkan\u0131ndan \u00f6te bir dost tavsiyesi. Ger\u00e7ekten ba\u015far\u0131l\u0131 olursunuz. \u00c7ok istikbal vadeden bir kent. Ben buran\u0131n yeni Belediye Ba\u015fkan\u0131y\u0131m. 2 y\u0131l\u0131m\u0131 hen\u00fcz doldurmad\u0131m, 22 ay oldu. Tabi benim de Mersin&#8217;e dair planlar\u0131m var. Mersin\u2019i daha modern bir kent yapmak istiyorum, daha \u00e7a\u011fda\u015f bir kent yapmak istiyorum, daha e\u011fitim seviyesi y\u00fcksek bir kent yapmak istiyorum. K\u00fclt\u00fcr\u00fcn, sanat\u0131n, sporun \u00e7ok daha etkili oldu\u011fu, etkin oldu\u011fu bir kent yapmak istiyorum. \u00d6rne\u011fin Mersin \u00e7ok \u00e7eli\u015fkili bir kent. \u00c7ok zengin de var, \u00e7ok fakir de var. Bu makas\u0131 kapatmak i\u00e7in ben de gayret sarf ediyorum. Onun i\u00e7in i\u015f alanlar\u0131n\u0131n yarat\u0131lmas\u0131na katk\u0131 sunmak istiyorum. B\u00fct\u00fcn bu s\u00f6ylediklerimi, en az\u0131ndan bir k\u0131sm\u0131n\u0131 ba\u015farabilirsem belirli s\u00fcreler i\u00e7erisinde Mersin\u2019i hayal bile edemiyorum, \u00e7ok daha g\u00fczel, \u00e7ok daha geli\u015fmi\u015f bir kent olacakt\u0131r. Bu da sizin gibi bizimle ileti\u015fim kurmak isteyen, bu ticaridir, bu k\u00fclt\u00fcreldir, bu sosyaldir \u00fclkeler a\u00e7\u0131s\u0131ndan bir f\u0131rsat yaratacakt\u0131r.\u201d<\/p>\n<p>\u201cMersin\u2019in Danimarka ile i\u015f birli\u011fine altyap\u0131s\u0131 haz\u0131r\u201d<\/p>\n<p>Mersin\u2019in deniz ta\u015f\u0131mac\u0131l\u0131\u011f\u0131ndan kara ta\u015f\u0131mac\u0131l\u0131\u011f\u0131na, hatta yeni yap\u0131lacak baz\u0131 yat\u0131r\u0131mlarla demiryolu ta\u015f\u0131mac\u0131l\u0131\u011f\u0131na kadar bir\u00e7ok olanak sunabilen bir kent oldu\u011funu vurgulayan Se\u00e7er,  \u201cMersin e\u011fer Danimarka ile i\u015f birli\u011fi yapacaksa ki; buna altyap\u0131s\u0131 haz\u0131r. Bir; lojistik, iki; tar\u0131m ve g\u0131da konusunda \u00e7ok \u00f6nemli potansiyeller i\u00e7erdi\u011fini s\u00f6yleyebilirim. Mersin Liman\u0131 T\u00fcrkiye\u2019nin en b\u00fcy\u00fck konteyner limanlar\u0131ndan bir tanesi. \u015eu anda kapasitesi ticaret hacmimizin alt\u0131nda kald\u0131, yetersiz kald\u0131. \u015eu anda Liman\u2019\u0131n geni\u015fleme \u00e7al\u0131\u015fmalar\u0131 var. Ancak ikinci liman projeksiyonu da var. Ben ikinci liman\u0131n yap\u0131lmas\u0131na Belediye Ba\u015fkan\u0131 olarak daha uygunluk veriyorum. Bunun temel nedeni hem lokasyon; ikinci liman\u0131n yap\u0131laca\u011f\u0131 alan\u0131n daha uygun olmas\u0131; hem de rekabet a\u00e7\u0131s\u0131ndan daha uygunlu\u011fu\u201d diye konu\u015ftu.<\/p>\n<p>\u201c\u00dcr\u00fcnler buradan d\u00fcnyan\u0131n her taraf\u0131na ihra\u00e7 edilebiliyor\u201d<\/p>\n<p>Ba\u015fkan Se\u00e7er, liman\u0131n \u00f6nemli f\u0131rsatlar sundu\u011funu belirterek, \u201c\u00dcr\u00fcnler buradan ihracat\u0131 ya da ithalat\u0131n\u0131n d\u0131\u015f\u0131nda transit ticarete de konu oluyor. D\u00fcnyan\u0131n bir\u00e7ok b\u00f6lgelerinden Mersin Liman\u0131 arac\u0131l\u0131\u011f\u0131yla gelen \u00fcr\u00fcnler bu koridordan Ortado\u011fu&#8217;ya, Kafkaslar\u2019a kadar karayolu ta\u015f\u0131mac\u0131l\u0131\u011f\u0131 ile ta\u015f\u0131nabiliyor. Lokasyon olarak bizim b\u00f6lgemize yak\u0131n T\u00fcrkiye&#8217;nin di\u011fer b\u00f6lgelerinde \u00fcretilen ihra\u00e7 \u00fcr\u00fcnleri de buradan d\u00fcnyan\u0131n her taraf\u0131na ihra\u00e7 edilebiliyor. Yakla\u015f\u0131k olarak 4 milyar dolarl\u0131k bir ticaret hacmi var. Ayr\u0131ca serbest b\u00f6lgemiz var\u201d dedi.<\/p>\n<p>\u201cTar\u0131msal \u00fcretimde \u00e7ok \u00f6nemli noktaday\u0131z\u201d<\/p>\n<p>T\u00fcrkiye\u2019nin en b\u00fcy\u00fck ta\u015f\u0131mac\u0131l\u0131k filosunun Mersin\u2019de oldu\u011fu bilgisini veren Se\u00e7er,  \u201cBu imk\u00e2n\u0131 sa\u011flayan birinci s\u0131rada Mersin Liman\u0131, ikincisi de bu b\u00f6lgede \u00fcretilen \u00fcr\u00fcn \u00e7e\u015fitlili\u011fi. Yurtd\u0131\u015f\u0131ndan \u00fcr\u00fcnler geliyor, buradan kara yoluyla di\u011fer \u00fclkelere ya da T\u00fcrkiye&#8217;nin di\u011fer b\u00f6lgelerine ta\u015f\u0131n\u0131yor ya da T\u00fcrkiye&#8217;nin di\u011fer b\u00f6lgelerinde \u00fcretilen ihra\u00e7 kalemleri az \u00f6nce s\u00f6yledi\u011fim gibi buradan ihra\u00e7 ediliyor.  Ama \u00f6nemli bir konu var. Tar\u0131msal \u00fcretimde \u00e7ok \u00f6nemli noktaday\u0131z. Tar\u0131mda ve g\u0131dada. Sizin de ilginizi \u00e7ekecektir. Sanayi sekt\u00f6r\u00fc rakamsal olarak iyi durumdad\u0131r. Sanayi \u00fcretimi, tar\u0131m \u00fcretimi, ithalat ve ihracat burada \u00f6nemli bir lojistik alan yarat\u0131yor\u201d diye konu\u015ftu.<\/p>\n<p>\u201cMersin&#8217;in yakla\u015f\u0131k 1.5 milyar avroluk bir tar\u0131msal \u00fcretim kapasitesi var\u201d<\/p>\n<p>Se\u00e7er, Mersin\u2019in \u00e7ok de\u011ferli tar\u0131m topraklar\u0131na sahip oldu\u011funu da belirterek, \u201cMersin\u2019in y\u00fcz\u00f6l\u00e7\u00fcm\u00fcn\u00fcn d\u00f6rtte birinde \u00e7ok verimli tar\u0131m topraklar\u0131 vard\u0131r. Bu b\u00f6lgede \u00fcretilen \u00fcr\u00fcnler de\u011ferli \u00fcr\u00fcnlerdir. \u00d6zellikle serac\u0131l\u0131k, \u00f6rt\u00fc alt\u0131 \u00fcretim, her t\u00fcrl\u00fc meyve \u00fcretimi, sebze \u00fcretimi, bunlar bizim de narenciye ba\u015fta olmak \u00fczere ihra\u00e7 kalemlerimiz i\u00e7erisinde en \u00f6nemli \u00e7e\u015fitleri olu\u015fturuyorlar. Yakla\u015f\u0131k olarak Mersin\u2019in 1.5 milyar avroluk bir tar\u0131msal \u00fcretim kapasitesi var. Bir\u00e7ok insan\u0131n da tar\u0131mla ge\u00e7indi\u011fi bir kent oldu\u011funu d\u00fc\u015f\u00fcn\u00fcrseniz, Mersin\u2019e tar\u0131m kenti de diyebilirsiniz\u201d dedi.<\/p>\n","protected":false},"excerpt":{"rendered":"<p>Ba\u015fkan Se\u00e7er, Danimarka\u2019n\u0131n Ankara B\u00fcy\u00fckel\u00e7isi Danny Annan ile Danimarka Mersin Fahri Konsolosu Jozef Atat\u2019\u0131 misafir etti. Danimarka\u2019n\u0131n T\u00fcrkiye ve Mersin\u2019le ili\u015fkilerinin de\u011ferlendirildi\u011fi ziyarette konu\u015fan Ba\u015fkan Se\u00e7er, Annan\u2019a Mersin\u2019i iyi tan\u0131mas\u0131 &hellip; <a href=\"https:\/\/akdenizolaygazetesi.com\/?p=10694\" class=\"more-link\">Devam\u0131n\u0131 Oku&#8230;<\/a><\/p>\n","protected":false},"author":2,"featured_media":10695,"comment_status":"open","ping_status":"open","sticky":false,"template":"","format":"standard","meta":[],"categories":[7,34,1,2,3,5,6],"tags":[],"_links":{"self":[{"href":"https:\/\/akdenizolaygazetesi.com\/index.php?rest_route=\/wp\/v2\/posts\/10694"}],"collection":[{"href":"https:\/\/akdenizolaygazetesi.com\/index.php?rest_route=\/wp\/v2\/posts"}],"about":[{"href":"https:\/\/akdenizolaygazetesi.com\/index.php?rest_route=\/wp\/v2\/types\/post"}],"author":[{"embeddable":true,"href":"https:\/\/akdenizolaygazetesi.com\/index.php?rest_route=\/wp\/v2\/users\/2"}],"replies":[{"embeddable":true,"href":"https:\/\/akdenizolaygazetesi.com\/index.php?rest_route=%2Fwp%2Fv2%2Fcomments&post=10694"}],"version-history":[{"count":1,"href":"https:\/\/akdenizolaygazetesi.com\/index.php?rest_route=\/wp\/v2\/posts\/10694\/revisions"}],"predecessor-version":[{"id":10696,"href":"https:\/\/akdenizolaygazetesi.com\/index.php?rest_route=\/wp\/v2\/posts\/10694\/revisions\/10696"}],"wp:featuredmedia":[{"embeddable":true,"href":"https:\/\/akdenizolaygazetesi.com\/index.php?rest_route=\/wp\/v2\/media\/10695"}],"wp:attachment":[{"href":"https:\/\/akdenizolaygazetesi.com\/index.php?rest_route=%2Fwp%2Fv2%2Fmedia&parent=10694"}],"wp:term":[{"taxonomy":"category","embeddable":true,"href":"https:\/\/akdenizolaygazetesi.com\/index.php?rest_route=%2Fwp%2Fv2%2Fcategories&post=10694"},{"taxonomy":"post_tag","embeddable":true,"href":"https:\/\/akdenizolaygazetesi.com\/index.php?rest_route=%2Fwp%2Fv2%2Ftags&post=10694"}],"curies":[{"name":"wp","href":"https:\/\/api.w.org\/{rel}","templated":true}]}}