{"id":1070,"date":"2020-11-04T18:21:39","date_gmt":"2020-11-04T15:21:39","guid":{"rendered":"http:\/\/mersinekonomipolitikagazetesi.com\/?p=1070"},"modified":"2020-11-04T18:21:39","modified_gmt":"2020-11-04T15:21:39","slug":"latif-dogandan-roza-ovgusu","status":"publish","type":"post","link":"https:\/\/akdenizolaygazetesi.com\/?p=1070","title":{"rendered":"Latif Do\u011fan\u2019dan &#8216;Roza&#8217; \u00f6vg\u00fcs\u00fc"},"content":{"rendered":"<p>\u00dcnl\u00fc sanat\u00e7\u0131 Latif Do\u011fan, \u015eanl\u0131urfa\u2019n\u0131n en b\u00fcy\u00fck a\u015firetlerinden \u0130zol A\u015fireti\u2019nin \u00f6nde gelen isimlerinden Hamit \u0130zol&#8217;un kaleme ald\u0131\u011f\u0131 &#8216;Roza&#8217; isimli kitab\u0131 olduk\u00e7a be\u011fendi\u011fini s\u00f6yledi.<\/p>\n<p>\u00dcnl\u00fc sanat\u00e7\u0131 Latif Do\u011fan, Engelliler Haftas\u0131 dolays\u0131yla kat\u0131laca\u011f\u0131 bir etkinlik i\u00e7in Mersin\u2019e geldi. Kat\u0131ld\u0131\u011f\u0131 etkinli\u011fin ard\u0131ndan konaklamak \u00fczere Sulta\u015fa Oteli\u2019ne giden Do\u011fan, burada ayn\u0131 zamanda otelin de sahibi olan Yazar Hamit \u0130zol ile sohbet etme f\u0131rsat\u0131 buldu. Yan\u0131nda getirdi\u011fi \u0130zol\u2019un son kitab\u0131 Roza\u2019y\u0131 imzalatan Do\u011fan, kitab\u0131 hala okumakta oldu\u011funu, en k\u0131sa s\u00fcrede bitirece\u011fini, \u015fu anda g\u00fczel gitti\u011fini belirterek. bitirdikten sonra kitab\u0131 &#8216;K\u00fcst\u00fcm Show\u2019da tan\u0131taca\u011f\u0131n\u0131 ifade etti.<\/p>\n","protected":false},"excerpt":{"rendered":"<p>\u00dcnl\u00fc sanat\u00e7\u0131 Latif Do\u011fan, \u015eanl\u0131urfa\u2019n\u0131n en b\u00fcy\u00fck a\u015firetlerinden \u0130zol A\u015fireti\u2019nin \u00f6nde gelen isimlerinden Hamit \u0130zol&#8217;un kaleme ald\u0131\u011f\u0131 &#8216;Roza&#8217; isimli kitab\u0131 olduk\u00e7a be\u011fendi\u011fini s\u00f6yledi. \u00dcnl\u00fc sanat\u00e7\u0131 Latif Do\u011fan, Engelliler Haftas\u0131 dolays\u0131yla &hellip; <a href=\"https:\/\/akdenizolaygazetesi.com\/?p=1070\" class=\"more-link\">Devam\u0131n\u0131 Oku&#8230;<\/a><\/p>\n","protected":false},"author":1,"featured_media":0,"comment_status":"open","ping_status":"open","sticky":false,"template":"","format":"standard","meta":[],"categories":[],"tags":[],"_links":{"self":[{"href":"https:\/\/akdenizolaygazetesi.com\/index.php?rest_route=\/wp\/v2\/posts\/1070"}],"collection":[{"href":"https:\/\/akdenizolaygazetesi.com\/index.php?rest_route=\/wp\/v2\/posts"}],"about":[{"href":"https:\/\/akdenizolaygazetesi.com\/index.php?rest_route=\/wp\/v2\/types\/post"}],"author":[{"embeddable":true,"href":"https:\/\/akdenizolaygazetesi.com\/index.php?rest_route=\/wp\/v2\/users\/1"}],"replies":[{"embeddable":true,"href":"https:\/\/akdenizolaygazetesi.com\/index.php?rest_route=%2Fwp%2Fv2%2Fcomments&post=1070"}],"version-history":[{"count":0,"href":"https:\/\/akdenizolaygazetesi.com\/index.php?rest_route=\/wp\/v2\/posts\/1070\/revisions"}],"wp:attachment":[{"href":"https:\/\/akdenizolaygazetesi.com\/index.php?rest_route=%2Fwp%2Fv2%2Fmedia&parent=1070"}],"wp:term":[{"taxonomy":"category","embeddable":true,"href":"https:\/\/akdenizolaygazetesi.com\/index.php?rest_route=%2Fwp%2Fv2%2Fcategories&post=1070"},{"taxonomy":"post_tag","embeddable":true,"href":"https:\/\/akdenizolaygazetesi.com\/index.php?rest_route=%2Fwp%2Fv2%2Ftags&post=1070"}],"curies":[{"name":"wp","href":"https:\/\/api.w.org\/{rel}","templated":true}]}}