{"id":10703,"date":"2021-02-12T12:49:29","date_gmt":"2021-02-12T09:49:29","guid":{"rendered":"http:\/\/akdenizolaygazetesi.com\/?p=10703"},"modified":"2021-02-12T12:49:29","modified_gmt":"2021-02-12T09:49:29","slug":"akdeniz-belediyesine-459-adet-yeni-cop-konteyniri-hibe-edildi","status":"publish","type":"post","link":"https:\/\/akdenizolaygazetesi.com\/?p=10703","title":{"rendered":"AKDEN\u0130Z BELED\u0130YES\u0130NE 459 ADET YEN\u0130 \u00c7\u00d6P KONTEYNIRI H\u0130BE ED\u0130LD\u0130"},"content":{"rendered":"<p>\u00c7evre ve \u015eehircilik Bakanl\u0131\u011f\u0131; gelecek nesillere temiz ve sa\u011fl\u0131kl\u0131 bir \u00fclke ve d\u00fcnya, s\u00fcrd\u00fcr\u00fclebilir bir<br \/>\nya\u015fam b\u0131rakmak amac\u0131yla ba\u015flat\u0131lan; \u2018S\u0131f\u0131r At\u0131k Projesi\u2019ni ba\u015far\u0131yla uygulamas\u0131 nedeniyle \u2018S\u0131f\u0131r At\u0131k<br \/>\nBelgesi\u2019ni almaya hak kazanan Akdeniz Belediyesi\u2019ne 459 adet yeni \u00e7\u00f6p konteyn\u0131r\u0131 g\u00f6nderdi.<\/p>\n<p>Akdeniz Belediyesi; gelecek nesillere temiz, sa\u011fl\u0131kl\u0131 bir \u00fclke ve ya\u015fanabilir bir d\u00fcnya b\u0131rakmak<br \/>\namac\u0131yla; Cumhurba\u015fkan\u0131 Recep Tayyip Erdo\u011fan\u2019\u0131n e\u015fi Emine Erdo\u011fan\u2019\u0131n himayesinde; \u00c7evre ve<br \/>\n\u015eehircilik Bakanl\u0131\u011f\u0131 \u00c7evre Y\u00f6netimi Genel M\u00fcd\u00fcrl\u00fc\u011f\u00fc\u2019nce \u00fclke \u00e7ap\u0131nda s\u00fcrd\u00fcr\u00fclen \u2018S\u0131f\u0131r At\u0131k<br \/>\nProjesi\u2019 kapsam\u0131nda, y\u00f6netmelikte yer alan kriterleri yerine getirerek ve \u00f6rnek belediyecilik<br \/>\nsergileyerek ge\u00e7en Aral\u0131k ay\u0131 i\u00e7erisinde \u201cS\u0131f\u0131r At\u0131k Belgesi\u2019ni\u201d almaya hak kazanm\u0131\u015ft\u0131.<\/p>\n<p>Bu sebeple; \u00c7evre ve \u015eehircilik Bakanl\u0131\u011f\u0131 taraf\u0131ndan Akdeniz Belediyesi\u2019ne; k\u00e2\u011f\u0131t, karton, plastik,<br \/>\ncam ve metal gibi geri d\u00f6n\u00fc\u015febilir at\u0131klar\u0131n toplanabilece\u011fi 459 adet yeni \u00e7\u00f6p konteyn\u0131r\u0131 hibe<br \/>\nedildi. Akdeniz\u2019in ihtiya\u00e7 duyan mahallelerinde cadde ve sokaklara yerle\u015ftirilmek \u00fczere \u00c7evre<br \/>\nKoruma ve Kontrol M\u00fcd\u00fcrl\u00fc\u011f\u00fc ekiplerince teslim al\u0131nan konteyn\u0131rlar; i\u015f makineleri yard\u0131m\u0131yla<br \/>\nteknik birimlerin de yer ald\u0131\u011f\u0131 makine ikmal sahas\u0131na indirildi.<\/p>\n<p>Ba\u015fkan G\u00fcltak; \u201cDo\u011fa ve \u00e7evre dostu bir anlay\u0131\u015fla \u00e7al\u0131\u015fmaya devam edece\u011fiz\u201d<\/p>\n<p>Akdeniz Belediye Ba\u015fkan\u0131 M. Mustafa G\u00fcltak, konu hakk\u0131nda yapt\u0131\u011f\u0131 a\u00e7\u0131klamada, \u201cGelece\u011fimiz olan<br \/>\n\u00e7ocuklar\u0131m\u0131za temiz bir \u00fclke, sa\u011fl\u0131kl\u0131 bir \u00e7evre ile g\u00fczel bir do\u011fa b\u0131rakmak amac\u0131yla ba\u015flat\u0131lan<br \/>\n\u201cS\u0131f\u0131r At\u0131k Projesi\u201d kapsam\u0131nda g\u00f6sterdi\u011fimiz ba\u015far\u0131 sayesinde, ge\u00e7en Aral\u0131k ay\u0131 i\u00e7inde \u2018S\u0131f\u0131r At\u0131k<br \/>\nBelgesi\u2019 almaya hak kazanm\u0131\u015ft\u0131k. Bu ba\u015far\u0131m\u0131z nedeniyle, \u00c7evre ve \u015eehircilik Bakanl\u0131\u011f\u0131m\u0131z<br \/>\ntaraf\u0131ndan Akdeniz Belediyemize 459 adet yeni \u00e7\u00f6p konteyn\u0131r\u0131 hibe edildi\u201d diye konu\u015ftu.<\/p>\n<p>\u201cDaha ye\u015fil ve sa\u011fl\u0131kl\u0131 bir d\u00fcnya i\u00e7in at\u0131klar\u0131 kayna\u011f\u0131nda ayr\u0131\u015ft\u0131r\u0131yoruz\u201d<\/p>\n<p>Do\u011fal kaynaklar\u0131n; s\u00fcrd\u00fcr\u00fclebilir, verimli ve etkin \u015fekilde y\u00f6netimi ve kullan\u0131m\u0131n\u0131n \u00f6nemine<br \/>\ndikkat \u00e7eken Ba\u015fkan G\u00fcltak, s\u00f6zlerini \u015f\u00f6yle s\u00fcrd\u00fcrd\u00fc; \u201cEn k\u0131ymetli varl\u0131\u011f\u0131m\u0131z olan \u00e7ocuklar\u0131m\u0131za<br \/>\nb\u0131rakabilece\u011fimiz en de\u011ferli miras, temiz bir d\u00fcnya, sa\u011fl\u0131kl\u0131 bir do\u011fad\u0131r. Buradan hareketle, \u00e7evre<br \/>\ndostu ve geri d\u00f6n\u00fc\u015f\u00fcme \u00f6nemli katk\u0131 sa\u011flayan s\u0131f\u0131r at\u0131k projesini \u00e7ok \u00f6nemsiyoruz. Ye\u015fil ve<br \/>\nsa\u011fl\u0131kl\u0131 bir Akdeniz i\u00e7in at\u0131klar\u0131 hen\u00fcz kayna\u011f\u0131nda ayr\u0131\u015ft\u0131r\u0131yoruz. Bu sayede kentimiz de \u00fclkemiz<br \/>\nde kazan\u0131yor. At\u0131\u011f\u0131 kayna\u011f\u0131nda kazanarak, \u00e7evreci ve yemye\u015fil bir Akdeniz ve Mersin\u2019in<br \/>\ntemellerini hep birlikte ataca\u011f\u0131z. Temiz ve sa\u011fl\u0131kl\u0131 bir Akdeniz ve do\u011fam\u0131z i\u00e7in \u00e7al\u0131\u015fmaya devam<br \/>\nedece\u011fiz.\u201d<\/p>\n","protected":false},"excerpt":{"rendered":"<p>\u00c7evre ve \u015eehircilik Bakanl\u0131\u011f\u0131; gelecek nesillere temiz ve sa\u011fl\u0131kl\u0131 bir \u00fclke ve d\u00fcnya, s\u00fcrd\u00fcr\u00fclebilir bir ya\u015fam b\u0131rakmak amac\u0131yla ba\u015flat\u0131lan; \u2018S\u0131f\u0131r At\u0131k Projesi\u2019ni ba\u015far\u0131yla uygulamas\u0131 nedeniyle \u2018S\u0131f\u0131r At\u0131k Belgesi\u2019ni almaya hak &hellip; <a href=\"https:\/\/akdenizolaygazetesi.com\/?p=10703\" class=\"more-link\">Devam\u0131n\u0131 Oku&#8230;<\/a><\/p>\n","protected":false},"author":2,"featured_media":10704,"comment_status":"open","ping_status":"open","sticky":false,"template":"","format":"standard","meta":[],"categories":[34,1,2,3,5],"tags":[],"_links":{"self":[{"href":"https:\/\/akdenizolaygazetesi.com\/index.php?rest_route=\/wp\/v2\/posts\/10703"}],"collection":[{"href":"https:\/\/akdenizolaygazetesi.com\/index.php?rest_route=\/wp\/v2\/posts"}],"about":[{"href":"https:\/\/akdenizolaygazetesi.com\/index.php?rest_route=\/wp\/v2\/types\/post"}],"author":[{"embeddable":true,"href":"https:\/\/akdenizolaygazetesi.com\/index.php?rest_route=\/wp\/v2\/users\/2"}],"replies":[{"embeddable":true,"href":"https:\/\/akdenizolaygazetesi.com\/index.php?rest_route=%2Fwp%2Fv2%2Fcomments&post=10703"}],"version-history":[{"count":1,"href":"https:\/\/akdenizolaygazetesi.com\/index.php?rest_route=\/wp\/v2\/posts\/10703\/revisions"}],"predecessor-version":[{"id":10705,"href":"https:\/\/akdenizolaygazetesi.com\/index.php?rest_route=\/wp\/v2\/posts\/10703\/revisions\/10705"}],"wp:featuredmedia":[{"embeddable":true,"href":"https:\/\/akdenizolaygazetesi.com\/index.php?rest_route=\/wp\/v2\/media\/10704"}],"wp:attachment":[{"href":"https:\/\/akdenizolaygazetesi.com\/index.php?rest_route=%2Fwp%2Fv2%2Fmedia&parent=10703"}],"wp:term":[{"taxonomy":"category","embeddable":true,"href":"https:\/\/akdenizolaygazetesi.com\/index.php?rest_route=%2Fwp%2Fv2%2Fcategories&post=10703"},{"taxonomy":"post_tag","embeddable":true,"href":"https:\/\/akdenizolaygazetesi.com\/index.php?rest_route=%2Fwp%2Fv2%2Ftags&post=10703"}],"curies":[{"name":"wp","href":"https:\/\/api.w.org\/{rel}","templated":true}]}}