{"id":10709,"date":"2021-02-12T14:11:12","date_gmt":"2021-02-12T11:11:12","guid":{"rendered":"http:\/\/akdenizolaygazetesi.com\/?p=10709"},"modified":"2021-02-12T14:11:12","modified_gmt":"2021-02-12T11:11:12","slug":"gulnar-belediyesi-buz-doseme-calismalarini-araliksiz-surduruyor","status":"publish","type":"post","link":"https:\/\/akdenizolaygazetesi.com\/?p=10709","title":{"rendered":"G\u00dcLNAR BELED\u0130YES\u0130, B\u00dcZ D\u00d6\u015eEME \u00c7ALI\u015eMALARINI ARALIKSIZ S\u00dcRD\u00dcR\u00dcYOR"},"content":{"rendered":"<p>G\u00fclnar Belediyesi ekipleri il\u00e7e genelinde \u015fiddetli ya\u011f\u0131\u015flar ile birlikte ya\u015fanabilecek sel ve ta\u015fk\u0131nlar\u0131n<br \/>\n\u00f6n\u00fcne ge\u00e7ebilmek amac\u0131yla kendi tesisinde \u00fcretti\u011fi beton b\u00fczlerin d\u00f6\u015feme \u00e7al\u0131\u015fmalar\u0131n\u0131 aral\u0131ks\u0131z<br \/>\ns\u00fcrd\u00fcr\u00fcyor. Yol bak\u0131m ve onar\u0131m \u00e7al\u0131\u015fmalar\u0131 kapsam\u0131nda ger\u00e7ekle\u015fen \u00e7al\u0131\u015fmalarla sorun ya\u015fanan<br \/>\nyollar\u0131n da onar\u0131m\u0131 yap\u0131l\u0131yor.<\/p>\n<p>Tar\u0131m arazilerine giden yolarda ve mahalle i\u00e7i yollarda bozulmalar\u0131 engellemek ve ya\u011fmur sular\u0131n\u0131<br \/>\nkontrol alt\u0131na almak amac\u0131yla \u0130l\u00e7eye ba\u011fl\u0131 Zeyne mahallesinde b\u00fcz d\u00f6\u015feme ve yol bak\u0131m onar\u0131m<br \/>\n\u00e7al\u0131\u015fmalar\u0131 ger\u00e7ekle\u015ftiriliyor.<\/p>\n<p>\u00c7al\u0131\u015fmalarla ilgili a\u00e7\u0131klama yapan G\u00fclnar Belediye Ba\u015fkan\u0131 Alpaslan \u00dcN\u00dcVAR; \u201c G\u00fclnar<br \/>\nBelediyesi olarak il\u00e7emiz genelinde yol bak\u0131m ve onar\u0131m \u00e7al\u0131\u015fmalar\u0131m\u0131z\u0131 aral\u0131ks\u0131z s\u00fcrd\u00fcr\u00fcyoruz. Bu<br \/>\nkapsamda \u00f6zellikle ya\u011f\u0131\u015fl\u0131 havalarda sorun olu\u015fturan noktalarda suyun tahliyesi ve ula\u015f\u0131mda problem<br \/>\nya\u015fanmamas\u0131 ad\u0131na G\u00fclnar Belediyesi ekiplerimiz, ihtiyaca g\u00f6re de\u011fi\u015fik ebatlarda ve say\u0131da b\u00fcz<br \/>\nd\u00f6\u015feme \u00e7al\u0131\u015fmas\u0131 ger\u00e7ekle\u015ftiriyor. Zeyne Mahallemizde de belirlenen b\u00f6lgelerde beton b\u00fcz boru<br \/>\nd\u00f6\u015feme \u00e7al\u0131\u015fmalar\u0131m\u0131z yap\u0131ld\u0131. \u00c7al\u0131\u015fmalar\u0131m\u0131z belirlenen program dahilinde devam edecektir\u201d dedi.<\/p>\n","protected":false},"excerpt":{"rendered":"<p>G\u00fclnar Belediyesi ekipleri il\u00e7e genelinde \u015fiddetli ya\u011f\u0131\u015flar ile birlikte ya\u015fanabilecek sel ve ta\u015fk\u0131nlar\u0131n \u00f6n\u00fcne ge\u00e7ebilmek amac\u0131yla kendi tesisinde \u00fcretti\u011fi beton b\u00fczlerin d\u00f6\u015feme \u00e7al\u0131\u015fmalar\u0131n\u0131 aral\u0131ks\u0131z s\u00fcrd\u00fcr\u00fcyor. Yol bak\u0131m ve onar\u0131m \u00e7al\u0131\u015fmalar\u0131 &hellip; <a href=\"https:\/\/akdenizolaygazetesi.com\/?p=10709\" class=\"more-link\">Devam\u0131n\u0131 Oku&#8230;<\/a><\/p>\n","protected":false},"author":2,"featured_media":10710,"comment_status":"open","ping_status":"open","sticky":false,"template":"","format":"standard","meta":[],"categories":[34,1,2,3,5],"tags":[],"_links":{"self":[{"href":"https:\/\/akdenizolaygazetesi.com\/index.php?rest_route=\/wp\/v2\/posts\/10709"}],"collection":[{"href":"https:\/\/akdenizolaygazetesi.com\/index.php?rest_route=\/wp\/v2\/posts"}],"about":[{"href":"https:\/\/akdenizolaygazetesi.com\/index.php?rest_route=\/wp\/v2\/types\/post"}],"author":[{"embeddable":true,"href":"https:\/\/akdenizolaygazetesi.com\/index.php?rest_route=\/wp\/v2\/users\/2"}],"replies":[{"embeddable":true,"href":"https:\/\/akdenizolaygazetesi.com\/index.php?rest_route=%2Fwp%2Fv2%2Fcomments&post=10709"}],"version-history":[{"count":1,"href":"https:\/\/akdenizolaygazetesi.com\/index.php?rest_route=\/wp\/v2\/posts\/10709\/revisions"}],"predecessor-version":[{"id":10711,"href":"https:\/\/akdenizolaygazetesi.com\/index.php?rest_route=\/wp\/v2\/posts\/10709\/revisions\/10711"}],"wp:featuredmedia":[{"embeddable":true,"href":"https:\/\/akdenizolaygazetesi.com\/index.php?rest_route=\/wp\/v2\/media\/10710"}],"wp:attachment":[{"href":"https:\/\/akdenizolaygazetesi.com\/index.php?rest_route=%2Fwp%2Fv2%2Fmedia&parent=10709"}],"wp:term":[{"taxonomy":"category","embeddable":true,"href":"https:\/\/akdenizolaygazetesi.com\/index.php?rest_route=%2Fwp%2Fv2%2Fcategories&post=10709"},{"taxonomy":"post_tag","embeddable":true,"href":"https:\/\/akdenizolaygazetesi.com\/index.php?rest_route=%2Fwp%2Fv2%2Ftags&post=10709"}],"curies":[{"name":"wp","href":"https:\/\/api.w.org\/{rel}","templated":true}]}}