{"id":1071,"date":"2020-11-04T18:21:39","date_gmt":"2020-11-04T15:21:39","guid":{"rendered":"http:\/\/mersinekonomipolitikagazetesi.com\/?p=1071"},"modified":"2020-11-04T18:21:39","modified_gmt":"2020-11-04T15:21:39","slug":"engelli-derneginden-alkisa-plaket","status":"publish","type":"post","link":"https:\/\/akdenizolaygazetesi.com\/?p=1071","title":{"rendered":"Engelli derne\u011finden Alk\u0131\u015f&#8217;a plaket"},"content":{"rendered":"<p>T\u00fcm Engelli Haklar\u0131 Koruma Derne\u011fi taraf\u0131ndan \u00d6zhedef Sigorta Y\u00f6netim Kurulu Ba\u015fkan\u0131 Edhem Alk\u0131\u015f&#8217;a, engelli vatanda\u015flara verdi\u011fi desteklerden dolay\u0131 te\u015fekk\u00fcr plaketi verildi.<\/p>\n<p>Plaketini Mersin \u0130dmanyurdu Kul\u00fcp Ba\u015fkan\u0131 Mahmut Karak&#8217;tan alan Alk\u0131\u015f, &#8220;Bu g\u00fcn engelli olarak tabir etti\u011fimiz karde\u015flerimiz sporda, sanatta, bilimde, teknolojide \u00e7ok \u00f6nemli ba\u015far\u0131lara imza atm\u0131\u015ft\u0131r. Engelli olarak hem kendileri i\u00e7in hem de \u00fclkemiz i\u00e7in neler yapabildiklerini en g\u00fczel \u015fekilde bizlere g\u00f6stermi\u015ftir. Bizlere d\u00fc\u015fen g\u00f6rev engelli vatanda\u015flar\u0131m\u0131z\u0131n evden \u00e7\u0131kmalar\u0131n\u0131 sa\u011flayarak topluma kazand\u0131rmak ve destek olmaktad\u0131r. Engelli vatanda\u015flar\u0131m\u0131z i\u00e7in b\u00f6yle g\u00fczel bir geceyi haz\u0131rlayarak katk\u0131 sunmam\u0131za vesile olan T\u00fcm Engelli Haklar\u0131 Koruma Derne\u011fi Ba\u015fkan\u0131m\u0131za ve y\u00f6netim kurulu \u00fcyelerimize te\u015fekk\u00fcr ederim&#8221; dedi.<\/p>\n","protected":false},"excerpt":{"rendered":"<p>T\u00fcm Engelli Haklar\u0131 Koruma Derne\u011fi taraf\u0131ndan \u00d6zhedef Sigorta Y\u00f6netim Kurulu Ba\u015fkan\u0131 Edhem Alk\u0131\u015f&#8217;a, engelli vatanda\u015flara verdi\u011fi desteklerden dolay\u0131 te\u015fekk\u00fcr plaketi verildi. Plaketini Mersin \u0130dmanyurdu Kul\u00fcp Ba\u015fkan\u0131 Mahmut Karak&#8217;tan alan Alk\u0131\u015f, &hellip; <a href=\"https:\/\/akdenizolaygazetesi.com\/?p=1071\" class=\"more-link\">Devam\u0131n\u0131 Oku&#8230;<\/a><\/p>\n","protected":false},"author":1,"featured_media":0,"comment_status":"open","ping_status":"open","sticky":false,"template":"","format":"standard","meta":[],"categories":[],"tags":[],"_links":{"self":[{"href":"https:\/\/akdenizolaygazetesi.com\/index.php?rest_route=\/wp\/v2\/posts\/1071"}],"collection":[{"href":"https:\/\/akdenizolaygazetesi.com\/index.php?rest_route=\/wp\/v2\/posts"}],"about":[{"href":"https:\/\/akdenizolaygazetesi.com\/index.php?rest_route=\/wp\/v2\/types\/post"}],"author":[{"embeddable":true,"href":"https:\/\/akdenizolaygazetesi.com\/index.php?rest_route=\/wp\/v2\/users\/1"}],"replies":[{"embeddable":true,"href":"https:\/\/akdenizolaygazetesi.com\/index.php?rest_route=%2Fwp%2Fv2%2Fcomments&post=1071"}],"version-history":[{"count":0,"href":"https:\/\/akdenizolaygazetesi.com\/index.php?rest_route=\/wp\/v2\/posts\/1071\/revisions"}],"wp:attachment":[{"href":"https:\/\/akdenizolaygazetesi.com\/index.php?rest_route=%2Fwp%2Fv2%2Fmedia&parent=1071"}],"wp:term":[{"taxonomy":"category","embeddable":true,"href":"https:\/\/akdenizolaygazetesi.com\/index.php?rest_route=%2Fwp%2Fv2%2Fcategories&post=1071"},{"taxonomy":"post_tag","embeddable":true,"href":"https:\/\/akdenizolaygazetesi.com\/index.php?rest_route=%2Fwp%2Fv2%2Ftags&post=1071"}],"curies":[{"name":"wp","href":"https:\/\/api.w.org\/{rel}","templated":true}]}}