{"id":10713,"date":"2021-02-12T14:50:45","date_gmt":"2021-02-12T11:50:45","guid":{"rendered":"http:\/\/akdenizolaygazetesi.com\/?p=10713"},"modified":"2021-02-12T14:50:45","modified_gmt":"2021-02-12T11:50:45","slug":"baskan-gultak-civanyaylagi-bekirde-dikilitas-ve-akdama-konuk-oldu","status":"publish","type":"post","link":"https:\/\/akdenizolaygazetesi.com\/?p=10713","title":{"rendered":"BA\u015eKAN G\u00dcLTAK; C\u0130VANYAYLA\u011eI, BEK\u0130RDE, D\u0130K\u0130L\u0130TA\u015e VE AKDAM\u2019A KONUK OLDU"},"content":{"rendered":"<p>Akdeniz Belediye Ba\u015fkan\u0131 M. Mustafa G\u00fcltak, g\u00f6reve geldi\u011fi g\u00fcnden bu yana her hafta Sal\u0131 ve Cuma<br \/>\ng\u00fcnleri ger\u00e7ekle\u015ftirdi\u011fi mahalle ziyaretleri kapsam\u0131nda, Civanyayla\u011f\u0131, Bekirde Dikilita\u015f ve Akdam<br \/>\nmahallelerine konuk oldu.<\/p>\n<p>AK Parti Akdeniz \u0130l\u00e7e Ba\u015fkanl\u0131\u011f\u0131 y\u00f6neticileri, ba\u015fkan yard\u0131mc\u0131lar\u0131, birim m\u00fcd\u00fcrleri ile muhtarlar\u0131n<br \/>\nkat\u0131ld\u0131\u011f\u0131 ziyaretlerde vatanda\u015flara hitap eden Ba\u015fkan G\u00fcltak, hem belediyenin bu mahallelere<br \/>\nsundu\u011fu hizmetleri anlatt\u0131, ayr\u0131ca yak\u0131n zaman i\u00e7inde yap\u0131lacak \u00e7al\u0131\u015fmalar hakk\u0131nda mahalle<br \/>\nsakinlerini bilgilendirdi.<\/p>\n<p>S\u0131cak kar\u015f\u0131lama nedeniyle mahalle sakinlerine te\u015fekk\u00fcr ederek konu\u015fmas\u0131na ba\u015flayan Ba\u015fkan<br \/>\nG\u00fcltak, \u201cHer Sal\u0131 ve Cuma mahallelerimizdeyiz. Vatanda\u015flar\u0131m\u0131zla, esnaf\u0131m\u0131zla, muhtarlar\u0131m\u0131zla<br \/>\ngeziyoruz, neler yapt\u0131\u011f\u0131m\u0131za bak\u0131yoruz. \u0130htiya\u00e7 ve talep varsa onlar\u0131 kay\u0131t alt\u0131na al\u0131yor ve<br \/>\nplanl\u0131yoruz. Yerinde tespit \u00e7ok \u00f6nemli. Bunu yapt\u0131\u011f\u0131n\u0131z zaman bir\u00e7ok \u015feyi net olarak<br \/>\ng\u00f6r\u00fcyorsunuz\u201d dedi.<\/p>\n<p>Civanyayla\u011f\u0131\u2019na sunulan hizmetler\u2026<\/p>\n<p>Civanyayla\u011f\u0131\u2019n\u0131n, g\u00f6reve geldiklerinde ilk ilgilendikleri ve hizmet g\u00f6t\u00fcrd\u00fckleri mahallelerden biri<br \/>\noldu\u011funu kaydeden Ba\u015fkan G\u00fcltak; \u201cGe\u00e7en y\u0131l epey bir asfalt kaplama \u00e7al\u0131\u015fmas\u0131 yapt\u0131k. 3 bin 839<br \/>\nton asfalt d\u00f6kt\u00fck. \u015eu g\u00f6rd\u00fc\u011f\u00fcn\u00fcz ana yollar\u0131n ve sokaklar\u0131n asfalt\u0131 bizim d\u00f6nemimizde yap\u0131ld\u0131. Bin<br \/>\n145 metrek\u00fcp bord\u00fcr \u00e7al\u0131\u015fmas\u0131 yap\u0131ld\u0131. Ayr\u0131ca muhtelif sokaklarda bin 15 kilometre kilitta\u015f\u0131; 335<br \/>\nmetrekarenin \u00fczerinde de karo \u00e7al\u0131\u015fmas\u0131 yap\u0131ld\u0131. Mahallenin ilkokulunun \u00e7at\u0131s\u0131 ile ihtiya\u00e7 sahibi<br \/>\nbaz\u0131 vatanda\u015flar\u0131m\u0131z\u0131n evleri yenilendi. Mahallemizde, ho\u015f geldin Bebek projesi ile 4 ailemize;<br \/>\nk\u0131rtasiye deste\u011fi ile 10 ailemize ula\u015ft\u0131k. Ayr\u0131ca 10 ailemize devam s\u00fct\u00fc deste\u011fi verdik\u201d diye<br \/>\nkonu\u015ftu.<\/p>\n<p>\u201cBu b\u00f6lge, kesme g\u00fcl \u00fcretiminde T\u00fcrkiye\u2019de ikinci s\u0131rada\u201d<\/p>\n<p>Civanyayla\u011f\u0131, Bekirde, Akdam ve Dikilita\u015f mahallelerini bir b\u00fct\u00fcn olarak ele ald\u0131klar\u0131n\u0131 belirten<br \/>\nBa\u015fkan Mustafa G\u00fcltak, bu mahallelerin kesme g\u00fcl \u00fcretiminde T\u00fcrkiye\u2019de \u00e7ok \u00f6nemli bir<br \/>\npotansiyele sahip oldu\u011funa i\u015faret etti. S\u00f6zlerini, \u201cPandemi olmasayd\u0131, 2020 y\u0131l\u0131 i\u00e7erisinde g\u00fczel bir<br \/>\ng\u00fcl festivali d\u00fczenlemeyi planlam\u0131\u015ft\u0131k\u201d diyerek s\u00fcrd\u00fcren Ba\u015fkan G\u00fcltak, \u201cBak\u0131n\u0131z; Karaduvar<br \/>\nMahallemizde Bal\u0131k Festivali d\u00fczenledik.<\/p>\n<p>Sadece iki g\u00fcn i\u00e7inde, farkl\u0131 kentlerden hatta farkl\u0131 \u00fclkelerden gelen 50 bin insan\u0131m\u0131z bu<br \/>\nfestivalimizi ziyaret etti. Festivalimiz ger\u00e7ekten b\u00fcy\u00fck ses getirdi. Kazanl\u0131, Karaduvar ve<br \/>\nAdanal\u0131o\u011flu b\u00f6lgesinde biber fuar\u0131; burada da g\u00fcl festivali d\u00fczenlemeyi planlam\u0131\u015ft\u0131k. \u00c7\u00fcnk\u00fc<br \/>\neminim ki T\u00fcrkiye\u2019de, kesme g\u00fclde ikinci ilin Mersin oldu\u011funu kimse bilmiyor. Bu sene hayat<br \/>\nnormale d\u00f6nerse g\u00fcl festivalimizi in\u015fallah hayata ge\u00e7irece\u011fiz. B\u00f6ylelikle bu b\u00f6lgemizi t\u00fcm T\u00fcrkiye<br \/>\nhatta d\u00fcnyaya tan\u0131tm\u0131\u015f olaca\u011f\u0131z\u201d diye konu\u015ftu.<\/p>\n<p>\u201cAkdeniz\u2019de huzuru, bar\u0131\u015f\u0131 ve karde\u015fli\u011fi sa\u011flad\u0131k\u201d<\/p>\n<p>Ba\u015fkan G\u00fcltak, s\u00f6zlerini \u015f\u00f6yle s\u00fcrd\u00fcrd\u00fc; \u201cHi\u00e7bir ay\u0131r\u0131m yapmadan Akdeniz\u2019in t\u00fcm mahallelerinde<br \/>\nya\u015fayan insanlar\u0131m\u0131z\u0131n hepsini kucaklay\u0131p bir hep birlikte karde\u015flik havas\u0131 yaratt\u0131\u011f\u0131m\u0131za<br \/>\ninan\u0131yorum. Koronavir\u00fcs, yakla\u015f\u0131k 1 bu\u00e7uk y\u0131ld\u0131r t\u00fcm d\u00fcnyada insano\u011flunu sars\u0131yor. Huzur ve<br \/>\nsa\u011fl\u0131\u011f\u0131n ne kadar \u00f6nemli oldu\u011funu hepimiz g\u00f6rd\u00fck. Akdeniz\u2019de daha \u00f6nce huzur yoktu. Oysa<br \/>\nbug\u00fcn art\u0131k bar\u0131\u015f, karde\u015flik ve huzur var. Akdeniz\u2019de ya\u015fanan insanl\u0131k dram\u0131n\u0131 \u00e7\u00f6zme s\u00f6z\u00fc<br \/>\nvermi\u015ftik, \u2018ter\u00f6r ve uyu\u015fturucuyu ortadan kald\u0131r\u0131p, insanlar\u0131m\u0131z\u0131 bir araya getirece\u011fiz\u2019 dedik. Bir<br \/>\nyandan bunlar\u0131 yaparken, di\u011fer yandan mahallelerimizin asfalt, kald\u0131r\u0131m, park gibi eksiklerini<br \/>\nyerine getiriyoruz.\u201d<\/p>\n<p>\u201cMersin\u2019in ikinci etap imar plan\u0131 s\u00fcrecini h\u0131zland\u0131rd\u0131k\u201d<\/p>\n<p>Mersin\u2019in, ikinci etap imar plan\u0131 hakk\u0131nda da a\u00e7\u0131klama yapan Ba\u015fkan G\u00fcltak, \u201cMersin\u2019in 15 y\u0131ld\u0131r<br \/>\nikinci etap imar planlar\u0131 ge\u00e7miyordu. Tar\u0131m Bakanl\u0131\u011f\u0131\u2019n\u0131n onay\u0131; Pazartesi itibariyle \u0130l Tar\u0131m<br \/>\nM\u00fcd\u00fcrl\u00fc\u011f\u00fc\u2019ne yaz\u0131 ula\u015ft\u0131. Yaz\u0131 B\u00fcy\u00fck\u015fehir Belediyesi\u2019ne de ula\u015ft\u0131. Say\u0131n L\u00fctfi Elvan Bakan\u0131m\u0131za<br \/>\n\u00f6zellikle te\u015fekk\u00fcr ediyoruz. Art\u0131k 5 binlik ve binlik planlar \u00e7al\u0131\u015f\u0131lacak. Tabi plan, bu b\u00f6lgemizi,<br \/>\nAkdeniz\u2019in do\u011fusunu da \u00e7ok ilgilendiriyor. Zira imars\u0131zl\u0131k nedeniyle insanlar\u0131m\u0131z yap\u0131 yapam\u0131yor,<br \/>\nruhsat alam\u0131yordu. Bu s\u00fcreci de h\u0131zland\u0131rm\u0131\u015f olduk. \u015eimdiden Mersin ve Akdeniz\u2019e hay\u0131rl\u0131 olsun\u201d<br \/>\n\u015feklinde konu\u015ftu.<\/p>\n<p>\u201cAkdeniz\u2019i bir \u2018spor kenti\u2019 yapaca\u011f\u0131z\u201d<\/p>\n<p>Mersin Millet Bah\u00e7esi, Havaalan\u0131, \u00c7ay Mahallesi TOK\u0130 konutlar\u0131 hakk\u0131nda da a\u00e7\u0131klamalarda<br \/>\nbulunan Ba\u015fkan Mustafa G\u00fcltak; Akdeniz\u2019de; Spor TOTO ihalelerini ger\u00e7ekle\u015ftirip, s\u00f6zle\u015fmeleri<br \/>\nimzalad\u0131klar\u0131n\u0131 da belirtti. Ba\u015fkan G\u00fcltak; \u201cY\u0131lmaz G\u00fcney Park\u0131m\u0131z\u0131 da yenileyece\u011fiz. Burada yar\u0131<br \/>\nolimpik havuzumuz, bir gen\u00e7lik merkezi ile g\u00fczel bir park\u0131m\u0131z olacak. Ayr\u0131ca \u00c7ay, Karacailyas,<br \/>\nKazanl\u0131 mahallelerimizde bulunan spor tesisleri ile Seyfi Ali T\u00fcrko\u011flu tesisini yeniliyoruz. Bu<br \/>\nsahalar\u0131n suni \u00e7imleri olacak ve Seyfi Ali T\u00fcrko\u011flu tesisimiz de komple de\u011fi\u015fiyor. Yakla\u015f\u0131k 30<br \/>\nmilyon TL b\u00fct\u00e7eli bir projedir. T\u0131rm\u0131l Tepe civar\u0131nda da spor kompleksi projemiz var. Akdeniz\u2019i<br \/>\nspor kenti yapaca\u011f\u0131z. Gen\u00e7lerimize hay\u0131rl\u0131 olsun\u201d dedi.<\/p>\n<p>\u201cGece-g\u00fcnd\u00fcz demeden \u00e7al\u0131\u015f\u0131yor, projeler \u00fcretiyoruz\u201d<\/p>\n<p>Sadece 2 y\u0131l i\u00e7erisinde bir\u00e7ok hizmet, proje ve yat\u0131r\u0131ma imza att\u0131klar\u0131n\u0131 kaydeden Ba\u015fkan G\u00fcltak,<br \/>\n\u201cElbette daha yapaca\u011f\u0131m\u0131z \u00e7ok i\u015f var. S\u00f6z\u00fcm\u00fczde duruyoruz; de\u011fi\u015fimi ba\u015flatt\u0131k ve Akdeniz\u2019de bu<br \/>\nde\u011fi\u015fim ve d\u00f6n\u00fc\u015f\u00fcm devam edecek. Ekibimizle birlikte gece-g\u00fcnd\u00fcz \u00e7al\u0131\u015farak yeni projeler<br \/>\n\u00fcretiyoruz. Bu projeleri de Ankara\u2019ya g\u00f6t\u00fcr\u00fcyoruz. Elbette projeler kar\u015f\u0131l\u0131\u011f\u0131nda destek al\u0131yoruz.<br \/>\nT\u00fcm bunlar\u0131 da siz de\u011ferli halk\u0131m\u0131zdan ald\u0131\u011f\u0131m\u0131z g\u00fc\u00e7 sayesinde sa\u011flayabiliyoruz\u201d ifadelerini<br \/>\nkulland\u0131.<\/p>\n","protected":false},"excerpt":{"rendered":"<p>Akdeniz Belediye Ba\u015fkan\u0131 M. Mustafa G\u00fcltak, g\u00f6reve geldi\u011fi g\u00fcnden bu yana her hafta Sal\u0131 ve Cuma g\u00fcnleri ger\u00e7ekle\u015ftirdi\u011fi mahalle ziyaretleri kapsam\u0131nda, Civanyayla\u011f\u0131, Bekirde Dikilita\u015f ve Akdam mahallelerine konuk oldu. AK &hellip; <a href=\"https:\/\/akdenizolaygazetesi.com\/?p=10713\" class=\"more-link\">Devam\u0131n\u0131 Oku&#8230;<\/a><\/p>\n","protected":false},"author":2,"featured_media":10716,"comment_status":"open","ping_status":"open","sticky":false,"template":"","format":"standard","meta":[],"categories":[34,1,2,3,5,6],"tags":[],"_links":{"self":[{"href":"https:\/\/akdenizolaygazetesi.com\/index.php?rest_route=\/wp\/v2\/posts\/10713"}],"collection":[{"href":"https:\/\/akdenizolaygazetesi.com\/index.php?rest_route=\/wp\/v2\/posts"}],"about":[{"href":"https:\/\/akdenizolaygazetesi.com\/index.php?rest_route=\/wp\/v2\/types\/post"}],"author":[{"embeddable":true,"href":"https:\/\/akdenizolaygazetesi.com\/index.php?rest_route=\/wp\/v2\/users\/2"}],"replies":[{"embeddable":true,"href":"https:\/\/akdenizolaygazetesi.com\/index.php?rest_route=%2Fwp%2Fv2%2Fcomments&post=10713"}],"version-history":[{"count":1,"href":"https:\/\/akdenizolaygazetesi.com\/index.php?rest_route=\/wp\/v2\/posts\/10713\/revisions"}],"predecessor-version":[{"id":10717,"href":"https:\/\/akdenizolaygazetesi.com\/index.php?rest_route=\/wp\/v2\/posts\/10713\/revisions\/10717"}],"wp:featuredmedia":[{"embeddable":true,"href":"https:\/\/akdenizolaygazetesi.com\/index.php?rest_route=\/wp\/v2\/media\/10716"}],"wp:attachment":[{"href":"https:\/\/akdenizolaygazetesi.com\/index.php?rest_route=%2Fwp%2Fv2%2Fmedia&parent=10713"}],"wp:term":[{"taxonomy":"category","embeddable":true,"href":"https:\/\/akdenizolaygazetesi.com\/index.php?rest_route=%2Fwp%2Fv2%2Fcategories&post=10713"},{"taxonomy":"post_tag","embeddable":true,"href":"https:\/\/akdenizolaygazetesi.com\/index.php?rest_route=%2Fwp%2Fv2%2Ftags&post=10713"}],"curies":[{"name":"wp","href":"https:\/\/api.w.org\/{rel}","templated":true}]}}