{"id":10718,"date":"2021-02-12T15:56:53","date_gmt":"2021-02-12T12:56:53","guid":{"rendered":"http:\/\/akdenizolaygazetesi.com\/?p=10718"},"modified":"2021-02-12T15:56:53","modified_gmt":"2021-02-12T12:56:53","slug":"gulnarli-kadinlar-tarafindan-orulen-bereler-operasyon-bolgesindeki-askerlere-gonderilmek-icin-hazirlaniyor","status":"publish","type":"post","link":"https:\/\/akdenizolaygazetesi.com\/?p=10718","title":{"rendered":"G\u00dcLNAR\u2019LI KADINLAR TARAFINDAN \u00d6R\u00dcLEN BERELER OPERASYON B\u00d6LGES\u0130NDEK\u0130 ASKERLERE G\u00d6NDER\u0130LMEK \u0130\u00c7\u0130N HAZIRLANIYOR"},"content":{"rendered":"<p>Milliyet\u00e7i Hareket Partisi G\u00fclnar \u0130l\u00e7e Ba\u015fkanl\u0131\u011f\u0131 ve G\u00fclnar Belediyesi organizasyonuyla<br \/>\noperasyon b\u00f6lgesindeki Mehmet\u00e7iklere manevi destek sa\u011flamak ad\u0131na \u0130l\u00e7e genelinde<br \/>\nba\u015flat\u0131lan proje kapsam\u0131nda G\u00fclnar\u2019l\u0131 g\u00f6n\u00fcll\u00fc kad\u0131nlar taraf\u0131ndan \u00f6r\u00fclen bereler askerlere<br \/>\ng\u00f6nderilmek i\u00e7in haz\u0131rlan\u0131yor.<\/p>\n<p>Milliyet\u00e7i Hareket Partisi \u0130l\u00e7e Ba\u015fkanl\u0131\u011f\u0131nda toplanan 150 adet bere, \u00fcz\u00fcm, badem, ceviz, pekmez ve<br \/>\nelmalar ile birlikte operasyon b\u00f6lgesindeki askerlere g\u00f6nderilecek.<\/p>\n<p>Belediye Ba\u015fkan\u0131m\u0131z Alpaslan \u00dcn\u00fcvar, Milliyet\u00e7i Hareket Partisi \u0130l\u00e7e Ba\u015fkan\u0131 Celal<br \/>\nKadim ve Milliyet\u00e7i Hareket Partisi \u0130l\u00e7e Kad\u0131n Kollar\u0131 Ba\u015fkan\u0131 Ay\u015fe Ayd\u0131n, paketleme yapan<br \/>\nMHP \u0130l\u00e7e Kad\u0131n Kollar\u0131n\u0131 ve belediye personellerini ziyaret ederek, kolayl\u0131klar dilediler.<\/p>\n<p>Belediye Ba\u015fkan\u0131 Alpaslan \u00dcn\u00fcvar yapt\u0131\u011f\u0131 a\u00e7\u0131klamada; \u201cMilliyet\u00e7i Hareket Partisi \u0130l\u00e7e<br \/>\nBa\u015fkanl\u0131\u011f\u0131m\u0131z ve G\u00fclnar Belediyemiz taraf\u0131ndan organize edilen projemiz kapsam\u0131nda G\u00fclnar\u2019l\u0131<br \/>\nk\u0131ymetli kad\u0131nlar\u0131m\u0131z taraf\u0131ndan \u00f6r\u00fclen el eme\u011fi g\u00f6z nuru bereler askerlerimize g\u00f6nderilmek \u00fczere<br \/>\nhaz\u0131rlan\u0131yor. Askerlerimize destek ama\u00e7l\u0131 g\u00f6nderece\u011fimiz \u00fcz\u00fcm, badem, ceviz, pekmez ve elmalar\u0131n<br \/>\nyan\u0131nda onlar\u0131n so\u011fuktan korunmalar\u0131 i\u00e7in in\u015fallah berelerimizi de g\u00f6nderece\u011fiz. Emek vererek<br \/>\nprojemize destek veren G\u00fclnar\u2019l\u0131 kad\u0131nlar\u0131m\u0131za ve t\u00fcm hem\u015fehrilerime te\u015fekk\u00fcr ediyorum. Allah<br \/>\naskerlerimizin yar ve yard\u0131mc\u0131lar\u0131 olsun\u201d dedi.<\/p>\n","protected":false},"excerpt":{"rendered":"<p>Milliyet\u00e7i Hareket Partisi G\u00fclnar \u0130l\u00e7e Ba\u015fkanl\u0131\u011f\u0131 ve G\u00fclnar Belediyesi organizasyonuyla operasyon b\u00f6lgesindeki Mehmet\u00e7iklere manevi destek sa\u011flamak ad\u0131na \u0130l\u00e7e genelinde ba\u015flat\u0131lan proje kapsam\u0131nda G\u00fclnar\u2019l\u0131 g\u00f6n\u00fcll\u00fc kad\u0131nlar taraf\u0131ndan \u00f6r\u00fclen bereler askerlere g\u00f6nderilmek &hellip; <a href=\"https:\/\/akdenizolaygazetesi.com\/?p=10718\" class=\"more-link\">Devam\u0131n\u0131 Oku&#8230;<\/a><\/p>\n","protected":false},"author":2,"featured_media":10720,"comment_status":"open","ping_status":"open","sticky":false,"template":"","format":"standard","meta":[],"categories":[34,1,2,3,5],"tags":[],"_links":{"self":[{"href":"https:\/\/akdenizolaygazetesi.com\/index.php?rest_route=\/wp\/v2\/posts\/10718"}],"collection":[{"href":"https:\/\/akdenizolaygazetesi.com\/index.php?rest_route=\/wp\/v2\/posts"}],"about":[{"href":"https:\/\/akdenizolaygazetesi.com\/index.php?rest_route=\/wp\/v2\/types\/post"}],"author":[{"embeddable":true,"href":"https:\/\/akdenizolaygazetesi.com\/index.php?rest_route=\/wp\/v2\/users\/2"}],"replies":[{"embeddable":true,"href":"https:\/\/akdenizolaygazetesi.com\/index.php?rest_route=%2Fwp%2Fv2%2Fcomments&post=10718"}],"version-history":[{"count":1,"href":"https:\/\/akdenizolaygazetesi.com\/index.php?rest_route=\/wp\/v2\/posts\/10718\/revisions"}],"predecessor-version":[{"id":10721,"href":"https:\/\/akdenizolaygazetesi.com\/index.php?rest_route=\/wp\/v2\/posts\/10718\/revisions\/10721"}],"wp:featuredmedia":[{"embeddable":true,"href":"https:\/\/akdenizolaygazetesi.com\/index.php?rest_route=\/wp\/v2\/media\/10720"}],"wp:attachment":[{"href":"https:\/\/akdenizolaygazetesi.com\/index.php?rest_route=%2Fwp%2Fv2%2Fmedia&parent=10718"}],"wp:term":[{"taxonomy":"category","embeddable":true,"href":"https:\/\/akdenizolaygazetesi.com\/index.php?rest_route=%2Fwp%2Fv2%2Fcategories&post=10718"},{"taxonomy":"post_tag","embeddable":true,"href":"https:\/\/akdenizolaygazetesi.com\/index.php?rest_route=%2Fwp%2Fv2%2Ftags&post=10718"}],"curies":[{"name":"wp","href":"https:\/\/api.w.org\/{rel}","templated":true}]}}