{"id":10733,"date":"2021-02-13T13:20:26","date_gmt":"2021-02-13T10:20:26","guid":{"rendered":"http:\/\/akdenizolaygazetesi.com\/?p=10733"},"modified":"2021-02-13T13:20:26","modified_gmt":"2021-02-13T10:20:26","slug":"mavi-duslerinin-pesinde-mersin-e-geldiler","status":"publish","type":"post","link":"https:\/\/akdenizolaygazetesi.com\/?p=10733","title":{"rendered":"MAV\u0130 D\u00dc\u015eLER\u0130N\u0130N PE\u015e\u0130NDE MERS\u0130N&#8217; E GELD\u0130LER"},"content":{"rendered":"<p>Mezitli Belediyesi, daha \u00f6nce hi\u00e7 deniz g\u00f6rmemi\u015f olan Gaziantepli \u00e7ocuklar\u0131 misafir etti. Rotary Kul\u00fcpleri 2430&#8217;un B\u00f6lge Federasyon Ba\u015fkan\u0131 Serhan Antalyal\u0131\u2019n\u0131n destek verdi\u011fi ve \u0130pekyolu Rotaract Ba\u015fkan\u0131 \u0130smail Karakurt\u2019un hayata ge\u00e7irdi\u011fi \u2018Mavi D\u00fc\u015fler\u2019 projesi kapsam\u0131nda Mersin\u2019e gelen Gaziantep\u2019in O\u011fuzeli il\u00e7esi Yaln\u0131zba\u011f k\u00f6y\u00fcnde bulunan Yaln\u0131zba\u011f \u0130lk\u00f6\u011fretim Okulu \u00f6\u011frencileri, denizle tan\u0131\u015ft\u0131, tekne gezintisi yapt\u0131, il\u00e7enin tarihi yerlerini inceledi, yelken a\u00e7may\u0131 \u00f6\u011frendi. \u00c7ocuklar\u0131 misafir eden Mezitli Belediye Ba\u015fkan\u0131 Ne\u015fet Tarhan, \u00e7ocuklara yemek ikram ederek, Mustafa Kemal Atat\u00fcrk\u2019\u00fcn, T\u00fcrkiye\u2019nin Kurtulu\u015f Sava\u015f\u0131n\u0131 anlatt\u0131\u011f\u0131 \u2018Nutuk\u2019 kitab\u0131 hediye etti. Gaziantepli \u00e7ocuklar g\u00fcn\u00fc, Mezitli Belediyesinin \u00fcst\u00fc a\u00e7\u0131k otob\u00fcsleri ile sahil boyu kent turu yaparak tamamlad\u0131.<\/p>\n<p>HER\u015eEY \u2018DEN\u0130Z\u0130N KOKUSU NASILDIR?\u2019 SORUSUYLA BA\u015eLADI<\/p>\n<p>\u00c7ocuklar\u0131n \u201cDeniz\u2019in Kokusu nas\u0131ld\u0131r?\u201d diye sormas\u0131 \u00fczerine Mavi D\u00fc\u015fler Projesinin hayata ge\u00e7ti\u011fi bilgisini veren Rotary Kul\u00fcpleri 2430. B\u00f6lge Guvern\u00f6r\u00fc Serhan Antalyal\u0131, \u201c9-10 y\u0131ll\u0131k ya\u015famlar\u0131nda hi\u00e7 deniz g\u00f6rmeyen \u00e7ocuklar\u0131m\u0131z\u0131n b\u00f6ylesi bir talepleri \u0130pekyolu Rotaract Ba\u015fkan\u0131 \u0130smail Karakurt\u2019un arac\u0131l\u0131\u011f\u0131 ile bize iletilince seve seve kabul ettik. Minik \u00e7ocuklar\u0131m\u0131z\u0131 Mersin\u2019de misafir ettik. \u00d6nce bir tekne gezisi yapt\u0131k. \u00c7ocuklar ilk kez denizle tan\u0131\u015ft\u0131lar, denizi koklad\u0131lar. Rota Yelken Kul\u00fcb\u00fc kap\u0131lar\u0131n\u0131 \u00e7ocuklar\u0131m\u0131za a\u00e7t\u0131. Yelken e\u011fitimi alan \u00e7ocuklar\u0131n g\u00f6zlerindeki mutluluk g\u00f6r\u00fclmeye de\u011ferdi. Mezitli Belediye Ba\u015fkan\u0131m\u0131z Ne\u015fet Tarhan bizleri misafir etti ve kahramanlar\u0131m\u0131za birer de Nutuk hediye etti. Sonra bahardan kalma bir g\u00fcnde \u00fcst\u00fc a\u00e7\u0131k otob\u00fcslerle sahil turu yapt\u0131k. An\u0131lardan hi\u00e7 ama hi\u00e7 silinmeyecek bir g\u00fcn ya\u015fad\u0131 \u00e7ocuklar\u0131m\u0131z. Tabi onlar\u0131n mutlulu\u011funa ortak olarak bizde unutulmaz bir g\u00fcn ya\u015fad\u0131k. \u00c7ocuklar\u0131m\u0131za bu sevinci kazand\u0131rmam\u0131z\u0131 sa\u011flayan Ba\u015fta Mezitli Belediye Ba\u015fkan\u0131m\u0131z Ne\u015fet Tarhan ve ekibi olmak \u00fczere Rota Yelken Kul\u00fcb\u00fc Ba\u015fkan\u0131 Cengiz S\u00f6nmez\u2019e, Rotaryan arkada\u015flar\u0131m\u0131za ve t\u00fcm eme\u011fi ge\u00e7en herkese ayr\u0131 ayr\u0131 \u015f\u00fckranlar\u0131m\u0131 sunar\u0131m. 7 ayl\u0131k Guvern\u00f6rl\u00fc\u011f\u00fcm esnas\u0131nda \u00e7ok keyifli anlar ya\u015fad\u0131m. Bu da onlardan birisi oldu\u201d dedi.<\/p>\n<p>\u201c\u00c7OCUKLARIMIZ KADAR B\u0130Z\u0130M \u0130\u00c7\u0130N DE \u00c7OK \u00d6ZEL B\u0130R G\u00dcN OLDU\u201d<\/p>\n<p>\u00d6zel \u00e7ocuklar\u0131 Mezitli\u2019de a\u011f\u0131rlam\u0131\u015f olmaktan mutlu oldu\u011funu dile getiren Mezitli Belediye Ba\u015fkan\u0131 Ne\u015fet Tarhan ise, \u201cBug\u00fcn \u00e7ok \u00f6zel misafirlerimiz oldu. Hi\u00e7 denizi g\u00f6rmemi\u015f \u00e7ocuklar\u0131m\u0131z\u0131n hayallerini ger\u00e7ekle\u015ftirebilmek ad\u0131na a\u011f\u0131rlamaya \u00e7al\u0131\u015ft\u0131k. \u00c7ocuklar\u0131m\u0131z kadar bizim i\u00e7inde unutulmaz ve \u00f6zel bir g\u00fcn oldu. Y\u00fczlerindeki sevin\u00e7leri g\u00f6rmek her \u015feye de\u011ferdi. Ke\u015fke pandemi s\u00fcreci olmasayd\u0131 da belediyemizin tesislerinden daha uzun yararlanmalar\u0131n\u0131 sa\u011flasayd\u0131k. Birlikte etkinlikler ger\u00e7ekle\u015ftirseydik. Ancak k\u0131s\u0131tlamalar alt\u0131nda bu kadar yapabildik. Ancak bundan sonra kendilerini her zaman Mezitli\u2019de a\u011f\u0131rlamaktan mutluluk duyar\u0131z\u201d diye konu\u015ftu.<\/p>\n","protected":false},"excerpt":{"rendered":"<p>Mezitli Belediyesi, daha \u00f6nce hi\u00e7 deniz g\u00f6rmemi\u015f olan Gaziantepli \u00e7ocuklar\u0131 misafir etti. Rotary Kul\u00fcpleri 2430&#8217;un B\u00f6lge Federasyon Ba\u015fkan\u0131 Serhan Antalyal\u0131\u2019n\u0131n destek verdi\u011fi ve \u0130pekyolu Rotaract Ba\u015fkan\u0131 \u0130smail Karakurt\u2019un hayata ge\u00e7irdi\u011fi &hellip; <a href=\"https:\/\/akdenizolaygazetesi.com\/?p=10733\" class=\"more-link\">Devam\u0131n\u0131 Oku&#8230;<\/a><\/p>\n","protected":false},"author":2,"featured_media":10735,"comment_status":"open","ping_status":"open","sticky":false,"template":"","format":"standard","meta":[],"categories":[34,1,2,3,5],"tags":[],"_links":{"self":[{"href":"https:\/\/akdenizolaygazetesi.com\/index.php?rest_route=\/wp\/v2\/posts\/10733"}],"collection":[{"href":"https:\/\/akdenizolaygazetesi.com\/index.php?rest_route=\/wp\/v2\/posts"}],"about":[{"href":"https:\/\/akdenizolaygazetesi.com\/index.php?rest_route=\/wp\/v2\/types\/post"}],"author":[{"embeddable":true,"href":"https:\/\/akdenizolaygazetesi.com\/index.php?rest_route=\/wp\/v2\/users\/2"}],"replies":[{"embeddable":true,"href":"https:\/\/akdenizolaygazetesi.com\/index.php?rest_route=%2Fwp%2Fv2%2Fcomments&post=10733"}],"version-history":[{"count":1,"href":"https:\/\/akdenizolaygazetesi.com\/index.php?rest_route=\/wp\/v2\/posts\/10733\/revisions"}],"predecessor-version":[{"id":10736,"href":"https:\/\/akdenizolaygazetesi.com\/index.php?rest_route=\/wp\/v2\/posts\/10733\/revisions\/10736"}],"wp:featuredmedia":[{"embeddable":true,"href":"https:\/\/akdenizolaygazetesi.com\/index.php?rest_route=\/wp\/v2\/media\/10735"}],"wp:attachment":[{"href":"https:\/\/akdenizolaygazetesi.com\/index.php?rest_route=%2Fwp%2Fv2%2Fmedia&parent=10733"}],"wp:term":[{"taxonomy":"category","embeddable":true,"href":"https:\/\/akdenizolaygazetesi.com\/index.php?rest_route=%2Fwp%2Fv2%2Fcategories&post=10733"},{"taxonomy":"post_tag","embeddable":true,"href":"https:\/\/akdenizolaygazetesi.com\/index.php?rest_route=%2Fwp%2Fv2%2Ftags&post=10733"}],"curies":[{"name":"wp","href":"https:\/\/api.w.org\/{rel}","templated":true}]}}