{"id":10737,"date":"2021-02-13T17:28:16","date_gmt":"2021-02-13T14:28:16","guid":{"rendered":"http:\/\/akdenizolaygazetesi.com\/?p=10737"},"modified":"2021-02-13T17:28:16","modified_gmt":"2021-02-13T14:28:16","slug":"baskan-gultak-sevgililer-gununu-gul-bahcesinde-kutladi","status":"publish","type":"post","link":"https:\/\/akdenizolaygazetesi.com\/?p=10737","title":{"rendered":"BA\u015eKAN G\u00dcLTAK SEVG\u0130L\u0130LER G\u00dcN\u00dcN\u00dc G\u00dcL BAH\u00c7ES\u0130NDE KUTLADI"},"content":{"rendered":"<p>*Akdeniz Belediye Ba\u015fkan\u0131 M. Mustafa G\u00fcltak, 14 \u015eubat Sevgililer G\u00fcn\u00fc dolay\u0131s\u0131yla Bekirde<br \/>\nMahallesi\u2019ndeki g\u00fcl \u00fcreticileri ile bir araya gelerek g\u00fcn\u00fcn anlam\u0131na binaen bir a\u00e7\u0131klama yapt\u0131.<br \/>\nG\u00fcltak, \u201cYolu a\u015fktan ve sevgiden ge\u00e7en herkesin Sevgililer G\u00fcn\u00fc\u2019n\u00fc kutluyorum\u201d dedi.<\/p>\n<p>Akdeniz\u2019in Bekirde Mahallesi\u2019ndeki bir g\u00fcl seras\u0131na ziyarette bulunan Akdeniz Belediye Ba\u015fkan\u0131<br \/>\nM. Mustafa G\u00fcltak, g\u00fcl \u00fcreticileri ile bir araya geldi. Elinde bir deste g\u00fcl ile a\u00e7\u0131klama yapan Ba\u015fkan<br \/>\nG\u00fcltak; \u201cBiz, T\u00fcrkiye\u2019de \u0130zmir\u2019den sonra kesme g\u00fclde ikinciyiz. Sevgililer g\u00fcn\u00fcn\u00fcn g\u00fclleri de<br \/>\nburada yeti\u015ftiriliyor. Bu vesileyle t\u00fcm sevgililerin g\u00fcn\u00fcn\u00fc de kutluyorum. T\u00fcrkiye\u2019nin her taraf\u0131na<br \/>\ng\u00fcllerimiz gitmektedir. Anneler, babalar g\u00fcn\u00fcnde, bir\u00e7ok etkinlikte kullan\u0131lan g\u00fcller Akdeniz\u2019den<br \/>\ngidiyor. Hayat\u0131n\u0131z g\u00fcl kadar g\u00fczel olsun\u201d diye konu\u015ftu.<\/p>\n<p>\u201cAkdeniz ve Mersin sevdam\u0131z hi\u00e7bir zaman bitmeyecek\u201d<\/p>\n<p>Ba\u015fkan G\u00fcltak; \u201cBu pandemi s\u00fcrecinde sevdiklerimizden uzak kal\u0131yor ve bir araya gelemiyoruz.<br \/>\nBilhassa bizler gibi s\u0131cakkanl\u0131, cana yak\u0131n insanlar\u0131n bir arada ya\u015fad\u0131\u011f\u0131 ho\u015fg\u00f6r\u00fc kenti Akdeniz\u2019de<br \/>\nb\u00f6ylesi g\u00fcnler \u00e7ok daha zor ge\u00e7iyor. Ancak unutulmamal\u0131d\u0131r ki, her yapt\u0131\u011f\u0131m\u0131z i\u015fin temelinde sevgi<br \/>\nolmak zorundad\u0131r. Elbet bir g\u00fcn bu zor g\u00fcnleri geride b\u0131rakaca\u011f\u0131z. Sevgimizden en ufak bir \u015fey<br \/>\nkaybetmemeye \u00f6zen g\u00f6sterece\u011fiz. Bizlerin de Akdeniz ve dolay\u0131s\u0131yla Mersin sevdas\u0131 hi\u00e7bir zaman<br \/>\nbitmeyecek. Bu vesileyle yolu a\u015fktan ve sevgiden ge\u00e7en herkesin Sevgililer G\u00fcn\u00fc\u2019n\u00fc kutluyorum\u201d<br \/>\nifadelerini kulland\u0131.<\/p>\n<p>G\u00fcltak\u2019tan \u201cG\u00fcl Festivali\u201d s\u00f6z\u00fc<\/p>\n<p>T\u00fcrkiye\u2019nin tamamen normalle\u015fmesi halinde b\u00f6lgede bu y\u0131l g\u00fcl festivali d\u00fczenleyeceklerini de<br \/>\nkaydeden Ba\u015fkan G\u00fcltak; \u201cG\u00fcl festivali yap\u0131p t\u00fcm T\u00fcrkiye\u2019ye g\u00fcllerimizi tan\u0131taca\u011f\u0131z. Sesinizi her<br \/>\nyere duyuraca\u011f\u0131z. Buradaki emekleriniz bo\u015fa gitmeyecek. T\u00fcm ulusal bas\u0131n, T\u00fcrkiye\u2019nin g\u00fcllerinin<br \/>\nDikilta\u015f, Bekirde, Civanyayla\u2019dan da gitti\u011fini \u00f6\u011frenecek\u201d dedi. Ba\u015fkan G\u00fcltak, b\u00f6lgeden ayr\u0131lmadan<br \/>\nsera i\u00e7inde g\u00fcl \u00fcreticileri ile sohbet ederek, onlarla birlikte g\u00fcl kesti.<\/p>\n","protected":false},"excerpt":{"rendered":"<p>*Akdeniz Belediye Ba\u015fkan\u0131 M. Mustafa G\u00fcltak, 14 \u015eubat Sevgililer G\u00fcn\u00fc dolay\u0131s\u0131yla Bekirde Mahallesi\u2019ndeki g\u00fcl \u00fcreticileri ile bir araya gelerek g\u00fcn\u00fcn anlam\u0131na binaen bir a\u00e7\u0131klama yapt\u0131. G\u00fcltak, \u201cYolu a\u015fktan ve sevgiden &hellip; <a href=\"https:\/\/akdenizolaygazetesi.com\/?p=10737\" class=\"more-link\">Devam\u0131n\u0131 Oku&#8230;<\/a><\/p>\n","protected":false},"author":2,"featured_media":10738,"comment_status":"open","ping_status":"open","sticky":false,"template":"","format":"standard","meta":[],"categories":[34,1,2,3,5],"tags":[],"_links":{"self":[{"href":"https:\/\/akdenizolaygazetesi.com\/index.php?rest_route=\/wp\/v2\/posts\/10737"}],"collection":[{"href":"https:\/\/akdenizolaygazetesi.com\/index.php?rest_route=\/wp\/v2\/posts"}],"about":[{"href":"https:\/\/akdenizolaygazetesi.com\/index.php?rest_route=\/wp\/v2\/types\/post"}],"author":[{"embeddable":true,"href":"https:\/\/akdenizolaygazetesi.com\/index.php?rest_route=\/wp\/v2\/users\/2"}],"replies":[{"embeddable":true,"href":"https:\/\/akdenizolaygazetesi.com\/index.php?rest_route=%2Fwp%2Fv2%2Fcomments&post=10737"}],"version-history":[{"count":1,"href":"https:\/\/akdenizolaygazetesi.com\/index.php?rest_route=\/wp\/v2\/posts\/10737\/revisions"}],"predecessor-version":[{"id":10739,"href":"https:\/\/akdenizolaygazetesi.com\/index.php?rest_route=\/wp\/v2\/posts\/10737\/revisions\/10739"}],"wp:featuredmedia":[{"embeddable":true,"href":"https:\/\/akdenizolaygazetesi.com\/index.php?rest_route=\/wp\/v2\/media\/10738"}],"wp:attachment":[{"href":"https:\/\/akdenizolaygazetesi.com\/index.php?rest_route=%2Fwp%2Fv2%2Fmedia&parent=10737"}],"wp:term":[{"taxonomy":"category","embeddable":true,"href":"https:\/\/akdenizolaygazetesi.com\/index.php?rest_route=%2Fwp%2Fv2%2Fcategories&post=10737"},{"taxonomy":"post_tag","embeddable":true,"href":"https:\/\/akdenizolaygazetesi.com\/index.php?rest_route=%2Fwp%2Fv2%2Ftags&post=10737"}],"curies":[{"name":"wp","href":"https:\/\/api.w.org\/{rel}","templated":true}]}}