{"id":10750,"date":"2021-02-14T12:32:50","date_gmt":"2021-02-14T09:32:50","guid":{"rendered":"http:\/\/akdenizolaygazetesi.com\/?p=10750"},"modified":"2021-02-14T12:32:50","modified_gmt":"2021-02-14T09:32:50","slug":"turkiyeyi-gururlandiracak-projede-mersin-damgasi","status":"publish","type":"post","link":"https:\/\/akdenizolaygazetesi.com\/?p=10750","title":{"rendered":"\u201cT\u00fcrkiye\u2019yi Gururland\u0131racak Projede Mersin Damgas\u0131\u201d"},"content":{"rendered":"<p>\u0130spanya Valencia \u00dcniversitesi taraf\u0131ndan y\u00fcr\u00fct\u00fclen ve D\u00fcnya \u00e7ap\u0131nda 4 ayr\u0131 k\u0131tadan 21 \u00fclkenin yer ald\u0131\u011f\u0131 \u2018DIGITAL O CTIY\u2019 projesinde T\u00fcrkiye\u2019den sadece Mersin \u00dcniversitesi ve Erdemli Belediyesi uygulay\u0131c\u0131 olarak yer alma ba\u015far\u0131s\u0131n\u0131 elde etti. Bu proje ile<br \/>\nErdemli Belediyesi, il\u00e7enin tarihi ve k\u00fclt\u00fcrel tan\u0131t\u0131m\u0131 noktas\u0131nda bir ba\u015far\u0131ya daha imza att\u0131. \u0130spanya Valencia \u00dcniversitesi taraf\u0131ndan y\u00fcr\u00fct\u00fclen \u2018DIGITAL OCTIY\u2019 projesini T\u00fcrkiye\u2019de belediyeler aras\u0131ndan sadece Erdemli Belediyesi temsil ediyor. Projede tarihi k\u00fclt\u00fcr miras\u0131n dijital alb\u00fcm\u00fc yap\u0131larak ve t\u00fcm D\u00fcnyada Mersin\u2019in ve \u00f6zellikle Erdemli b\u00f6lgesindeki \u00f6ren yerlerinin tan\u0131t\u0131m\u0131 ger\u00e7ekle\u015ftirilecek. Konu hakk\u0131nda yapt\u0131\u011f\u0131 a\u00e7\u0131klamada T\u00fcrkiye ad\u0131na gurur duyulacak bir projeye imza atman\u0131n gururunu ya\u015fad\u0131klar\u0131n\u0131 ifade eden Mersin \u00dcniversitesi Rekt\u00f6r\u00fc Prof. Dr. Ahmet \u00c7amsar\u0131, \u201cProjede tarihi k\u00fclt\u00fcr miras\u0131n dijital alb\u00fcm\u00fc yap\u0131larak ve t\u00fcm d\u00fcnyada Mersin&#8217;in tan\u0131t\u0131m\u0131 ger\u00e7ekle\u015ftirilecek. Mersin turizmi ve \u00fclke tan\u0131t\u0131m\u0131 i\u00e7in \u00e7ok \u00f6nemli bu uluslararas\u0131 platformda Cennet Cehennem \u00f6ren yerimizin tan\u0131t\u0131m videosu yay\u0131nlanmaya ba\u015flad\u0131. Platformu y\u0131lda 1 milyar ki\u015finin ziyaret etmesi bekleniyor\u201d diye konu\u015ftu.<\/p>\n<p>Ba\u015fkan Tollu, \u201cT\u00fcrkiye\u2019yi Temsil Etmenin Onurunu Ta\u015f\u0131yoruz\u201d<\/p>\n<p>Erdemli\u2019nin yerli ve yabanc\u0131 turizmde \u00f6nemli bir noktaya ula\u015fmas\u0131 ad\u0131na bir\u00e7ok proje geli\u015ftirdiklerini belirten Erdemli Belediye Ba\u015fkan\u0131 M\u00fckerrem Tollu, 21 \u00fclke i\u00e7erisinde T\u00fcrkiye\u2019yi temsil etme onurunu ta\u015f\u0131d\u0131klar\u0131n\u0131n alt\u0131n\u0131 \u00e7izdi. Ba\u015fkan Tollu, &#8220;Bir \u015fehrin geli\u015fmesinde en \u00f6nemli unsur, o kentin de\u011ferlerinin g\u00fcn y\u00fcz\u00fcne \u00e7\u0131kmas\u0131d\u0131r. \u00c7\u00fcnk\u00fc ger\u00e7ekle\u015ftirilecek her \u00e7al\u0131\u015fman\u0131n alt\u0131nda o kentin \u00f6zellikleri ve sahip oldu\u011fu de\u011ferler vard\u0131r. Bu da daha \u00e7a\u011fda\u015f bir yorumlama getirerek di\u011fer geli\u015fmeleri tetikler. Bu y\u00fczden, Erdemli\u2019 de bug\u00fcne kadar ihmal edilmi\u015f olan turizm hayat\u0131n\u0131 yeniden canland\u0131rmaya gayret ediyor, bunda da bug\u00fcne kadar ba\u015far\u0131l\u0131 oldu\u011fumuzu d\u00fc\u015f\u00fcn\u00fcyorum. D\u00fczenledi\u011fimiz projelerle; il\u00e7ede turizmi canland\u0131racak \u00e7al\u0131\u015fmalar yaparken, bir taraftan da vatanda\u015flar\u0131m\u0131za yeni sosyal ya\u015fam alanlar\u0131 olu\u015fturuyoruz. Malumunuz, k\u0131sa s\u00fcre \u00f6nce kentimizin tarihi, do\u011fal ve k\u00fclt\u00fcrel alanlar\u0131n\u0131 turizmin u\u011frak noktas\u0131 haline getirmek ad\u0131na OLBA Projesi gibi b\u00fcy\u00fck i\u015fleri \u00fcniversitemizle beraber y\u00fcr\u00fctt\u00fck. Bu projemizle de \u00fcniversitemiz, akademisyenlerimizle T\u00fcrkiye\u2019yi D\u00fcnya\u2019da temsil hakk\u0131 bulduk. Bu konuda bizlere destek olan Mersin \u00dcniversitemize te\u015fekk\u00fcr ediyor, projemizin \u00fclkemize hay\u0131rl\u0131 olmas\u0131n\u0131 diliyorum\u201d diye konu\u015ftu.<br \/>\n\u00d6te yandan y\u0131lda 1 milyar ki\u015finin ziyaret etmesi beklenen projeye https:\/\/ocityplatform.webs.upv.es\/dashboard\/map adresinden eri\u015fim sa\u011flan\u0131yor.<\/p>\n","protected":false},"excerpt":{"rendered":"<p>\u0130spanya Valencia \u00dcniversitesi taraf\u0131ndan y\u00fcr\u00fct\u00fclen ve D\u00fcnya \u00e7ap\u0131nda 4 ayr\u0131 k\u0131tadan 21 \u00fclkenin yer ald\u0131\u011f\u0131 \u2018DIGITAL O CTIY\u2019 projesinde T\u00fcrkiye\u2019den sadece Mersin \u00dcniversitesi ve Erdemli Belediyesi uygulay\u0131c\u0131 olarak yer alma &hellip; <a href=\"https:\/\/akdenizolaygazetesi.com\/?p=10750\" class=\"more-link\">Devam\u0131n\u0131 Oku&#8230;<\/a><\/p>\n","protected":false},"author":2,"featured_media":10751,"comment_status":"open","ping_status":"open","sticky":false,"template":"","format":"standard","meta":[],"categories":[34,1,2,3,5],"tags":[],"_links":{"self":[{"href":"https:\/\/akdenizolaygazetesi.com\/index.php?rest_route=\/wp\/v2\/posts\/10750"}],"collection":[{"href":"https:\/\/akdenizolaygazetesi.com\/index.php?rest_route=\/wp\/v2\/posts"}],"about":[{"href":"https:\/\/akdenizolaygazetesi.com\/index.php?rest_route=\/wp\/v2\/types\/post"}],"author":[{"embeddable":true,"href":"https:\/\/akdenizolaygazetesi.com\/index.php?rest_route=\/wp\/v2\/users\/2"}],"replies":[{"embeddable":true,"href":"https:\/\/akdenizolaygazetesi.com\/index.php?rest_route=%2Fwp%2Fv2%2Fcomments&post=10750"}],"version-history":[{"count":1,"href":"https:\/\/akdenizolaygazetesi.com\/index.php?rest_route=\/wp\/v2\/posts\/10750\/revisions"}],"predecessor-version":[{"id":10752,"href":"https:\/\/akdenizolaygazetesi.com\/index.php?rest_route=\/wp\/v2\/posts\/10750\/revisions\/10752"}],"wp:featuredmedia":[{"embeddable":true,"href":"https:\/\/akdenizolaygazetesi.com\/index.php?rest_route=\/wp\/v2\/media\/10751"}],"wp:attachment":[{"href":"https:\/\/akdenizolaygazetesi.com\/index.php?rest_route=%2Fwp%2Fv2%2Fmedia&parent=10750"}],"wp:term":[{"taxonomy":"category","embeddable":true,"href":"https:\/\/akdenizolaygazetesi.com\/index.php?rest_route=%2Fwp%2Fv2%2Fcategories&post=10750"},{"taxonomy":"post_tag","embeddable":true,"href":"https:\/\/akdenizolaygazetesi.com\/index.php?rest_route=%2Fwp%2Fv2%2Ftags&post=10750"}],"curies":[{"name":"wp","href":"https:\/\/api.w.org\/{rel}","templated":true}]}}