{"id":10753,"date":"2021-02-15T12:24:01","date_gmt":"2021-02-15T09:24:01","guid":{"rendered":"http:\/\/akdenizolaygazetesi.com\/?p=10753"},"modified":"2021-02-15T12:24:01","modified_gmt":"2021-02-15T09:24:01","slug":"mersinde-ilk-kez-gorme-engelli-bireylere-uygun-yaya-gecitleri-ciziliyor","status":"publish","type":"post","link":"https:\/\/akdenizolaygazetesi.com\/?p=10753","title":{"rendered":"MERS\u0130N\u2019DE \u0130LK KEZ G\u00d6RME ENGELL\u0130 B\u0130REYLERE UYGUN YAYA GE\u00c7\u0130TLER\u0130 \u00c7\u0130Z\u0130L\u0130YOR"},"content":{"rendered":"<p>Mersin B\u00fcy\u00fck\u015fehir Belediyesi, kentte bir ilke daha imza atarak yaya ge\u00e7itlerini g\u00f6rme engelli vatanda\u015flar\u0131n kullan\u0131m\u0131na uygun hale getirmeye ba\u015flad\u0131. Masa ba\u015f\u0131ndan saha uygulamalar\u0131na uzanan i\u015fin mutfa\u011f\u0131nda 12 ki\u015filik yatay i\u015faretleme ekibi g\u00f6rev al\u0131yor. Ekip, \u00e7al\u0131\u015fmalar\u0131n\u0131 planl\u0131 ve programl\u0131 bir \u015fekilde y\u00fcr\u00fct\u00fcyor.<\/p>\n<p>Ekipteki 2 kad\u0131n \u00e7al\u0131\u015fandan biri olan B\u00fcy\u00fck\u015fehir Belediyesi Trafik Teknikeri Bet\u00fcl Aydemir, \u00e7al\u0131\u015fma sistemlerini \u201cRastgele bir \u00e7al\u0131\u015fmam\u0131z yok. Hem ofiste hem sahada hem de uygulamada bir plan\u0131m\u0131z, projemiz var\u201d s\u00f6zleriyle ifade etti.<\/p>\n<p>Mersin B\u00fcy\u00fck\u015fehir Belediyesi Ula\u015f\u0131m Dairesi Ba\u015fkanl\u0131\u011f\u0131, kent genelinde yatay i\u015faretleme \u00e7al\u0131\u015fmalar\u0131n\u0131 12 ki\u015filik bir ekiple y\u00fcr\u00fct\u00fcyor. Yol \u00e7izgilerini \u00e7izen ekibin i\u00e7erisinde 2 de kad\u0131n yer al\u0131yor. \u0130\u015flerini masa ba\u015f\u0131ndan saha uygulamas\u0131na kadar bir plan ve program \u00e7er\u00e7evesinde y\u00fcr\u00fcten ekip, \u015fu s\u0131ralar g\u00f6rme engelli vatanda\u015flar\u0131n kullan\u0131m\u0131na uygun yaya ge\u00e7itlerinin \u00e7izimlerini s\u00fcrd\u00fcr\u00fcyor.<\/p>\n<p>G\u00f6rme engelli bireyler i\u00e7in Mersin\u2019de bir ilk<\/p>\n<p>Yatay i\u015faretleme ekibi, yol \u00e7izgilerinin \u00e7izimini \u00f6nce projelendiriyor ard\u0131ndan uyguluyor. Yollara \u00e7izilen \u00e7izgilerle yayalar ve ara\u00e7 s\u00fcr\u00fcc\u00fclerinin can ve mal g\u00fcvenli\u011fi sa\u011flan\u0131yor. Ekip, i\u015fini \u00f6zenle ve \u00f6zveriyle ger\u00e7ekle\u015ftiriyor.<\/p>\n<p>Ula\u015f\u0131m Dairesi Ba\u015fkanl\u0131\u011f\u0131 Trafik Hizmetleri \u015eube M\u00fcd\u00fcrl\u00fc\u011f\u00fc\u2019nde g\u00f6revli Trafik Teknikeri Bet\u00fcl Aydemir, Mersin\u2019de bir ilki ger\u00e7ekle\u015ftirerek g\u00f6rme engelli vatanda\u015flar\u0131n kullan\u0131m\u0131na uygun yaya ge\u00e7idi \u00e7izimlerini s\u00fcrd\u00fcrd\u00fcklerini belirtti. Yeni \u00e7izilen yaya ge\u00e7itlerinin \u00f6zelliklerinden de bahseden Aydemir, \u201cMersin\u2019de bir ilk. Engelli vatanda\u015flar\u0131m\u0131z\u0131n \u00f6nce can sonra mal g\u00fcvenli\u011fini korumak ve kar\u015f\u0131dan kar\u015f\u0131ya ge\u00e7i\u015flerini kolayla\u015ft\u0131rmak ad\u0131na yapt\u0131\u011f\u0131m\u0131z bir uygulama. Kentin zaten birka\u00e7 noktas\u0131na daha yapt\u0131k. Son s\u00fcrat devam edece\u011fiz. Tek \u00e7e\u015fit boya kullanm\u0131yoruz, iki \u00e7e\u015fit boyam\u0131z var. \u00c7ift kompenantl\u0131 sar\u0131 ve beyaz boyalar\u0131m\u0131z. Hem g\u00f6r\u00fcn\u00fcrl\u00fc\u011f\u00fc daha farkl\u0131 gece-g\u00fcnd\u00fcz hem de uygulamas\u0131 daha farkl\u0131\u201d dedi.<\/p>\n<p>\u201cBir plan\u0131m\u0131z projemiz var\u201d<\/p>\n<p>\u00c7al\u0131\u015fmalar\u0131 planl\u0131 ve programl\u0131 bir \u015fekilde y\u00fcr\u00fctt\u00fcklerini de s\u00f6zlerine ekleyen Aydemir, \u201cRastgele bir \u00e7al\u0131\u015fmam\u0131z yok. Hem ofiste hem sahada hem de uygulamada bir plan\u0131m\u0131z projemiz var. \u00d6nce yayalar\u0131n can ve mal g\u00fcvenli\u011fini korumak ad\u0131na yapt\u0131\u011f\u0131m\u0131z bir \u00e7al\u0131\u015fma ve Mersin\u2019de bir\u00e7ok noktada biz bu uygulamalar\u0131 yapt\u0131k\u201d diye konu\u015ftu.<\/p>\n<p>\u201cKara d\u00fczen bir i\u015f yapm\u0131yoruz\u201d   <\/p>\n<p>Yatay ve d\u00fc\u015fey i\u015faretleme ekibinin saha sorumlusu Soner \u00d6zer de sahaya ge\u00e7tikleri andan itibaren y\u00fcr\u00fctt\u00fckleri \u00e7al\u0131\u015fmalar\u0131 anlatarak, \u201cEkibimiz sahaya geliyorlar, zeminin temizli\u011fini yap\u0131yorlar, ondan sonra \u00f6l\u00e7\u00fcmlere ba\u015fl\u0131yoruz. \u00c7izim bittikten sonra boyama i\u015flemine devam ediyoruz. Elimizde projelerimiz var, i\u015faretlemelere g\u00f6re arkada\u015flar uygulamas\u0131n\u0131 yap\u0131yor. Yani kara d\u00fczen bir i\u015f yapm\u0131yoruz. Plan ve projeye g\u00f6re \u00e7al\u0131\u015fmalar\u0131n\u0131 yap\u0131yor arkada\u015flar\u201d ifadelerine yer verdi.<\/p>\n<p>\u201cBen boya kar\u0131\u015f\u0131m\u0131 yap\u0131yorum\u201d<\/p>\n<p>Yol \u00e7izgileri boya operat\u00f6r\u00fc U\u011fur Ilgaz ise sahadaki g\u00f6revinden bahsederek, \u201cBen boya kar\u0131\u015f\u0131m\u0131 yap\u0131yorum. \u00d6nce boya haz\u0131rl\u0131\u011f\u0131 yap\u0131yoruz, kar\u0131\u015f\u0131m\u0131 yapt\u0131ktan sonra arkada\u015flar\u0131m kal\u0131plara d\u00f6kerek yola uygulamas\u0131n\u0131 yap\u0131yor\u201d dedi.<\/p>\n","protected":false},"excerpt":{"rendered":"<p>Mersin B\u00fcy\u00fck\u015fehir Belediyesi, kentte bir ilke daha imza atarak yaya ge\u00e7itlerini g\u00f6rme engelli vatanda\u015flar\u0131n kullan\u0131m\u0131na uygun hale getirmeye ba\u015flad\u0131. Masa ba\u015f\u0131ndan saha uygulamalar\u0131na uzanan i\u015fin mutfa\u011f\u0131nda 12 ki\u015filik yatay i\u015faretleme &hellip; <a href=\"https:\/\/akdenizolaygazetesi.com\/?p=10753\" class=\"more-link\">Devam\u0131n\u0131 Oku&#8230;<\/a><\/p>\n","protected":false},"author":2,"featured_media":10754,"comment_status":"open","ping_status":"open","sticky":false,"template":"","format":"standard","meta":[],"categories":[34,1,2,3,5],"tags":[],"_links":{"self":[{"href":"https:\/\/akdenizolaygazetesi.com\/index.php?rest_route=\/wp\/v2\/posts\/10753"}],"collection":[{"href":"https:\/\/akdenizolaygazetesi.com\/index.php?rest_route=\/wp\/v2\/posts"}],"about":[{"href":"https:\/\/akdenizolaygazetesi.com\/index.php?rest_route=\/wp\/v2\/types\/post"}],"author":[{"embeddable":true,"href":"https:\/\/akdenizolaygazetesi.com\/index.php?rest_route=\/wp\/v2\/users\/2"}],"replies":[{"embeddable":true,"href":"https:\/\/akdenizolaygazetesi.com\/index.php?rest_route=%2Fwp%2Fv2%2Fcomments&post=10753"}],"version-history":[{"count":1,"href":"https:\/\/akdenizolaygazetesi.com\/index.php?rest_route=\/wp\/v2\/posts\/10753\/revisions"}],"predecessor-version":[{"id":10755,"href":"https:\/\/akdenizolaygazetesi.com\/index.php?rest_route=\/wp\/v2\/posts\/10753\/revisions\/10755"}],"wp:featuredmedia":[{"embeddable":true,"href":"https:\/\/akdenizolaygazetesi.com\/index.php?rest_route=\/wp\/v2\/media\/10754"}],"wp:attachment":[{"href":"https:\/\/akdenizolaygazetesi.com\/index.php?rest_route=%2Fwp%2Fv2%2Fmedia&parent=10753"}],"wp:term":[{"taxonomy":"category","embeddable":true,"href":"https:\/\/akdenizolaygazetesi.com\/index.php?rest_route=%2Fwp%2Fv2%2Fcategories&post=10753"},{"taxonomy":"post_tag","embeddable":true,"href":"https:\/\/akdenizolaygazetesi.com\/index.php?rest_route=%2Fwp%2Fv2%2Ftags&post=10753"}],"curies":[{"name":"wp","href":"https:\/\/api.w.org\/{rel}","templated":true}]}}