{"id":1077,"date":"2020-11-04T18:21:39","date_gmt":"2020-11-04T15:21:39","guid":{"rendered":"http:\/\/mersinekonomipolitikagazetesi.com\/?p=1077"},"modified":"2020-11-04T18:21:39","modified_gmt":"2020-11-04T15:21:39","slug":"buyuksehir-belediyesinden-engellilere-50-akulu-arac","status":"publish","type":"post","link":"https:\/\/akdenizolaygazetesi.com\/?p=1077","title":{"rendered":"B\u00fcy\u00fck\u015fehir Belediyesi\u2019nden engellilere 50 ak\u00fcl\u00fc ara\u00e7"},"content":{"rendered":"<p>Mersin B\u00fcy\u00fck\u015fehir Belediyesi ve kentte kurulu bir fabrika ile i\u015fbirli\u011finde her y\u0131l Engelliler Haftas\u0131\u2019nda ger\u00e7ekle\u015ftirdi\u011fi ak\u00fcl\u00fc ara\u00e7 da\u011f\u0131t\u0131m\u0131n\u0131 bu y\u0131l da yaparak, 50 engelliyi sevindirdi.<\/p>\n<p>B\u00fcy\u00fck\u015fehir Belediyesi taraf\u0131ndan Engelliler Haftas\u0131 dolay\u0131s\u0131yla Kongre ve Sergi Saray\u0131\u2019nda d\u00fczenlenen 10. Geleneksel Mersin Engelliler Haftas\u0131 \u015e\u00f6leni\u2019nin ilk g\u00fcn\u00fcnde engellilere ak\u00fcl\u00fc ara\u00e7lar\u0131 teslim edildi. Ak\u00fcl\u00fc ara\u00e7 teslim t\u00f6renine, Mersin B\u00fcy\u00fck\u015fehir Belediyesi Genel Sekreter Yard\u0131mc\u0131s\u0131 Mustafa Kemal \u00c7okako\u011flu, \u00c7imsa Mersin Fabrika M\u00fcd\u00fcr\u00fc Levent \u00d6ncel, ak\u00fcl\u00fc sandalye verilen engelli vatanda\u015flar ile aileleri kat\u0131ld\u0131.<br \/>\nT\u00f6rende konu\u015fan \u00c7okako\u011flu, art\u0131k sosyal belediyecilikte daha kaliteli, daha iyi tasarlanm\u0131\u015f ve d\u00fc\u015f\u00fcn\u00fclm\u00fc\u015f hizmet ve halk\u0131n t\u00fcm katmanlar\u0131n\u0131n kat\u0131ld\u0131\u011f\u0131 bir belediyecilik anlay\u0131\u015f\u0131na hakim olmaya \u00e7al\u0131\u015ft\u0131klar\u0131n\u0131 s\u00f6yledi. Bu hizmetlerin \u00f6nde gelenlerinden birinin engelli bireylere y\u00f6nelik hizmetler oldu\u011funu belirten \u00c7ocako\u011flu, \u201cMersin \u00e7ok \u015fansl\u0131 bir kent. \u00c7\u00fcnk\u00fc engelli bireyler, \u00e7ocuklar, kad\u0131nlar konusunda son derece duyarl\u0131, politikalar\u0131n\u0131 \u00e7ok al\u0131\u015f\u0131k olunmayan bir kararl\u0131l\u0131kla takip eden bir B\u00fcy\u00fck\u015fehir Belediye Ba\u015fkan\u0131m\u0131z var. Engelliler konusu sosyal kat\u0131l\u0131mc\u0131l\u0131\u011f\u0131n en \u00fcst d\u00fczeyde olmas\u0131 gereken bir \u00f6neme sahiptir. G\u00f6n\u00fcll\u00fcl\u00fck ve \u0131srar esast\u0131r. Hizmetleri bug\u00fcnden yar\u0131na ta\u015f\u0131yabilmek \u00e7ok \u00f6nemlidir. Bize en b\u00fcy\u00fck destek ise siz engelli bireylerimizden, ailelerinden ve toplumun di\u011fer kesimlerinden gelmekte. Bug\u00fcn burada olman\u0131z bunun en anlaml\u0131 g\u00f6stergesi. Umar\u0131m bu \u00e7abalar\u0131m\u0131z di\u011fer sekt\u00f6rlere ve kurumlara \u00f6rnek olur\u201d dedi.<br \/>\nFabrika M\u00fcd\u00fcr\u00fc \u00d6ncel ise engelli bireylerin toplum ya\u015fant\u0131s\u0131na tam ve sorunsuz bir \u015fekilde kat\u0131l\u0131m\u0131n\u0131 sa\u011flaman\u0131n herkesin ortak sorumlulu\u011fu oldu\u011funu ifade ederek, \u201cKamu ve \u00f6zel sekt\u00f6r kurulu\u015flar\u0131na, belediyelere, sivil toplum kurulu\u015flar\u0131na, \u00fcniversitelere b\u00fcy\u00fck g\u00f6revler d\u00fc\u015f\u00fcyor. Bu bilin\u00e7le bizler de kurum olarak toplumumuzda bilin\u00e7 olu\u015fturmak, engelli bireylerin g\u00fcnl\u00fck hayatta y\u00fczle\u015ftikleri sorunlar\u0131n \u00e7\u00f6z\u00fcme kavu\u015fturulmas\u0131na katk\u0131 sa\u011flamak ad\u0131na hareket ediyoruz. Aram\u0131zdaki engelleri bertaraf etmek amac\u0131yla bu vesileyle k\u00fc\u00e7\u00fck de olsa katk\u0131da bulunmak istiyoruz\u201d diye konu\u015ftu.<br \/>\nKonu\u015fmalar\u0131n ard\u0131ndan 50 adet ak\u00fcl\u00fc sandalye engelli bireylere teslim edildi. Ak\u00fcl\u00fc ara\u00e7lar\u0131n\u0131 alan engelli bireyler, ger\u00e7ekle\u015ftirilen etkinlik ve ak\u00fcl\u00fc ara\u00e7lar i\u00e7in Mersin B\u00fcy\u00fck\u015fehir Belediye Ba\u015fkan\u0131 Burhanettin Kocamaz\u2019a ve eme\u011fi ge\u00e7en herkese te\u015fekk\u00fcr etti. Ak\u00fcl\u00fc sandalye sahibi olan Cennet Demirta\u015f, \u201cAk\u00fcl\u00fc ara\u00e7 i\u00e7in \u00f6ncelikle Burhanettin Ba\u015fkan\u0131m\u0131za ve herkese \u00e7ok te\u015fekk\u00fcr ederim. Ak\u00fcl\u00fc sandalyeye \u00e7ok ihtiyac\u0131m vard\u0131. Bir \u00e7ocu\u011fum var, onu okula g\u00f6t\u00fcr\u00fcp getirirken \u00e7ok zorlan\u0131yordum ama \u015fimdi benim i\u00e7in daha kolay olacak\u201d \u015feklinde konu\u015ftu.<\/p>\n","protected":false},"excerpt":{"rendered":"<p>Mersin B\u00fcy\u00fck\u015fehir Belediyesi ve kentte kurulu bir fabrika ile i\u015fbirli\u011finde her y\u0131l Engelliler Haftas\u0131\u2019nda ger\u00e7ekle\u015ftirdi\u011fi ak\u00fcl\u00fc ara\u00e7 da\u011f\u0131t\u0131m\u0131n\u0131 bu y\u0131l da yaparak, 50 engelliyi sevindirdi. B\u00fcy\u00fck\u015fehir Belediyesi taraf\u0131ndan Engelliler Haftas\u0131 &hellip; <a href=\"https:\/\/akdenizolaygazetesi.com\/?p=1077\" class=\"more-link\">Devam\u0131n\u0131 Oku&#8230;<\/a><\/p>\n","protected":false},"author":1,"featured_media":0,"comment_status":"open","ping_status":"open","sticky":false,"template":"","format":"standard","meta":[],"categories":[],"tags":[],"_links":{"self":[{"href":"https:\/\/akdenizolaygazetesi.com\/index.php?rest_route=\/wp\/v2\/posts\/1077"}],"collection":[{"href":"https:\/\/akdenizolaygazetesi.com\/index.php?rest_route=\/wp\/v2\/posts"}],"about":[{"href":"https:\/\/akdenizolaygazetesi.com\/index.php?rest_route=\/wp\/v2\/types\/post"}],"author":[{"embeddable":true,"href":"https:\/\/akdenizolaygazetesi.com\/index.php?rest_route=\/wp\/v2\/users\/1"}],"replies":[{"embeddable":true,"href":"https:\/\/akdenizolaygazetesi.com\/index.php?rest_route=%2Fwp%2Fv2%2Fcomments&post=1077"}],"version-history":[{"count":0,"href":"https:\/\/akdenizolaygazetesi.com\/index.php?rest_route=\/wp\/v2\/posts\/1077\/revisions"}],"wp:attachment":[{"href":"https:\/\/akdenizolaygazetesi.com\/index.php?rest_route=%2Fwp%2Fv2%2Fmedia&parent=1077"}],"wp:term":[{"taxonomy":"category","embeddable":true,"href":"https:\/\/akdenizolaygazetesi.com\/index.php?rest_route=%2Fwp%2Fv2%2Fcategories&post=1077"},{"taxonomy":"post_tag","embeddable":true,"href":"https:\/\/akdenizolaygazetesi.com\/index.php?rest_route=%2Fwp%2Fv2%2Ftags&post=1077"}],"curies":[{"name":"wp","href":"https:\/\/api.w.org\/{rel}","templated":true}]}}