{"id":10770,"date":"2021-02-16T15:52:59","date_gmt":"2021-02-16T12:52:59","guid":{"rendered":"http:\/\/akdenizolaygazetesi.com\/?p=10770"},"modified":"2021-02-16T15:52:59","modified_gmt":"2021-02-16T12:52:59","slug":"buyuksehir-4-cevre-yolu-icin-calismalarini-surduruyor","status":"publish","type":"post","link":"https:\/\/akdenizolaygazetesi.com\/?p=10770","title":{"rendered":"B\u00dcY\u00dcK\u015eEH\u0130R, 4. \u00c7EVRE YOLU \u0130\u00c7\u0130N \u00c7ALI\u015eMALARINI S\u00dcRD\u00dcR\u00dcYOR"},"content":{"rendered":"<p>Mersin B\u00fcy\u00fck\u015fehir Belediyesi taraf\u0131ndan y\u00fcr\u00fct\u00fclen Vali H\u00fcseyin Aksoy Caddesi-\u0130smet \u0130n\u00f6n\u00fc Bulvar\u0131 aras\u0131ndaki k\u0131s\u0131m ile 32. Cadde-Nevit Kodall\u0131 Caddesi aras\u0131ndaki k\u0131sm\u0131 kapsayan 4. \u00c7evre Yolu \u00e7al\u0131\u015fmalar\u0131 s\u00fcr\u00fcyor.  Daha \u00f6nce Ba\u015fkan Se\u00e7er\u2019in de incelemelerde bulundu\u011fu 1550 metre yol a\u00e7ma projesinde menfez kaz\u0131 \u00e7al\u0131\u015fmalar\u0131 tamamland\u0131. Ayr\u0131ca 2 bin 800 metrekare toprakarme yap\u0131n\u0131n panel \u00fcretimleri bitirildi. \u00c7al\u0131\u015fmalar bitti\u011finde Mersin \u00dcniversitesi T\u0131p Fak\u00fcltesi\u2019ne ve \u00f6nemli ana arterlere ula\u015f\u0131m daha kolay ve k\u0131sa s\u00fcrede sa\u011flanacak.<\/p>\n<p>Mersin B\u00fcy\u00fck\u015fehir Belediyesi taraf\u0131ndan kentin ihtiyac\u0131na y\u00f6nelik s\u00fcrd\u00fcr\u00fclen yol a\u00e7ma \u00e7al\u0131\u015fmalar\u0131nda \u00f6nemli bir yer tutan 4. \u00c7evre Yolu i\u00e7in ekipler aral\u0131ks\u0131z \u00e7al\u0131\u015f\u0131yor.<\/p>\n<p>Vali H\u00fcseyin Aksoy Caddesi-\u0130smet \u0130n\u00f6n\u00fc Bulvar\u0131 aras\u0131ndaki k\u0131s\u0131m ile 32. Cadde-Nevit Kodall\u0131 Caddesi aras\u0131ndaki k\u0131sm\u0131 kapsayan ve toplamda 1550 metre uzunlu\u011funda olan proje i\u00e7in Yol Yap\u0131m Bak\u0131m ve Onar\u0131m Dairesi Ba\u015fkanl\u0131\u011f\u0131 ekipleri aral\u0131ks\u0131z \u00e7al\u0131\u015f\u0131yor. B\u00fcy\u00fck\u015fehir Belediye Ba\u015fkan\u0131 Vahap Se\u00e7er\u2019in de saha \u00e7al\u0131\u015fmalar\u0131n\u0131 inceledi\u011fi proje kapsam\u0131nda menfez kaz\u0131 \u00e7al\u0131\u015fmalar\u0131 ve 2 bin 800 metrekare toprakarme yap\u0131n\u0131n panel \u00fcretimleri tamamland\u0131.<\/p>\n<p>\u201c4. \u00c7evre Yolu \u00e7al\u0131\u015fmam\u0131z bir prototip niteli\u011finde\u201d<\/p>\n<p>4. \u00c7evre Yolu sahas\u0131nda iki kez incelemelerde bulunan Ba\u015fkan Se\u00e7er, projenin yap\u0131lacak di\u011fer \u00e7al\u0131\u015fmalar\u0131n prototipi niteli\u011finde olaca\u011f\u0131n\u0131 belirterek,  \u201c4. \u00c7evre Yolu toplam\u0131nda yeni in\u015faat saham\u0131z 950 metre. 600 metre de Vali H\u00fcseyin Aksoy Caddesi ile \u0130smet \u0130n\u00f6n\u00fc Bulvar\u0131 aras\u0131ndaki k\u0131s\u0131mda. Yani toplamda 1550 metrelik bir g\u00fczergah \u00e7al\u0131\u015fmas\u0131na ba\u015flad\u0131k. 2021 y\u0131l\u0131 i\u00e7erisinde de bu g\u00fczergah\u0131 tamamlayaca\u011f\u0131z. 35 metre geni\u015fli\u011findeki bir yol \u00e7al\u0131\u015fmam\u0131z buras\u0131. B\u00fct\u00fcn m\u00fc\u015ftemilat ile ince ayr\u0131nt\u0131lar\u0131na kadar d\u00fczenlenmi\u015f, hesaplanm\u0131\u015f, kald\u0131r\u0131m\u0131, altyap\u0131s\u0131, y\u00fcr\u00fcme ve bisiklet yollar\u0131yla bundan sonraki a\u00e7aca\u011f\u0131m\u0131z bulvarlar aras\u0131nda bir prototip niteli\u011finde\u201d a\u00e7\u0131klamas\u0131nda bulunmu\u015ftu.<\/p>\n<p>Ula\u015f\u0131m daha da k\u0131salacak<\/p>\n<p>17. Cadde\u2019nin 32. Cadde ile Nevit Kodall\u0131 Caddesi aras\u0131nda kalan 950 metrelik k\u0131sm\u0131nda s\u00fcren yol d\u00fczenleme ve sanat yap\u0131s\u0131 \u00e7al\u0131\u015fmalar\u0131 kapsam\u0131nda yap\u0131lacak 37.82 metre uzunlu\u011fundaki 8&#215;5 menfezin imalat \u00e7al\u0131\u015fmalar\u0131na ba\u015fland\u0131. Projede 128.12 metre uzunlu\u011funda 5&#215;3 kutu menfez, 37 metre uzunlu\u011funda 3&#215;3 kutu menfez yap\u0131lacak. Ayn\u0131 g\u00fczerg\u00e2hta 240 metre uzunlu\u011funda toprakarme duvar ve 120 metre uzunlu\u011funda betonarme duvar yap\u0131m\u0131 da tamamlanacak. \u00c7al\u0131\u015fmalar bitti\u011finde Mersin \u00dcniversitesi T\u0131p Fak\u00fcltesi\u2019ne ve \u00f6nemli ana arterlere ula\u015f\u0131m daha kolay ve k\u0131sa s\u00fcrede olacak.<\/p>\n","protected":false},"excerpt":{"rendered":"<p>Mersin B\u00fcy\u00fck\u015fehir Belediyesi taraf\u0131ndan y\u00fcr\u00fct\u00fclen Vali H\u00fcseyin Aksoy Caddesi-\u0130smet \u0130n\u00f6n\u00fc Bulvar\u0131 aras\u0131ndaki k\u0131s\u0131m ile 32. Cadde-Nevit Kodall\u0131 Caddesi aras\u0131ndaki k\u0131sm\u0131 kapsayan 4. \u00c7evre Yolu \u00e7al\u0131\u015fmalar\u0131 s\u00fcr\u00fcyor. Daha \u00f6nce Ba\u015fkan Se\u00e7er\u2019in &hellip; <a href=\"https:\/\/akdenizolaygazetesi.com\/?p=10770\" class=\"more-link\">Devam\u0131n\u0131 Oku&#8230;<\/a><\/p>\n","protected":false},"author":2,"featured_media":10771,"comment_status":"open","ping_status":"open","sticky":false,"template":"","format":"standard","meta":[],"categories":[34,1,2,3,5],"tags":[],"_links":{"self":[{"href":"https:\/\/akdenizolaygazetesi.com\/index.php?rest_route=\/wp\/v2\/posts\/10770"}],"collection":[{"href":"https:\/\/akdenizolaygazetesi.com\/index.php?rest_route=\/wp\/v2\/posts"}],"about":[{"href":"https:\/\/akdenizolaygazetesi.com\/index.php?rest_route=\/wp\/v2\/types\/post"}],"author":[{"embeddable":true,"href":"https:\/\/akdenizolaygazetesi.com\/index.php?rest_route=\/wp\/v2\/users\/2"}],"replies":[{"embeddable":true,"href":"https:\/\/akdenizolaygazetesi.com\/index.php?rest_route=%2Fwp%2Fv2%2Fcomments&post=10770"}],"version-history":[{"count":1,"href":"https:\/\/akdenizolaygazetesi.com\/index.php?rest_route=\/wp\/v2\/posts\/10770\/revisions"}],"predecessor-version":[{"id":10772,"href":"https:\/\/akdenizolaygazetesi.com\/index.php?rest_route=\/wp\/v2\/posts\/10770\/revisions\/10772"}],"wp:featuredmedia":[{"embeddable":true,"href":"https:\/\/akdenizolaygazetesi.com\/index.php?rest_route=\/wp\/v2\/media\/10771"}],"wp:attachment":[{"href":"https:\/\/akdenizolaygazetesi.com\/index.php?rest_route=%2Fwp%2Fv2%2Fmedia&parent=10770"}],"wp:term":[{"taxonomy":"category","embeddable":true,"href":"https:\/\/akdenizolaygazetesi.com\/index.php?rest_route=%2Fwp%2Fv2%2Fcategories&post=10770"},{"taxonomy":"post_tag","embeddable":true,"href":"https:\/\/akdenizolaygazetesi.com\/index.php?rest_route=%2Fwp%2Fv2%2Ftags&post=10770"}],"curies":[{"name":"wp","href":"https:\/\/api.w.org\/{rel}","templated":true}]}}