{"id":10773,"date":"2021-02-16T15:55:41","date_gmt":"2021-02-16T12:55:41","guid":{"rendered":"http:\/\/akdenizolaygazetesi.com\/?p=10773"},"modified":"2021-02-16T15:55:41","modified_gmt":"2021-02-16T12:55:41","slug":"sifir-atik-sistemi-ile-atik-olusumu-azaltilacak","status":"publish","type":"post","link":"https:\/\/akdenizolaygazetesi.com\/?p=10773","title":{"rendered":"SIFIR ATIK S\u0130STEM\u0130 \u0130LE ATIK OLU\u015eUMU AZALTILACAK"},"content":{"rendered":"<p>Mersin B\u00fcy\u00fck\u015fehir Belediyesi \u00c7evre Koruma ve Kontrol Dairesi Ba\u015fkanl\u0131\u011f\u0131, \u00c7evre ve \u015eehircilik Bakanl\u0131\u011f\u0131 taraf\u0131ndan ba\u015flat\u0131lan S\u0131f\u0131r At\u0131k Projesi i\u00e7in ba\u015fvuru yaparak, hizmet binalar\u0131nda S\u0131f\u0131r At\u0131k Sistemi\u2019ni kurdu ve S\u0131f\u0131r At\u0131k Belgesi\u2019ni ald\u0131. Belgelerden ilki ge\u00e7ti\u011fimiz g\u00fcnlerde Ba\u015fkan Se\u00e7er\u2019e takdim edildi. Kurulan sistem ile israf\u0131n \u00f6nlenmesi, kaynaklar\u0131n daha verimli kullan\u0131lmas\u0131 ve at\u0131k olu\u015fumunun engellenmesi ama\u00e7lan\u0131yor.<\/p>\n<p>Mersin B\u00fcy\u00fck\u015fehir Belediyesi, S\u0131f\u0131r At\u0131k Sistemi\u2019ni kurmas\u0131n\u0131n ard\u0131ndan \u00c7evre ve \u015eehircilik Bakanl\u0131\u011f\u0131\u2019ndan ald\u0131\u011f\u0131 S\u0131f\u0131r At\u0131k Belgesi\u2019ni 33 hizmet binas\u0131na as\u0131yor. B\u00fcy\u00fck\u015fehir Belediyesi \u00c7evre Koruma ve Kontrol Dairesi Ba\u015fkanl\u0131\u011f\u0131, s\u00f6z konusu sistemle hizmetleri ve faaliyetleri sonucunda olu\u015fan at\u0131klar\u0131 en iyi \u015fekilde y\u00f6netecek.<\/p>\n<p>At\u0131k olu\u015fumu minimize edilecek, do\u011fal kaynak israf\u0131 \u00f6nlenecek<\/p>\n<p>Binalara as\u0131lmaya ba\u015flanan belgenin ilki ge\u00e7ti\u011fimiz g\u00fcnlerde \u00c7evre Koruma ve Kontrol Daire Ba\u015fkan\u0131 Dr. B\u00fclent Halisdemir taraf\u0131ndan B\u00fcy\u00fck\u015fehir Belediye Ba\u015fkan\u0131 Vahap Se\u00e7er\u2019e takdim edilmi\u015fti. B\u00fcy\u00fck\u015fehir\u2019in b\u00fct\u00fcn hizmet binalar\u0131na at\u0131k ayr\u0131\u015ft\u0131rma kutular\u0131 yerle\u015ftirerek i\u015fe ba\u015flayan \u00c7evre Koruma ve Kontrol Dairesi Ba\u015fkanl\u0131\u011f\u0131, kurdu\u011fu sistem ile israf\u0131n \u00f6nlenmesini, kaynaklar\u0131n daha verimli kullan\u0131lmas\u0131n\u0131, at\u0131k olu\u015fum sebeplerinin g\u00f6zden ge\u00e7irilerek at\u0131k olu\u015fumunun engellenmesini veya minimize edilmesini ama\u00e7l\u0131yor. At\u0131\u011f\u0131n olu\u015fmas\u0131 durumunda ise kayna\u011f\u0131nda ayr\u0131 toplanmas\u0131 ve geri kazan\u0131m\u0131n\u0131n sa\u011flanmas\u0131 hedefleniyor.<\/p>\n<p>\u201cS\u0131f\u0131r At\u0131k Projesi\u2019ne uygun \u015fekilde sistemimizi kurduk\u201d<\/p>\n<p>S\u0131f\u0131r At\u0131k Projesi\u2019nin ba\u015flama s\u00fcrecinden bahseden \u00c7evre Kontrol, Koruma ve \u00c7evre Sa\u011fl\u0131\u011f\u0131 \u015eube M\u00fcd\u00fcr\u00fc Sad\u0131k Eker, S\u0131f\u0131r At\u0131k Belgesi\u2019ni alman\u0131n \u00f6nemli bir a\u015fama oldu\u011funu belirterek, \u201cS\u0131f\u0131r At\u0131k Y\u00f6netmeli\u011fi \u00fclkemizde ge\u00e7ti\u011fimiz y\u0131l y\u00fcr\u00fcrl\u00fc\u011fe girdi ve 1 Haziran 2020 tarihinden itibaren kamu kurumlar\u0131nda bu s\u00fcre\u00e7 ba\u015flad\u0131. Y\u00f6netmeli\u011fin y\u00fcr\u00fcrl\u00fc\u011fe girmesinden itibaren hizmet binalar\u0131m\u0131zda S\u0131f\u0131r At\u0131k Y\u00f6netmeli\u011fi\u2019ne uygun \u015fekilde sistemimizi kurduk. Daha sonra Bakanl\u0131\u011f\u0131n S\u0131f\u0131r At\u0131k Sistemi\u2019ne binalar\u0131m\u0131z\u0131n kay\u0131tlar\u0131n\u0131 yapt\u0131rd\u0131k. Bakanl\u0131\u011fa yapt\u0131\u011f\u0131m\u0131z ba\u015fvurunun ard\u0131ndan S\u0131f\u0131r At\u0131k Belgelerimizi ald\u0131k\u201d dedi.<\/p>\n<p>\u201cS\u0131f\u0131r at\u0131k bir hedef\u201d<\/p>\n<p>Do\u011fal kaynaklar\u0131n t\u00fckenmesinin \u00f6nlenmesi ve kat\u0131 at\u0131k sorununun \u00f6n\u00fcne ge\u00e7ilebilmesi i\u00e7in S\u0131f\u0131r At\u0131k Projesi\u2019nin \u00f6nemli oldu\u011funu ifade eden Eker, \u015funlar\u0131 s\u00f6yledi:<\/p>\n<p>\u201cHerkesin bildi\u011fi gibi d\u00fcnyam\u0131zda kat\u0131 at\u0131k kirlili\u011fi ile ilgili \u00f6nemli sorunlar ya\u015fan\u0131yor. Do\u011fal kaynaklar\u0131m\u0131z gittik\u00e7e t\u00fckeniyor ve bununla ilgili \u00f6nemli \u00e7abalar gerekiyor. S\u0131f\u0131r at\u0131k da bunlar\u0131n ba\u015f\u0131nda gelen \u00f6nemli \u00e7abalardan bir tanesi. \u00d6ncelikle israf\u0131 \u00f6nlemek, at\u0131klar\u0131n olu\u015fumunu azaltmak ve do\u011fal kaynaklar\u0131n yok olmas\u0131n\u0131 \u00f6nlemek amac\u0131yla gerekli titizli\u011fi g\u00f6stermek gerekiyor. S\u0131f\u0131r at\u0131k asl\u0131nda bir hedeftir. Bu hedef do\u011frultusunda personelimizle birlikte binalar\u0131m\u0131zda S\u0131f\u0131r At\u0131k Sistemi\u2019ni en iyi \u015fekilde i\u015fletmemiz gerekiyor. Biz de personelimize y\u00f6nelik fark\u0131ndal\u0131\u011f\u0131 art\u0131r\u0131c\u0131 \u00e7al\u0131\u015fmalar yaparak bu sistemin en iyi \u015fekilde ilerlemesini sa\u011flayaca\u011f\u0131z.\u201d<\/p>\n<p>\u201cAt\u0131k olu\u015fumunu azaltma konusunda daha iyi duruma gelece\u011fiz\u201d<\/p>\n<p>Eker, B\u00fcy\u00fck\u015fehir Belediyesi\u2019nin t\u00fcm hizmet binalar\u0131na ayr\u0131\u015ft\u0131rma kutular\u0131n\u0131 yerle\u015ftirerek i\u015fe ba\u015flad\u0131klar\u0131n\u0131 belirterek, \u201cS\u0131f\u0131r At\u0131k Y\u00f6netmeli\u011fi do\u011frultusunda \u00fc\u00e7l\u00fc ayr\u0131\u015ft\u0131rmaya ge\u00e7tik. \u00dc\u00e7l\u00fc ayr\u0131\u015ft\u0131rmay\u0131 geri d\u00f6n\u00fc\u015febilir at\u0131klar, biyobozunur at\u0131klar ve di\u011fer at\u0131klar \u015feklinde yap\u0131yoruz. Geri d\u00f6n\u00fc\u015febilir at\u0131klar; k\u00e2\u011f\u0131t, karton, cam, plastik ve metal at\u0131klar\u0131, biyobozunur at\u0131klar; yiyecek, meyve-sebze at\u0131klar\u0131, \u00e7ay-kahve posalar\u0131. Di\u011fer at\u0131klar ise kar\u0131\u015f\u0131k belediye at\u0131klar\u0131, s\u00fcpr\u00fcnt\u00fc ve temizlik kal\u0131nt\u0131lar\u0131n\u0131 kapsayan at\u0131klardan olu\u015fuyor. Bundan sonra yapaca\u011f\u0131m\u0131z \u00e7al\u0131\u015fmayla \u00f6zellikle at\u0131k olu\u015fumunu azaltma ve \u00f6nleme konusunda daha iyi duruma gelece\u011fimizi d\u00fc\u015f\u00fcn\u00fcyoruz\u201d ifadelerine yer verdi.<\/p>\n","protected":false},"excerpt":{"rendered":"<p>Mersin B\u00fcy\u00fck\u015fehir Belediyesi \u00c7evre Koruma ve Kontrol Dairesi Ba\u015fkanl\u0131\u011f\u0131, \u00c7evre ve \u015eehircilik Bakanl\u0131\u011f\u0131 taraf\u0131ndan ba\u015flat\u0131lan S\u0131f\u0131r At\u0131k Projesi i\u00e7in ba\u015fvuru yaparak, hizmet binalar\u0131nda S\u0131f\u0131r At\u0131k Sistemi\u2019ni kurdu ve S\u0131f\u0131r At\u0131k &hellip; <a href=\"https:\/\/akdenizolaygazetesi.com\/?p=10773\" class=\"more-link\">Devam\u0131n\u0131 Oku&#8230;<\/a><\/p>\n","protected":false},"author":2,"featured_media":10774,"comment_status":"open","ping_status":"open","sticky":false,"template":"","format":"standard","meta":[],"categories":[34,2,3],"tags":[],"_links":{"self":[{"href":"https:\/\/akdenizolaygazetesi.com\/index.php?rest_route=\/wp\/v2\/posts\/10773"}],"collection":[{"href":"https:\/\/akdenizolaygazetesi.com\/index.php?rest_route=\/wp\/v2\/posts"}],"about":[{"href":"https:\/\/akdenizolaygazetesi.com\/index.php?rest_route=\/wp\/v2\/types\/post"}],"author":[{"embeddable":true,"href":"https:\/\/akdenizolaygazetesi.com\/index.php?rest_route=\/wp\/v2\/users\/2"}],"replies":[{"embeddable":true,"href":"https:\/\/akdenizolaygazetesi.com\/index.php?rest_route=%2Fwp%2Fv2%2Fcomments&post=10773"}],"version-history":[{"count":1,"href":"https:\/\/akdenizolaygazetesi.com\/index.php?rest_route=\/wp\/v2\/posts\/10773\/revisions"}],"predecessor-version":[{"id":10775,"href":"https:\/\/akdenizolaygazetesi.com\/index.php?rest_route=\/wp\/v2\/posts\/10773\/revisions\/10775"}],"wp:featuredmedia":[{"embeddable":true,"href":"https:\/\/akdenizolaygazetesi.com\/index.php?rest_route=\/wp\/v2\/media\/10774"}],"wp:attachment":[{"href":"https:\/\/akdenizolaygazetesi.com\/index.php?rest_route=%2Fwp%2Fv2%2Fmedia&parent=10773"}],"wp:term":[{"taxonomy":"category","embeddable":true,"href":"https:\/\/akdenizolaygazetesi.com\/index.php?rest_route=%2Fwp%2Fv2%2Fcategories&post=10773"},{"taxonomy":"post_tag","embeddable":true,"href":"https:\/\/akdenizolaygazetesi.com\/index.php?rest_route=%2Fwp%2Fv2%2Ftags&post=10773"}],"curies":[{"name":"wp","href":"https:\/\/api.w.org\/{rel}","templated":true}]}}