{"id":10782,"date":"2021-02-16T16:07:16","date_gmt":"2021-02-16T13:07:16","guid":{"rendered":"http:\/\/akdenizolaygazetesi.com\/?p=10782"},"modified":"2021-02-16T16:07:16","modified_gmt":"2021-02-16T13:07:16","slug":"baskan-gultak-engelli-kediyi-makaminda-agirladi","status":"publish","type":"post","link":"https:\/\/akdenizolaygazetesi.com\/?p=10782","title":{"rendered":"BA\u015eKAN G\u00dcLTAK, ENGELL\u0130 KED\u0130Y\u0130 MAKAMINDA A\u011eIRLADI"},"content":{"rendered":"<p>Yar\u0131n 17 \u015eubat D\u00fcnya Kediler G\u00fcn\u00fc<\/p>\n<p>Bir kedisever olan Ba\u015fkan G\u00fcltak, engelli kedi Zilli\u2019yi makam\u0131nda a\u011f\u0131rlad\u0131<\/p>\n<p>Akdeniz Belediye Ba\u015fkan\u0131 M. Mustafa G\u00fcltak, \u201817 \u015eubat D\u00fcnya Kediler G\u00fcn\u00fc\u2019 dolay\u0131s\u0131yla, bir g\u00f6z\u00fc<br \/>\nengelli, di\u011fer g\u00f6z\u00fc de \u00e7ok az g\u00f6rebilen \u201cZilli\u201d adl\u0131 kediyi makam\u0131nda a\u011f\u0131rlad\u0131, elleriyle besleyip bir<br \/>\ns\u00fcre sevdi.<\/p>\n<p>Hayvanseverlerin de e\u015flik etti\u011fi bulu\u015fmada; makam\u0131nda kendisini ziyaret eden Zilli adl\u0131 kediyi bir<br \/>\ns\u00fcre seven ve kendi elleriyle mama ve su vererek besleyen Ba\u015fkan G\u00fcltak, kendisinin de bir kedi<br \/>\nhayran\u0131 oldu\u011funu ifade ederek, \u201cBenim de evimde \u2018Gece\u2019 ismini verdi\u011fimi kedim var. Akdeniz\u2019de<br \/>\nsokakta ya\u015fayan hayvanlar\u0131m\u0131z i\u00e7in her t\u00fcrl\u00fc \u00e7al\u0131\u015fmay\u0131 ekiplerimizle birlikte yap\u0131yoruz. Onlara iyi<br \/>\nbakmam\u0131z, korumam\u0131z gerekiyor\u201d dedi.<\/p>\n<p>S\u00f6zlerini, \u201cBug\u00fcn de Zilli\u2019yi bu makamda a\u011f\u0131rlad\u0131k. \u015eu anda \u0131slak mamas\u0131n\u0131 yiyiyor, keyfi de gayet<br \/>\nyerinde\u201d diyerek s\u00fcrd\u00fcren Ba\u015fkan G\u00fcltak; \u201cAkdeniz il\u00e7e s\u0131n\u0131rlar\u0131 genelinde, sokak hayvanlar\u0131n\u0131n<br \/>\nbar\u0131nabilmesi i\u00e7in bir\u00e7ok yuva yapt\u0131klar\u0131n\u0131 ve d\u00fczenli olarak da yem ve sular\u0131n\u0131n verildi\u011fini<br \/>\nkaydederek, \u201cSokak hayvanlar\u0131 i\u00e7in ekiplerimiz \u00e7ok yo\u011fun \u00e7al\u0131\u015f\u0131yorlar.<\/p>\n<p>Ba\u015fta Zilli ve Gece olmak \u00fczere t\u00fcm kedilerin, \u2018D\u00fcnya Kediler G\u00fcn\u00fc\u2019 kutlu olsun. Sokak<br \/>\nhayvanlar\u0131m\u0131za hep birlikte sahip \u00e7\u0131kal\u0131m ve sevelim. Onlar bizim bu d\u00fcnyadaki en g\u00fczel<br \/>\ndostlar\u0131m\u0131z\u201d ifadelerini kulland\u0131. Ziyarette g\u00f6n\u00fcll\u00fcler de Zilli adl\u0131 g\u00f6rme engelli kedi i\u00e7in birer<br \/>\nkova mama hediye etti.<\/p>\n","protected":false},"excerpt":{"rendered":"<p>Yar\u0131n 17 \u015eubat D\u00fcnya Kediler G\u00fcn\u00fc Bir kedisever olan Ba\u015fkan G\u00fcltak, engelli kedi Zilli\u2019yi makam\u0131nda a\u011f\u0131rlad\u0131 Akdeniz Belediye Ba\u015fkan\u0131 M. Mustafa G\u00fcltak, \u201817 \u015eubat D\u00fcnya Kediler G\u00fcn\u00fc\u2019 dolay\u0131s\u0131yla, bir g\u00f6z\u00fc &hellip; <a href=\"https:\/\/akdenizolaygazetesi.com\/?p=10782\" class=\"more-link\">Devam\u0131n\u0131 Oku&#8230;<\/a><\/p>\n","protected":false},"author":2,"featured_media":10783,"comment_status":"open","ping_status":"open","sticky":false,"template":"","format":"standard","meta":[],"categories":[34,1,2,3,5],"tags":[],"_links":{"self":[{"href":"https:\/\/akdenizolaygazetesi.com\/index.php?rest_route=\/wp\/v2\/posts\/10782"}],"collection":[{"href":"https:\/\/akdenizolaygazetesi.com\/index.php?rest_route=\/wp\/v2\/posts"}],"about":[{"href":"https:\/\/akdenizolaygazetesi.com\/index.php?rest_route=\/wp\/v2\/types\/post"}],"author":[{"embeddable":true,"href":"https:\/\/akdenizolaygazetesi.com\/index.php?rest_route=\/wp\/v2\/users\/2"}],"replies":[{"embeddable":true,"href":"https:\/\/akdenizolaygazetesi.com\/index.php?rest_route=%2Fwp%2Fv2%2Fcomments&post=10782"}],"version-history":[{"count":1,"href":"https:\/\/akdenizolaygazetesi.com\/index.php?rest_route=\/wp\/v2\/posts\/10782\/revisions"}],"predecessor-version":[{"id":10784,"href":"https:\/\/akdenizolaygazetesi.com\/index.php?rest_route=\/wp\/v2\/posts\/10782\/revisions\/10784"}],"wp:featuredmedia":[{"embeddable":true,"href":"https:\/\/akdenizolaygazetesi.com\/index.php?rest_route=\/wp\/v2\/media\/10783"}],"wp:attachment":[{"href":"https:\/\/akdenizolaygazetesi.com\/index.php?rest_route=%2Fwp%2Fv2%2Fmedia&parent=10782"}],"wp:term":[{"taxonomy":"category","embeddable":true,"href":"https:\/\/akdenizolaygazetesi.com\/index.php?rest_route=%2Fwp%2Fv2%2Fcategories&post=10782"},{"taxonomy":"post_tag","embeddable":true,"href":"https:\/\/akdenizolaygazetesi.com\/index.php?rest_route=%2Fwp%2Fv2%2Ftags&post=10782"}],"curies":[{"name":"wp","href":"https:\/\/api.w.org\/{rel}","templated":true}]}}