{"id":10785,"date":"2021-02-16T16:18:32","date_gmt":"2021-02-16T13:18:32","guid":{"rendered":"http:\/\/akdenizolaygazetesi.com\/?p=10785"},"modified":"2021-02-16T16:18:32","modified_gmt":"2021-02-16T13:18:32","slug":"akdeniz-belediyesi-egitim-akademisi-gencleri-universite-hayaline-kavusturacak","status":"publish","type":"post","link":"https:\/\/akdenizolaygazetesi.com\/?p=10785","title":{"rendered":"AKDEN\u0130Z BELED\u0130YES\u0130 E\u011e\u0130T\u0130M AKADEM\u0130S\u0130 GEN\u00c7LER\u0130 \u00dcN\u0130VERS\u0130TE HAYAL\u0130NE KAVU\u015eTURACAK"},"content":{"rendered":"<p>Akdeniz Belediyesi\u2019nin; \u00fcniversiteye haz\u0131rlanan lise mezunu ve son s\u0131n\u0131f \u00f6\u011frencileri i\u00e7in hayata<br \/>\nkatt\u0131\u011f\u0131 ve Mersin\u2019de bir ilk olan; \u201cAkdeniz Belediyesi E\u011fitim Akademisi Projesi\u201d, geni\u015f kat\u0131l\u0131ml\u0131 bir<br \/>\ntoplant\u0131 ile kamuoyuna tan\u0131t\u0131ld\u0131. \u00dccretsiz sunulan kurslar kapsam\u0131nda, Y\u00fcksek\u00f6\u011fretim Kurumlar\u0131<br \/>\nS\u0131nav\u0131\u2019na (YKS) haz\u0131rlanan 3 bin Akdenizli \u00f6\u011frenciye; \u2018Tam \u00d6\u011frenme Modeli\u2019ne uygun haz\u0131rlanan<br \/>\n\u2018E\u011fitim Akademisi\u2019 paketi verildi.<\/p>\n<p>Konferans salonunda d\u00fczenlenen toplant\u0131ya, Akdeniz Belediye Ba\u015fkan\u0131 M. Mustafa G\u00fcltak,<br \/>\nAkdeniz Kaymakam\u0131 Muhittin Pamuk, Akdeniz \u0130l\u00e7e Milli E\u011fitim M\u00fcd\u00fcr\u00fc Adem \u015eim\u015fek, okul<br \/>\nm\u00fcd\u00fcrleri ile belediye b\u00fcrokratlar\u0131 kat\u0131ld\u0131. Sayg\u0131 Duru\u015fu ve \u0130stiklal Mar\u015f\u0131 ile ba\u015flayan toplant\u0131,<br \/>\nakademiyi tan\u0131t\u0131c\u0131 videolar\u0131n g\u00f6sterimiyle s\u00fcrd\u00fc. Toplant\u0131da ilk s\u00f6z alan Akdeniz \u0130l\u00e7e Milli E\u011fitim<br \/>\nM\u00fcd\u00fcr\u00fc Adem \u015eim\u015fek; Akdeniz\u2019de, 124 okul ve kurumda 62 bin \u00f6\u011frenciye hizmet verdiklerini<br \/>\nifade ederek; \u201cE\u011fitim camias\u0131 a\u00e7\u0131s\u0131ndan \u00e7ok g\u00fc\u00e7l\u00fcy\u00fcz. Gen\u00e7, dinamik, i\u015fine kafa yoran ve teknoloji<br \/>\ni\u00e7 i\u00e7e olan bir e\u011fitim ordumuz var. D\u00fcnyay\u0131 de\u011fi\u015ftiren en g\u00fc\u00e7l\u00fc silah\u0131n e\u011fitim oldu\u011funa,<br \/>\ntoplumdaki her kurum ve temsilcinin inanarak destek vermesi biz e\u011fitimcileri olduk\u00e7a mutlu<br \/>\netmektedir\u201d dedi.<\/p>\n<p>\u201c\u00d6\u011frencinin ba\u015far\u0131s\u0131n\u0131 hedefleyen \u00f6rnek bir proje\u201d<\/p>\n<p>Akdeniz Kaymakam\u0131 Muhittin Pamuk da konu\u015fmas\u0131nda, e\u011fitimin; Akdeniz\u2019de ayr\u0131cal\u0131kl\u0131 bir alan<br \/>\noldu\u011funun alt\u0131n\u0131 \u00e7izdi, t\u00fcm kurumlarla e\u011fitime \u00f6zel bir hassasiyet g\u00f6sterdiklerini vurgulad\u0131.<br \/>\n\u201cMarifet iltifata tabidir\u201d diyen Pamuk; \u201cAkdeniz Belediyesi\u2019nin, e\u011fitime katk\u0131 noktas\u0131nda \u00e7ok<br \/>\n\u00f6nemli destekleri oldu. T\u00fcm okullar\u0131m\u0131z, fiziki altyap\u0131lar\u0131n\u0131n iyile\u015ftirilmesi noktas\u0131nda elden ge\u00e7ti.<br \/>\nE\u011fitimin kalitesinin artt\u0131r\u0131lmas\u0131 noktas\u0131nda, altyap\u0131n\u0131n iyile\u015ftirilmesi son derece \u00f6nemli. Fakat<br \/>\nbug\u00fcnk\u00fc proje, t\u00fcm bunlar\u0131n \u00f6tesinde, \u00f6\u011frenci odakl\u0131 bir proje olmas\u0131 a\u00e7\u0131s\u0131ndan hepimizi<br \/>\nheyecanland\u0131rd\u0131. \u00c7\u00fcnk\u00fc \u00f6\u011frencinin ba\u015far\u0131s\u0131n\u0131 hedefleyen ve ba\u015far\u0131ya odaklanm\u0131\u015f bir proje. Bu<br \/>\nproje, sadece \u00f6\u011frenciye verilen dijital e\u011fitim katk\u0131s\u0131 de\u011fil; birebir takip edilen, gerekti\u011finde ba\u015far\u0131<br \/>\nduruma \u00f6\u011frenci ve veliye aktar\u0131lan, \u00f6\u011frencinin kendi haline b\u0131rak\u0131lmayan bir proje olmas\u0131<br \/>\na\u00e7\u0131s\u0131ndan son derece \u00f6nemli. Bu proje ile adeta her eve bir okul, bir derslik, bir et\u00fct merkezi<br \/>\nkuruluyor. Sunulan bu f\u0131rsat\u0131n da \u00e7ok iyi de\u011ferlendirilmesi gerekti\u011fini d\u00fc\u015f\u00fcn\u00fcyorum\u201d diye<br \/>\nkonu\u015ftu.<\/p>\n<p>\u201cProgramda, hedefini belirleyen \u00e7ocuklar\u0131m\u0131z i\u00e7in her \u015fey var\u201d<\/p>\n<p>Akdeniz Belediye Ba\u015fkan\u0131 G\u00fcltak ise konu\u015fmas\u0131nda, g\u00f6reve geldikleri g\u00fcnden itibaren e\u011fitime,<br \/>\nkad\u0131nlara ve gen\u00e7lere \u00f6zel \u00f6nem verdiklerinin alt\u0131n\u0131 \u00e7izdi. Projenin detaylar\u0131n\u0131 anlatan Ba\u015fkan<br \/>\nG\u00fcltak; \u201cB\u00f6yle bir d\u00f6nemde istedik ki ailelere ve \u00f6\u011frencilere faydam\u0131z olsun. B\u00f6yle bir program<br \/>\ni\u00e7ine girdik. Bu proje \u00e7ok \u00f6nemli, \u00e7\u00fcnk\u00fc et\u00fct merkezleri d\u00e2hil olmak \u00fczere bir\u00e7ok yer kapal\u0131.<br \/>\nAncak burada \u00e7al\u0131\u015fmak isteyen, &#8216;ben doktor, eczac\u0131, m\u00fchendis olaca\u011f\u0131m&#8217; diyen, kendine hedef<br \/>\nkoymu\u015f \u00e7ocuklar\u0131m\u0131za dair her \u015fey burada var. Her t\u00fcrl\u00fc imk\u00e2n var. G\u00f6rselleriyle, videolar\u0131yla,<br \/>\nsoru \u00e7\u00f6z\u00fcmleriyle, f\u00f6yleriyle, ders notlar\u0131yla akl\u0131n\u0131za ne gelirse var. Tak\u0131ld\u0131\u011f\u0131 zaman Milli E\u011fitim<br \/>\n\u00fczerinden de belediyemiz \u00fczerinden de alanlar var.<\/p>\n<p>\u00d6zel \u00f6\u011fretmen de sorular da burada var. Ayr\u0131ca kendinizi deniyorsunuz. Mersin&#8217;de ka\u00e7\u0131nc\u0131s\u0131n\u0131z?<br \/>\nT\u00fcrkiye&#8217;de ka\u00e7\u0131nc\u0131s\u0131n\u0131z? Performans\u0131n\u0131z nedir? Bunlar\u0131n hepsini g\u00f6rebiliyorsunuz. Belediyemiz ile<br \/>\nil\u00e7e milli e\u011fitim m\u00fcd\u00fcrl\u00fc\u011f\u00fcm\u00fcz velilere ula\u015facak. \u0130yi bir \u00fcniversitede okumak, iyi bir b\u00f6l\u00fcm<br \/>\nbitirmek bir\u00e7ok gencimizin hayalidir. Dolay\u0131s\u0131yla bunun yolu lise sonda iyi bir performans<br \/>\ng\u00f6stererek s\u0131navlara haz\u0131rlanmakt\u0131r. Bu sistem de \u00f6\u011frencilerimize bunu sa\u011fl\u0131yor\u201d \u015feklinde<br \/>\nkonu\u015ftu.<\/p>\n<p>\u201cAkdeniz\u2019e 6 yeni okul yap\u0131lacak\u201d<\/p>\n<p>Akdeniz ve Mersin sakinlerine yeni bir m\u00fcjde daha veren Ba\u015fkan G\u00fcltak, \u201c\u0130l ve \u0130l\u00e7e milli e\u011fitim<br \/>\nm\u00fcd\u00fcrlerimizle yapt\u0131\u011f\u0131m\u0131z isti\u015fareler sonucunda Akdeniz&#8217;e 6 tane yeni okul yap\u0131yoruz. Hazine ve<br \/>\nMaliye Bakan\u0131m\u0131z Say\u0131n L\u00fctfi Elvan&#8217;a da \u015f\u00fckranlar\u0131m\u0131 sunuyorum. Listeler verildi. Nerede<br \/>\nihtiya\u00e7lar var, \u00e7al\u0131\u015f\u0131ld\u0131. Say\u0131n Bakan\u0131m\u0131z hemen yan\u0131mda \u0130stanbul Borsas\u0131 Ba\u015fkan\u0131&#8217;n\u0131 aray\u0131p<br \/>\ng\u00f6r\u00fc\u015ft\u00fc, bir okulun yap\u0131m\u0131 i\u00e7in destek istedi. Di\u011fer 5 okul i\u00e7in de Milli E\u011fitim Bakanl\u0131\u011f\u0131&#8217;na \u00f6denek<br \/>\nay\u0131rarak yeni okullar\u0131m\u0131z\u0131 da hayata ge\u00e7irmi\u015f olaca\u011f\u0131z\u201d diye konu\u015ftu.<\/p>\n<p>LGS\u2019ye haz\u0131rlanan \u00f6\u011frencilere de 4 bin 500 adet haz\u0131rl\u0131k seti da\u011f\u0131t\u0131lacak<\/p>\n<p>E\u011fitime desteklerinin devam edece\u011fini kaydeden Ba\u015fkan G\u00fcltak, \u00f6n\u00fcm\u00fczdeki g\u00fcnlerde 8\u2019inci s\u0131n\u0131f<br \/>\n\u00f6\u011frencilerine; 10 g\u00fcn sonra da LGS&#8217;ye haz\u0131rl\u0131k noktas\u0131nda 4 bin 500 tane haz\u0131rl\u0131k seti<br \/>\nda\u011f\u0131tacaklar\u0131n\u0131 belirtti. Ba\u015fkan G\u00fcltak; \u201cOrta son \u00f6\u011frencilerimize de ders \u00e7al\u0131\u015facaklar\u0131, soru<br \/>\n\u00e7\u00f6zebilecekleri, i\u00e7inde bir\u00e7ok \u00e7al\u0131\u015fma imkan\u0131n\u0131n bulundu\u011fu setler de b\u00f6lgemizdeki t\u00fcm 8\u2019inci s\u0131n\u0131f<br \/>\n\u00f6\u011frencilerine da\u011f\u0131t\u0131lmak \u00fczere haz\u0131rlan\u0131yor. Onlar\u0131n da iyi bir lise kazanmalar\u0131 noktas\u0131nda bir<br \/>\nyerlere varmas\u0131n\u0131 istiyoruz\u201d ifadesini kulland\u0131.<\/p>\n<p>\u201cY\u0131lmaz G\u00fcney Park\u0131\u2019na olimpik havuz yap\u0131lacak\u201d<\/p>\n<p>S\u00f6zlerini; \u201cBelediyecilik sadece asfalt, kald\u0131r\u0131m, yol yapmak demek de\u011fildir\u201d diyerek s\u00fcrd\u00fcren<br \/>\nBa\u015fkan G\u00fcltak, \u015f\u00f6yle konu\u015ftu;\u201cB\u00f6lgemizde Y\u0131lmaz G\u00fcney Park\u0131&#8217;m\u0131z var. O park\u0131 \u015fu anda y\u0131k\u0131yoruz.<br \/>\nSpor Toto Te\u015fkilat\u0131\u2019na ve Spor Bakanl\u0131\u011f\u0131m\u0131za da ayr\u0131ca te\u015fekk\u00fcr ediyorum. \u0130n\u015fallah o park\u0131n i\u00e7ine<br \/>\nAkdeniz&#8217;in ilk fiziki yar\u0131 olimpik havuzunu yap\u0131yoruz. Art\u0131k anneler \u00e7ocuklar\u0131n\u0131 ba\u015fka yere<br \/>\ng\u00f6t\u00fcrmek zorunda de\u011filler. Bu kompleksin i\u00e7ine 3 katl\u0131 da bir gen\u00e7lik merkezi yap\u0131yoruz. Buras\u0131<br \/>\ngen\u00e7lerin derslerini \u00e7al\u0131\u015fabilecekleri, \u00e7ay kahve i\u00e7ebilecekleri, internet ve spor ortam\u0131n\u0131n<br \/>\nhaz\u0131rland\u0131\u011f\u0131 g\u00fczel bir et\u00fct merkezi haline gelecek. Ayr\u0131ca baz\u0131 spor faaliyetlerinin yap\u0131laca\u011f\u0131 bir<br \/>\ngen\u00e7lik merkezi haline geliyor. Tahmin ediyorum bu y\u0131l\u0131n sonuna bitecek. Akdeniz&#8217;e hay\u0131rl\u0131 u\u011furlu<br \/>\nolsun.\u201d<\/p>\n<p>Nusratiye park\u0131na et\u00fct merkezi<\/p>\n<p>\u201cNusratiye Mahallesi&#8217;nin i\u00e7inde bulunan bir park\u0131m\u0131zda da 50 ila 100 ki\u015finin \u00e7al\u0131\u015fabilece\u011fi, bir<br \/>\net\u00fct merkezi i\u00e7in de \u015fu an ekip arkada\u015flar\u0131m \u00e7al\u0131\u015f\u0131yorlar\u201d diyen Ba\u015fkan G\u00fcltak; \u201cBuras\u0131n\u0131 da yaz<br \/>\nsezonuna yeti\u015ftirmeyi planl\u0131yoruz. Et\u00fct merkezlerini \u00f6nemsiyorum. \u00c7\u00fcnk\u00fc \u00e7ocuklar kendi<br \/>\nevlerinde \u00e7al\u0131\u015facak ortamlar\u0131 bulamayabiliyorlar. Dolay\u0131s\u0131yla bu t\u00fcr et\u00fct merkezlerinde<br \/>\n\u00e7al\u0131\u015fabilecekler. Nusratiye&#8217;de b\u00f6yle bir a\u00e7\u0131l\u0131\u015f yapaca\u011f\u0131z\u201d dedi.<\/p>\n<p>Millet K\u0131raathanesi, e\u011fitim yuvas\u0131 olarak da hizmet verecek<\/p>\n<p>Ba\u015fkan G\u00fcltak; Millet K\u0131raathanesi hakk\u0131nda da bilgi vererek; \u201cBurada \u00e7al\u0131\u015fmalar sona erdi.<br \/>\nYakla\u015f\u0131k 36 \u00f6\u011frencimizin ayn\u0131 anda ders \u00e7al\u0131\u015fabilece\u011fi ortam sa\u011flad\u0131k. Bilgisayarlar\u0131, interneti,<br \/>\n\u00e7al\u0131\u015fma masalar\u0131 var. Ayr\u0131ca Millet K\u0131raathanesi oldu\u011fu i\u00e7in kad\u0131nlar\u0131m\u0131z\u0131n, beyefendilerin gelip<br \/>\nkahve i\u00e7ip sohbet edebilece\u011fi, dergilerini, gazetelerini okuyacaklar\u0131 bir yer. Buran\u0131n bir di\u011fer<br \/>\n\u00f6zelli\u011fi de Mersin&#8217;in en eski konaklar\u0131ndan birisi olmas\u0131d\u0131r. Dolay\u0131s\u0131yla Mersin&#8217;in en eski<br \/>\nkonaklar\u0131ndan birini de tekrardan hayata ge\u00e7irmi\u015f olduk\u201d dedi.<\/p>\n<p>\u201cG\u00f6kdelen 29\u2019uncu kat, 600 \u00f6\u011frencilik et\u00fct merkezi olacak\u201d<\/p>\n<p>Metropol G\u00f6kdelen binas\u0131n\u0131n 29\u2019uncu kat\u0131n\u0131 da bedelsiz kiralad\u0131klar\u0131n\u0131 dile getiren Ba\u015fkan G\u00fcltak,<br \/>\ns\u00f6zlerini \u015f\u00f6yle sonland\u0131rd\u0131; \u201cBuran\u0131n i\u00e7i ile ilgili t\u00fcm fiziki i\u015flemler bitti. \u015eu an sadece tefri\u015fat\u0131<br \/>\nkald\u0131. Peki, burada ne yapaca\u011f\u0131z? Yakla\u015f\u0131k 600 \u00f6\u011frencimizin ayn\u0131 anda ders alabilece\u011fi bir et\u00fct<br \/>\nmerkezini de \u015fehrin merkezinde kazand\u0131rma noktas\u0131nday\u0131z. Pandemi kurallar\u0131 esnedi\u011fi andan<br \/>\nitibaren, 600 \u00f6\u011frencinin ders alabilece\u011fi et\u00fct merkezini de haz\u0131rlam\u0131\u015f bulunuyoruz. Gen\u00e7ler<br \/>\n\u00f6nemlidir. Belki ortamlar\u0131nda bilgisayarlar\u0131, internetleri, tabletleri, telefonlar\u0131 yok. O zaman ne<br \/>\nyapaca\u011f\u0131z? Bu gen\u00e7lere ders \u00e7al\u0131\u015fabilecekleri ortamlar\u0131 yarataca\u011f\u0131z.\u201d<\/p>\n","protected":false},"excerpt":{"rendered":"<p>Akdeniz Belediyesi\u2019nin; \u00fcniversiteye haz\u0131rlanan lise mezunu ve son s\u0131n\u0131f \u00f6\u011frencileri i\u00e7in hayata katt\u0131\u011f\u0131 ve Mersin\u2019de bir ilk olan; \u201cAkdeniz Belediyesi E\u011fitim Akademisi Projesi\u201d, geni\u015f kat\u0131l\u0131ml\u0131 bir toplant\u0131 ile kamuoyuna tan\u0131t\u0131ld\u0131. &hellip; <a href=\"https:\/\/akdenizolaygazetesi.com\/?p=10785\" class=\"more-link\">Devam\u0131n\u0131 Oku&#8230;<\/a><\/p>\n","protected":false},"author":2,"featured_media":10787,"comment_status":"open","ping_status":"open","sticky":false,"template":"","format":"standard","meta":[],"categories":[34,1,2,3,5],"tags":[],"_links":{"self":[{"href":"https:\/\/akdenizolaygazetesi.com\/index.php?rest_route=\/wp\/v2\/posts\/10785"}],"collection":[{"href":"https:\/\/akdenizolaygazetesi.com\/index.php?rest_route=\/wp\/v2\/posts"}],"about":[{"href":"https:\/\/akdenizolaygazetesi.com\/index.php?rest_route=\/wp\/v2\/types\/post"}],"author":[{"embeddable":true,"href":"https:\/\/akdenizolaygazetesi.com\/index.php?rest_route=\/wp\/v2\/users\/2"}],"replies":[{"embeddable":true,"href":"https:\/\/akdenizolaygazetesi.com\/index.php?rest_route=%2Fwp%2Fv2%2Fcomments&post=10785"}],"version-history":[{"count":1,"href":"https:\/\/akdenizolaygazetesi.com\/index.php?rest_route=\/wp\/v2\/posts\/10785\/revisions"}],"predecessor-version":[{"id":10788,"href":"https:\/\/akdenizolaygazetesi.com\/index.php?rest_route=\/wp\/v2\/posts\/10785\/revisions\/10788"}],"wp:featuredmedia":[{"embeddable":true,"href":"https:\/\/akdenizolaygazetesi.com\/index.php?rest_route=\/wp\/v2\/media\/10787"}],"wp:attachment":[{"href":"https:\/\/akdenizolaygazetesi.com\/index.php?rest_route=%2Fwp%2Fv2%2Fmedia&parent=10785"}],"wp:term":[{"taxonomy":"category","embeddable":true,"href":"https:\/\/akdenizolaygazetesi.com\/index.php?rest_route=%2Fwp%2Fv2%2Fcategories&post=10785"},{"taxonomy":"post_tag","embeddable":true,"href":"https:\/\/akdenizolaygazetesi.com\/index.php?rest_route=%2Fwp%2Fv2%2Ftags&post=10785"}],"curies":[{"name":"wp","href":"https:\/\/api.w.org\/{rel}","templated":true}]}}