{"id":10792,"date":"2021-02-17T11:55:39","date_gmt":"2021-02-17T08:55:39","guid":{"rendered":"http:\/\/akdenizolaygazetesi.com\/?p=10792"},"modified":"2021-02-17T11:55:39","modified_gmt":"2021-02-17T08:55:39","slug":"denizin-dibinde-bisiklet-de-var-balikci-teknesi-de","status":"publish","type":"post","link":"https:\/\/akdenizolaygazetesi.com\/?p=10792","title":{"rendered":"DEN\u0130Z\u0130N D\u0130B\u0130NDE B\u0130S\u0130KLET DE VAR BALIK\u00c7I TEKNES\u0130 DE"},"content":{"rendered":"<p>B\u00fcy\u00fck\u015fehir Belediyesi \u00c7evre Koruma ve Kontrol Dairesi ile \u0130tfaiye Dairesi taraf\u0131ndan Erdemli Bal\u0131k\u00e7\u0131 Bar\u0131na\u011f\u0131\u2019nda iki haftad\u0131r s\u00fcrd\u00fcr\u00fclen \u201cDeniz Dibi Temizleme Faaliyeti\u201d tamamland\u0131. Aralar\u0131nda bal\u0131k\u00e7\u0131 teknesi, bisiklet, ara\u00e7 lasti\u011fi, plastik kasa, cam ve plastik \u015fi\u015fe ile po\u015fetin de yer ald\u0131\u011f\u0131 kara kaynakl\u0131 at\u0131klar\u0131n topland\u0131\u011f\u0131 etkinlikte, denizin dibinden toplam 25 metrek\u00fcp \u00e7\u00f6p \u00e7\u0131kar\u0131ld\u0131. At\u0131klar insan kaynakl\u0131 kirlili\u011fin somut bir \u015fekilde vatanda\u015flar taraf\u0131ndan g\u00f6r\u00fclmesi i\u00e7in bar\u0131nakta bir s\u00fcre sergilendi.<\/p>\n<p>Mersin B\u00fcy\u00fck\u015fehir Belediyesi ile Sahil G\u00fcvenlik Akdeniz B\u00f6lge Komutanl\u0131\u011f\u0131\u2019n\u0131n iki haftad\u0131r y\u00fcr\u00fctt\u00fc\u011f\u00fc \u201cDeniz Dibi Temizleme Faaliyeti\u201d tamamland\u0131. Kentin farkl\u0131 noktalar\u0131nda belirli zaman aral\u0131klar\u0131 ile ger\u00e7ekle\u015ftirilen etkinli\u011fin son rotas\u0131 Erdemli Bal\u0131k\u00e7\u0131 Bar\u0131na\u011f\u0131 oldu. Kentte insan ve kara kaynakl\u0131 deniz kirlili\u011fine fark\u0131ndal\u0131k olu\u015fturmak amac\u0131yla d\u00fczenlenen etkinlikte bal\u0131k adamlar 25 metrek\u00fcp at\u0131k \u00e7\u0131kard\u0131.<\/p>\n<p>Denizden \u00e7\u0131kan at\u0131klar aras\u0131nda bal\u0131k\u00e7\u0131 teknesi de vard\u0131 bisiklet de<\/p>\n<p>\u00c7evre Koruma ve Kontrol Dairesi Ba\u015fkanl\u0131\u011f\u0131 ile \u0130tfaiye Dairesi Ba\u015fkanl\u0131\u011f\u0131 ekiplerinin ger\u00e7ekle\u015ftirdi\u011fi dal\u0131\u015flarda \u00e7\u0131kar\u0131lan at\u0131klar ekipleri \u015fa\u015f\u0131rtt\u0131. Ara\u00e7 lasti\u011fi, plastik kasa, cam ve plastik \u015fi\u015fe, po\u015fet gibi at\u0131klar\u0131n eksik olmad\u0131\u011f\u0131 denizde bu kez bal\u0131k\u00e7\u0131 teknesi ve bisiklet de vard\u0131. Kullan\u0131m \u00f6mr\u00fcn\u00fc tamamlad\u0131\u011f\u0131 i\u00e7in denizde b\u0131rak\u0131lan bal\u0131k\u00e7\u0131 teknesi ve bisiklet zamanla dibe \u00e7\u00f6kerek at\u0131l bir at\u0131k vaziyetini ald\u0131. B\u00fcy\u00fck\u015fehir ekipleri hem deniz canl\u0131lar\u0131na hem de ekosisteme zarar veren bu at\u0131klar\u0131 \u00e7\u0131kararak, geri d\u00f6n\u00fc\u015f\u00fcme g\u00f6nderdi.<\/p>\n<p>\u00c7\u0131kan at\u0131klar bertaraf tesisine g\u00f6nderildi<\/p>\n<p>15 ki\u015filik ekibin 2 hafta s\u00fcren \u00e7al\u0131\u015fmalar\u0131n\u0131n sonunda denizden toplam 25 metrek\u00fcp at\u0131k \u00e7\u0131kar\u0131ld\u0131. Ekipler, \u00e7\u0131kar\u0131lan at\u0131klar\u0131 vatanda\u015flar\u0131n g\u00f6rmesi ve fark\u0131ndal\u0131k olu\u015fturulmas\u0131 amac\u0131yla bir s\u00fcre Erdemli Bal\u0131k\u00e7\u0131 Bar\u0131na\u011f\u0131\u2019nda sergiledi. At\u0131klar daha sonra B\u00fcy\u00fck\u015fehir Belediyesi\u2019ne ait entegre d\u00fczenli depolama tesisinde bertaraf edilmek \u00fczere yola \u00e7\u0131kt\u0131. Geri d\u00f6n\u00fc\u015ft\u00fcr\u00fclebilir at\u0131klar da ayn\u0131 bertaraf tesisinde i\u015flemden ge\u00e7irilerek geri d\u00f6n\u00fc\u015f\u00fcme kazand\u0131r\u0131lacak.<\/p>\n","protected":false},"excerpt":{"rendered":"<p>B\u00fcy\u00fck\u015fehir Belediyesi \u00c7evre Koruma ve Kontrol Dairesi ile \u0130tfaiye Dairesi taraf\u0131ndan Erdemli Bal\u0131k\u00e7\u0131 Bar\u0131na\u011f\u0131\u2019nda iki haftad\u0131r s\u00fcrd\u00fcr\u00fclen \u201cDeniz Dibi Temizleme Faaliyeti\u201d tamamland\u0131. Aralar\u0131nda bal\u0131k\u00e7\u0131 teknesi, bisiklet, ara\u00e7 lasti\u011fi, plastik kasa, &hellip; <a href=\"https:\/\/akdenizolaygazetesi.com\/?p=10792\" class=\"more-link\">Devam\u0131n\u0131 Oku&#8230;<\/a><\/p>\n","protected":false},"author":2,"featured_media":10793,"comment_status":"open","ping_status":"open","sticky":false,"template":"","format":"standard","meta":[],"categories":[34,1,2,3,5],"tags":[],"_links":{"self":[{"href":"https:\/\/akdenizolaygazetesi.com\/index.php?rest_route=\/wp\/v2\/posts\/10792"}],"collection":[{"href":"https:\/\/akdenizolaygazetesi.com\/index.php?rest_route=\/wp\/v2\/posts"}],"about":[{"href":"https:\/\/akdenizolaygazetesi.com\/index.php?rest_route=\/wp\/v2\/types\/post"}],"author":[{"embeddable":true,"href":"https:\/\/akdenizolaygazetesi.com\/index.php?rest_route=\/wp\/v2\/users\/2"}],"replies":[{"embeddable":true,"href":"https:\/\/akdenizolaygazetesi.com\/index.php?rest_route=%2Fwp%2Fv2%2Fcomments&post=10792"}],"version-history":[{"count":1,"href":"https:\/\/akdenizolaygazetesi.com\/index.php?rest_route=\/wp\/v2\/posts\/10792\/revisions"}],"predecessor-version":[{"id":10794,"href":"https:\/\/akdenizolaygazetesi.com\/index.php?rest_route=\/wp\/v2\/posts\/10792\/revisions\/10794"}],"wp:featuredmedia":[{"embeddable":true,"href":"https:\/\/akdenizolaygazetesi.com\/index.php?rest_route=\/wp\/v2\/media\/10793"}],"wp:attachment":[{"href":"https:\/\/akdenizolaygazetesi.com\/index.php?rest_route=%2Fwp%2Fv2%2Fmedia&parent=10792"}],"wp:term":[{"taxonomy":"category","embeddable":true,"href":"https:\/\/akdenizolaygazetesi.com\/index.php?rest_route=%2Fwp%2Fv2%2Fcategories&post=10792"},{"taxonomy":"post_tag","embeddable":true,"href":"https:\/\/akdenizolaygazetesi.com\/index.php?rest_route=%2Fwp%2Fv2%2Ftags&post=10792"}],"curies":[{"name":"wp","href":"https:\/\/api.w.org\/{rel}","templated":true}]}}