{"id":10798,"date":"2021-02-17T12:01:55","date_gmt":"2021-02-17T09:01:55","guid":{"rendered":"http:\/\/akdenizolaygazetesi.com\/?p=10798"},"modified":"2021-02-17T12:01:55","modified_gmt":"2021-02-17T09:01:55","slug":"buyuksehir-mersinin-hatiralarini-yasatiyor","status":"publish","type":"post","link":"https:\/\/akdenizolaygazetesi.com\/?p=10798","title":{"rendered":"B\u00dcY\u00dcK\u015eEH\u0130R, MERS\u0130N\u2019\u0130N HATIRALARINI YA\u015eATIYOR"},"content":{"rendered":"<p>B\u00fcy\u00fck\u015fehir Belediyesi, kente de\u011fer katan tarihi haf\u0131zalar\u0131 dinliyor, Mersin\u2019in eski hat\u0131ralar\u0131n\u0131 onlar\u0131n dilinden gelece\u011fe ta\u015f\u0131yor. 90 ya\u015f\u0131ndaki emekli \u00f6\u011fretmen Meral Ak\u0131nc\u0131 Er, B\u00fcy\u00fck\u015fehir Belediyesi K\u00fclt\u00fcr ve Sosyal \u0130\u015fler Dairesi\u2019nin s\u00f6zl\u00fc tarih \u00e7al\u0131\u015fmas\u0131 kapsam\u0131nda Mersin\u2019in eski kent ya\u015fam\u0131na tan\u0131kl\u0131k etti\u011fi hat\u0131ralar\u0131 anlatt\u0131.<\/p>\n<p>Mersin\u2019in eski kent ya\u015fam\u0131 hakk\u0131nda bilgiler sunan Ak\u0131nc\u0131 Er, s\u00f6zl\u00fc tarih \u00e7al\u0131\u015fmas\u0131n\u0131n \u00e7ok faydal\u0131 oldu\u011funu ifade ederek, \u201cBen \u00e7ok b\u00fcy\u00fck zevk duydum. \u00c7\u00fcnk\u00fc ge\u00e7mi\u015fi olmayan bir milletin gelece\u011fi olmaz. Ge\u00e7mi\u015fe de\u011fer vermek laz\u0131m. Ge\u00e7mi\u015fin bilgilerinden, tecr\u00fcbelerinden istifade etmek laz\u0131m\u201d dedi.<\/p>\n<p>B\u00fcy\u00fck\u015fehir Belediyesi, Mersin\u2019in hat\u0131ralar\u0131n\u0131 ya\u015fatmak i\u00e7in kentin de\u011ferlerini dinliyor. Mersin B\u00fcy\u00fck\u015fehir Belediyesi K\u00fclt\u00fcr ve Sosyal \u0130\u015fler Dairesi Ba\u015fkanl\u0131\u011f\u0131 taraf\u0131ndan kente de\u011fer katanlar\u0131n dinlendi\u011fi s\u00f6zl\u00fc tarih \u00e7al\u0131\u015fmalar\u0131 ba\u015flad\u0131.<\/p>\n<p>Mersin\u2019de ya\u015fayan ve Kuvay\u0131milliye komutanlar\u0131ndan Hasan Ak\u0131nc\u0131\u2019n\u0131n k\u0131z\u0131 Meral Ak\u0131nc\u0131 Er\u2019e misafir olan B\u00fcy\u00fck\u015fehir ekipleri, Mersin\u2019in eski kent ya\u015fam\u0131na dair hat\u0131ralar\u0131 kayda ald\u0131. 28 sene \u00f6\u011fretmenlik yapan 90 ya\u015f\u0131ndaki Ak\u0131nc\u0131 Er, bu kez de Mersin\u2019in sokaklar\u0131nda, bayramlar\u0131nda, h\u00fczn\u00fcnde ve co\u015fkusunda tan\u0131kl\u0131k etti\u011fi hat\u0131ralar\u0131 payla\u015ft\u0131. <\/p>\n<p>Ak\u0131nc\u0131 Er: \u201cMersin\u2019i \u00e7ok seviyorum\u201d<\/p>\n<p>1930 do\u011fumlu emekli \u00f6\u011fretmen Meral Ak\u0131nc\u0131 Er, uzun s\u00fcre Tarsus\u2019ta \u00f6\u011fretmenlik yapt\u0131ktan sonra Mersin\u2019e geldi\u011fini belirtti. Er, \u201cMersin\u2019i \u00e7ok seviyorum. Her yerden daha iyi, daha g\u00fczel olmas\u0131n\u0131 istiyorum. Benim istedi\u011fim insanlar\u0131n biraz kadir\u015finas olmas\u0131d\u0131r. Ya\u015fl\u0131lara, g\u00f6rm\u00fc\u015f ge\u00e7irmi\u015f olan ki\u015filere, onlar\u0131n bilgilerine biraz daha \u00f6nem verilmesini isterim. Onlar\u0131n deneyimlerinden, bilgilerinden istifade edilerek gen\u00e7 bilgilerle birle\u015ferek daha g\u00fczel \u015feylerin ortaya \u00e7\u0131kaca\u011f\u0131na inan\u0131yorum\u201d dedi.<\/p>\n<p>\u201cT\u00fcrkiye\u2019nin en g\u00fczel tiyatro eserleri Mersin\u2019de oynan\u0131rd\u0131\u201d<\/p>\n<p>Hat\u0131ralar\u0131 anlat\u0131rken \u201cMersin \u00e7ok g\u00fczeldi\u201d betimlemesinde bulunan ve eski Mersin\u2019i anlatan Ak\u0131nc\u0131 Er, \u015funlar\u0131 s\u00f6yledi:<\/p>\n<p>\u201cAkkahve vard\u0131 ve orada \u00e7ok g\u00fczel bir park\u0131m\u0131z vard\u0131. T\u00fcrkiye\u2019nin en g\u00fczel tiyatro eserleri Mersin\u2019de oynan\u0131rd\u0131. Mersin halk\u0131 \u00e7ok bilgili insanlard\u0131. Gelen sanatk\u00e2ra gerekli de\u011feri verirlerdi. Sokakta saat ka\u00e7 olursa olsun rahatl\u0131kla y\u00fcr\u00fcyebilirdi gen\u00e7 k\u0131zlar. Han\u0131mlar, yabanc\u0131 han\u0131mlar bisikletleri ile al\u0131\u015fveri\u015f yaparlard\u0131. Hatta biz bisikletle gidi\u015f-geli\u015f yapard\u0131k. Denize 84 evlerden girerdik. \u00d6n\u00fcm\u00fczdeki o binalar, o yollar yoktu. Plaj vard\u0131. Orada \u00e7ocuklar\u0131m\u0131z\u0131 rahatl\u0131kla denize sokabiliyorduk. Ba\u015fka yere denize gitmeye gerek yoktu. Mersin halk\u0131 da deniz i\u00e7in uzak yerlere gitmezdi. \u00c7\u00fcnk\u00fc Mersin kafi miktarda temiz plajlara sahipti.\u201d<\/p>\n<p>\u201cMersin\u2019de ya\u015famak g\u00fczeldi\u201d<\/p>\n<p>Eskiden Mersin\u2019de pazar g\u00fcnleri \u00e7ocuklar\u0131 etkinliklerin yap\u0131ld\u0131\u011f\u0131 T\u00fcccar Kul\u00fcb\u00fc\u2019ne g\u00f6t\u00fcrd\u00fcklerini s\u00f6yleyen Ak\u0131nc\u0131 Er, \u201cB\u00fcy\u00fckler oraya yemek yemeye giderdi. Cumhuriyet Bayram\u0131 etkinlikleri hi\u00e7bir zaman eksik olmazd\u0131. \u00d6zel k\u0131yafetler dikilirdi. Tuvaletler dikilirdi. \u00c7ok g\u00fczel kutlan\u0131rd\u0131. \u00c7ok disiplinli bir yerdi. Mersin hakikaten \u00e7ok g\u00fczel g\u00fcnlere \u015fahit olmu\u015f bir \u015fehirdir. Mersin\u2019de ya\u015famak g\u00fczeldi\u201d dedi.<\/p>\n<p>\u201cMersin mis gibi limon kolonyas\u0131 kokard\u0131\u201d<\/p>\n<p>Mersin\u2019in eski do\u011fall\u0131\u011f\u0131n\u0131 kaybetti\u011fini de s\u00f6zlerine ekleyen Ak\u0131nc\u0131 Er, \u201cBenim gen\u00e7lere s\u00f6yleyece\u011fim \u015fu; betonla\u015fmadan ziyade biraz do\u011falla\u015fmaya \u00f6nem vermeleri. Bah\u00e7eler, \u00e7i\u00e7ekler, a\u011fa\u00e7lar b\u00fct\u00fcn hayatt\u0131r. A\u011fa\u00e7lar kesildi. Mersin\u2019deki o g\u00fczel mis kokular, kolonya kokular\u0131, balkona \u00e7\u0131kard\u0131k mis gibi limon kolonyas\u0131 kokard\u0131. \u00c7i\u00e7ekler a\u00e7ard\u0131, i\u00e7imiz a\u00e7\u0131l\u0131rd\u0131. \u015eimdi balkona \u00e7\u0131k\u0131yoruz, sadece binalar\u0131n damlar\u0131n\u0131n \u00fczerindeki g\u00fcne\u015f enerjilerini g\u00f6r\u00fcyoruz. Benim pencereden bak\u0131nca g\u00f6rd\u00fc\u011f\u00fcm \u015fey bu\u201d diye konu\u015ftu.<\/p>\n<p>\u201cGe\u00e7mi\u015fin bilgilerinden, tecr\u00fcbelerinden istifade etmek laz\u0131m\u201d<\/p>\n<p>Ak\u0131nc\u0131 Er, B\u00fcy\u00fck\u015fehir Belediyesi\u2019nin y\u00fcr\u00fctt\u00fc\u011f\u00fc s\u00f6zl\u00fc tarih \u00e7al\u0131\u015fmas\u0131n\u0131 da de\u011ferlendirirken \u015fu ifadeleri kulland\u0131:<\/p>\n<p>\u201cBu \u00e7ok g\u00fczel bir \u00e7al\u0131\u015fma olmu\u015f. Ben \u00e7ok b\u00fcy\u00fck zevk duydum. \u00c7\u00fcnk\u00fc ge\u00e7mi\u015fi olmayan bir milletin gelece\u011fi olmaz. Ge\u00e7mi\u015fe de\u011fer vermek laz\u0131m. Ge\u00e7mi\u015fin bilgilerinden, tecr\u00fcbelerinden istifade etmek laz\u0131m. Benim son olarak tavsiye edece\u011fim \u015funlar; betonla\u015fmadan uzakla\u015fmak, bir de daha kadir\u015finas olmak. Vatan\u0131 i\u00e7in faydal\u0131 i\u015fler yapm\u0131\u015f olan, can\u0131n\u0131 di\u015fine takm\u0131\u015f olan, \u015fimdi veya sonras\u0131 i\u00e7in ki\u015filerin az\u0131c\u0131k daha kadrini bilmek, onlara biraz daha h\u00fcrmet g\u00f6stermek. Ben bunu isterim, bunu dilerim.\u201d<\/p>\n<p>\u201cKentleri ya\u015fatan de\u011ferleridir\u201d<\/p>\n<p>Mersin\u2019in eski hat\u0131ralar\u0131n\u0131 ya\u015fatmak i\u00e7in bu \u00e7al\u0131\u015fmay\u0131 ba\u015flatt\u0131klar\u0131n\u0131 s\u00f6yleyen B\u00fcy\u00fck\u015fehir Belediyesi K\u00fclt\u00fcr ve Sosyal \u0130\u015fler Dairesi Ba\u015fkanl\u0131\u011f\u0131\u2019nda g\u00f6revli Ayg\u00fcl Sun, \u201cMersin\u2019e hayat veren, bir \u00f6mr\u00fc Mersin\u2019in s\u0131cak yaz\u0131nda, k\u0131\u015f\u0131nda yani \u00f6mr\u00fcyle Mersin\u2019e e\u015flik eden de\u011ferlerimizin engin bilgi ve tecr\u00fcbelerini s\u00f6ze d\u00f6kerek \u00f6l\u00fcms\u00fczle\u015ftiriyoruz. \u00c7ok iyi biliyoruz ki kentleri ya\u015fatan de\u011ferleridir. Bu bilin\u00e7le ba\u015flatt\u0131\u011f\u0131m\u0131z \u00e7al\u0131\u015fma kapsam\u0131nda Meral Han\u0131m\u2019\u0131n misafiri olduk. Kendisi Mersinimiz\u2019in de\u011ferli haf\u0131zalar\u0131ndand\u0131r. Bize Mersin kent hayat\u0131ndan bilgiler verdi\u201d dedi.<\/p>\n","protected":false},"excerpt":{"rendered":"<p>B\u00fcy\u00fck\u015fehir Belediyesi, kente de\u011fer katan tarihi haf\u0131zalar\u0131 dinliyor, Mersin\u2019in eski hat\u0131ralar\u0131n\u0131 onlar\u0131n dilinden gelece\u011fe ta\u015f\u0131yor. 90 ya\u015f\u0131ndaki emekli \u00f6\u011fretmen Meral Ak\u0131nc\u0131 Er, B\u00fcy\u00fck\u015fehir Belediyesi K\u00fclt\u00fcr ve Sosyal \u0130\u015fler Dairesi\u2019nin s\u00f6zl\u00fc &hellip; <a href=\"https:\/\/akdenizolaygazetesi.com\/?p=10798\" class=\"more-link\">Devam\u0131n\u0131 Oku&#8230;<\/a><\/p>\n","protected":false},"author":2,"featured_media":10799,"comment_status":"open","ping_status":"open","sticky":false,"template":"","format":"standard","meta":[],"categories":[34,1,2,3,5],"tags":[],"_links":{"self":[{"href":"https:\/\/akdenizolaygazetesi.com\/index.php?rest_route=\/wp\/v2\/posts\/10798"}],"collection":[{"href":"https:\/\/akdenizolaygazetesi.com\/index.php?rest_route=\/wp\/v2\/posts"}],"about":[{"href":"https:\/\/akdenizolaygazetesi.com\/index.php?rest_route=\/wp\/v2\/types\/post"}],"author":[{"embeddable":true,"href":"https:\/\/akdenizolaygazetesi.com\/index.php?rest_route=\/wp\/v2\/users\/2"}],"replies":[{"embeddable":true,"href":"https:\/\/akdenizolaygazetesi.com\/index.php?rest_route=%2Fwp%2Fv2%2Fcomments&post=10798"}],"version-history":[{"count":1,"href":"https:\/\/akdenizolaygazetesi.com\/index.php?rest_route=\/wp\/v2\/posts\/10798\/revisions"}],"predecessor-version":[{"id":10800,"href":"https:\/\/akdenizolaygazetesi.com\/index.php?rest_route=\/wp\/v2\/posts\/10798\/revisions\/10800"}],"wp:featuredmedia":[{"embeddable":true,"href":"https:\/\/akdenizolaygazetesi.com\/index.php?rest_route=\/wp\/v2\/media\/10799"}],"wp:attachment":[{"href":"https:\/\/akdenizolaygazetesi.com\/index.php?rest_route=%2Fwp%2Fv2%2Fmedia&parent=10798"}],"wp:term":[{"taxonomy":"category","embeddable":true,"href":"https:\/\/akdenizolaygazetesi.com\/index.php?rest_route=%2Fwp%2Fv2%2Fcategories&post=10798"},{"taxonomy":"post_tag","embeddable":true,"href":"https:\/\/akdenizolaygazetesi.com\/index.php?rest_route=%2Fwp%2Fv2%2Ftags&post=10798"}],"curies":[{"name":"wp","href":"https:\/\/api.w.org\/{rel}","templated":true}]}}